{"id":7564,"date":"2026-03-05T09:19:23","date_gmt":"2026-03-05T12:19:23","guid":{"rendered":"https:\/\/www.ufsm.br\/unidades-universitarias\/cachoeira-do-sul\/?p=7564"},"modified":"2026-03-05T09:19:26","modified_gmt":"2026-03-05T12:19:26","slug":"professor-da-ufsm-cachoeira-do-sul-ministrara-seminario-em-doutorado-da-universidade-de-buenos-aires","status":"publish","type":"post","link":"https:\/\/www.ufsm.br\/unidades-universitarias\/cachoeira-do-sul\/2026\/03\/05\/professor-da-ufsm-cachoeira-do-sul-ministrara-seminario-em-doutorado-da-universidade-de-buenos-aires","title":{"rendered":"Professor da UFSM-Cachoeira do Sul ministrar\u00e1 semin\u00e1rio em doutorado da Universidade de Buenos Aires"},"content":{"rendered":"\n<p data-start=\"205\" data-end=\"519\">O professor <strong data-start=\"217\" data-end=\"243\">Ricardo de Souza Rocha<\/strong>, do curso de Arquitetura e Urbanismo da <span class=\"hover:entity-accent entity-underline inline cursor-pointer align-baseline\"><span class=\"whitespace-normal\">Universidade Federal de Santa Maria<\/span><\/span> (UFSM) \u2013 campus Cachoeira do Sul, foi convidado para ministrar um semin\u00e1rio no Programa de Doutorado da <span class=\"hover:entity-accent entity-underline inline cursor-pointer align-baseline\"><span class=\"whitespace-normal\">Facultad de Arquitectura, Dise\u00f1o y Urbanismo da Universidad de Buenos Aires<\/span><\/span> (FADU), da <span class=\"hover:entity-accent entity-underline inline cursor-pointer align-baseline\"><span class=\"whitespace-normal\">Universidad de Buenos Aires<\/span><\/span> (UBA).<\/p>\n<p data-start=\"521\" data-end=\"921\">O semin\u00e1rio, intitulado <strong data-start=\"545\" data-end=\"607\">\u201cHistoriograf\u00eda contempor\u00e1nea: nuevos objetos y abordajes\u201d<\/strong>, integra a programa\u00e7\u00e3o oficial de semin\u00e1rios do doutorado da FADU para 2026. A atividade ter\u00e1 <strong data-start=\"702\" data-end=\"731\">carga hor\u00e1ria de 16 horas<\/strong>, com in\u00edcio em <strong data-start=\"747\" data-end=\"760\">4 de maio<\/strong>, e ser\u00e1 realizada de forma virtual, em quatro encontros nos dias <strong data-start=\"826\" data-end=\"862\">4, 11 e 18 de maio e 1\u00ba de junho<\/strong>, das <strong data-start=\"868\" data-end=\"882\">18h \u00e0s 22h<\/strong>.<\/p>\n<p data-start=\"923\" data-end=\"1197\">A participa\u00e7\u00e3o do docente ocorre no contexto de uma agenda acad\u00eamica na Argentina que tamb\u00e9m incluiu atividades nas p\u00f3s-gradua\u00e7\u00f5es da <span class=\"hover:entity-accent entity-underline inline cursor-pointer align-baseline\"><span class=\"whitespace-normal\">Universidad Nacional de Rosario<\/span><\/span> e da <span class=\"hover:entity-accent entity-underline inline cursor-pointer align-baseline\"><span class=\"whitespace-normal\">Universidad Nacional del Litoral<\/span><\/span>, em Santa F\u00e9, onde o professor ministrou aulas e palestras.<\/p>\n<p data-start=\"1199\" data-end=\"1432\">As atividades contribuem para <strong data-start=\"1229\" data-end=\"1314\">fortalecer e ampliar os la\u00e7os internacionais da UFSM com universidades argentinas<\/strong>, promovendo interc\u00e2mbio acad\u00eamico e novas possibilidades de coopera\u00e7\u00e3o cient\u00edfica na \u00e1rea de Arquitetura e Urbanismo.<\/p>\n<p data-start=\"1434\" data-end=\"1560\">Mais informa\u00e7\u00f5es sobre a programa\u00e7\u00e3o dos semin\u00e1rios podem ser consultadas no link abaixo.<br \/><a href=\"https:\/\/www.fadu.uba.ar\/wp-content\/uploads\/2026\/02\/Seminarios-Doctorado-FADU-2026.pdf\">https:\/\/www.fadu.uba.ar\/wp-content\/uploads\/2026\/02\/Seminarios-Doctorado-FADU-2026.pdf<\/a><\/p>\n\n\n\n\n","protected":false},"excerpt":{"rendered":"<p>O professor Ricardo de Souza Rocha, do curso de Arquitetura e Urbanismo da Universidade Federal de Santa Maria (UFSM) \u2013 campus Cachoeira do Sul, foi convidado para ministrar um semin\u00e1rio no Programa de Doutorado da Facultad de Arquitectura, Dise\u00f1o y Urbanismo da Universidad de Buenos Aires (FADU), da Universidad de Buenos Aires (UBA). O semin\u00e1rio, [&hellip;]<\/p>\n","protected":false},"author":8249,"featured_media":0,"comment_status":"closed","ping_status":"closed","sticky":false,"template":"","format":"standard","meta":{"footnotes":""},"categories":[1],"tags":[],"class_list":["post-7564","post","type-post","status-publish","format-standard","hentry","category-noticias"],"acf":[],"_links":{"self":[{"href":"https:\/\/www.ufsm.br\/unidades-universitarias\/cachoeira-do-sul\/wp-json\/wp\/v2\/posts\/7564","targetHints":{"allow":["GET"]}}],"collection":[{"href":"https:\/\/www.ufsm.br\/unidades-universitarias\/cachoeira-do-sul\/wp-json\/wp\/v2\/posts"}],"about":[{"href":"https:\/\/www.ufsm.br\/unidades-universitarias\/cachoeira-do-sul\/wp-json\/wp\/v2\/types\/post"}],"author":[{"embeddable":true,"href":"https:\/\/www.ufsm.br\/unidades-universitarias\/cachoeira-do-sul\/wp-json\/wp\/v2\/users\/8249"}],"replies":[{"embeddable":true,"href":"https:\/\/www.ufsm.br\/unidades-universitarias\/cachoeira-do-sul\/wp-json\/wp\/v2\/comments?post=7564"}],"version-history":[{"count":0,"href":"https:\/\/www.ufsm.br\/unidades-universitarias\/cachoeira-do-sul\/wp-json\/wp\/v2\/posts\/7564\/revisions"}],"wp:attachment":[{"href":"https:\/\/www.ufsm.br\/unidades-universitarias\/cachoeira-do-sul\/wp-json\/wp\/v2\/media?parent=7564"}],"wp:term":[{"taxonomy":"category","embeddable":true,"href":"https:\/\/www.ufsm.br\/unidades-universitarias\/cachoeira-do-sul\/wp-json\/wp\/v2\/categories?post=7564"},{"taxonomy":"post_tag","embeddable":true,"href":"https:\/\/www.ufsm.br\/unidades-universitarias\/cachoeira-do-sul\/wp-json\/wp\/v2\/tags?post=7564"}],"curies":[{"name":"wp","href":"https:\/\/api.w.org\/{rel}","templated":true}]}}