{"id":767,"date":"2017-07-13T13:20:37","date_gmt":"2017-07-13T16:20:37","guid":{"rendered":"https:\/\/www.ufsm.br\/unidades-universitarias\/cachoeira-do-sul\/2017\/07\/13\/disciplina-de-metodologia-de-projeto-de-produto-apresenta-prototipos-desenvolvidos-pelos-alunos\/"},"modified":"2017-07-13T13:20:37","modified_gmt":"2017-07-13T16:20:37","slug":"disciplina-de-metodologia-de-projeto-de-produto-apresenta-prototipos-desenvolvidos-pelos-alunos","status":"publish","type":"post","link":"https:\/\/www.ufsm.br\/unidades-universitarias\/cachoeira-do-sul\/2017\/07\/13\/disciplina-de-metodologia-de-projeto-de-produto-apresenta-prototipos-desenvolvidos-pelos-alunos","title":{"rendered":"Disciplina de &#8220;Metodologia de Projeto de Produto&#8221; apresenta prot\u00f3tipos desenvolvidos pelos alunos"},"content":{"rendered":"<p style=\"text-align: center;\" align=\"center\"><span style=\"font-size: 12pt; font-family: arial,helvetica,sans-serif;\"><strong>Os projetos e apresenta\u00e7\u00f5es foram realizados por alunos dos cursos das Engenharias Mec\u00e2nica, Engenharia Agr\u00edcola e Engenharia de Transporte e Log\u00edstica.<\/strong><\/span><\/p>\n<p style=\"text-align: justify;\"><span style=\"font-family: arial,helvetica,sans-serif; font-size: 12pt;\">Nos dias 05 e 07 de julho de 2017, no pr\u00e9dio 3 do Campus Cachoeira do Sul (instala\u00e7\u00f5es provis\u00f3rias localizadas no pr\u00e9dio de ensino da UERGS) foram realizadas as apresenta\u00e7\u00f5es dos prot\u00f3tipos dos projetos desenvolvidos na disciplina de Metodologia de Projeto de Produto ministrada pelo Professor C\u00e9sar Gabriel dos Santos.<\/span><\/p>\n<p style=\"text-align: justify;\"><span style=\"font-family: arial,helvetica,sans-serif; font-size: 12pt;\">As Metodologias de Projetos auxiliam na resolu\u00e7\u00e3o de problemas &#8211; de engenharia, f\u00edsica, matem\u00e1tica, qu\u00edmica dentre outras \u00e1reas &#8211; por meio da aplica\u00e7\u00e3o sistematizada de t\u00e9cnicas e ferramentas de apoio e do trabalho em equipe (na ind\u00fastria existe o foco em trabalho com equipes multidisciplinares), buscando atendar as necessidades da sociedade ou para o desenvolvimento de produtos inovador e\/ou sustent\u00e1veis.<\/span><\/p>\n<p style=\"text-align: justify;\"><span style=\"font-family: arial,helvetica,sans-serif; font-size: 12pt;\">Os alunos constitu\u00edram equipes para este projeto e foram desafiados a identificar um problema t\u00e9cnico e\/ou uma oportunidade de produto inovador, sendo que ao longo do semestre aprenderam e aplicaram uma Metodologia de Projeto e com os conhecimentos j\u00e1 estabelecidos nas disciplinas de Desenho, Materiais de Constru\u00e7\u00e3o Mec\u00e2nica, Metodologia Cient\u00edfica e Introdu\u00e7\u00e3o a Engenharia puderam realizar o desenvolvimento de uma concep\u00e7\u00e3o que atendesse aos requisitos dos clientes identificados.<\/span><\/p>\n<p style=\"text-align: justify;\"><span style=\"font-family: arial,helvetica,sans-serif; font-size: 12pt;\">O objetivo desta atividade \u00e9 incentivar e provocar os alunos para o trabalho em equipes multidisciplinares, planejamento de atividades, solu\u00e7\u00e3o de conflitos, capacidade de negocia\u00e7\u00e3o, elabora\u00e7\u00e3o de or\u00e7amentos, sele\u00e7\u00e3o de materiais e principalmente estimular os alunos para a tomada de decis\u00e3o, hoje um dos principais perfis identificados por setores de recursos humanos: a capacidade de tomada de decis\u00f5es e o potencial de lideran\u00e7a dos engenheiros rec\u00e9m formados. Os alunos tamb\u00e9m foram desafiados a construir um prot\u00f3tipo do projeto utilizando materiais ecol\u00f3gicos e de baixo custo. <\/span><\/p>\n<p style=\"text-align: justify;\"><span style=\"font-family: arial,helvetica,sans-serif; font-size: 12pt;\">A avalia\u00e7\u00e3o dos relat\u00f3rios dos projetos contou com a participa\u00e7\u00e3o dos Professores Eduardo Leonel Bottega e Juan Galvarino Cerda Balcazar.<\/span><\/p>\n<p style=\"text-align: center;\">&nbsp;<\/p>\n<p style=\"margin-bottom: 0.0001pt; line-height: normal; text-align: center;\"><span style=\"font-size: 12pt; font-family: arial,helvetica,sans-serif;\"><strong>Grupo 1: PROJETO DE SEM\u00c1FORO M\u00d3VEL<\/strong><\/span><\/p>\n<p style=\"margin-bottom: 0.0001pt; line-height: normal; text-align: center;\"><span style=\"font-family: arial,helvetica,sans-serif; font-size: 12pt;\">Equipe de Projeto: Marceli Adriane Schvartz e Samla Monique Zabolostky Cury<\/span><\/p>\n<p style=\"margin-bottom: 0.0001pt; line-height: normal; text-align: center;\"><span style=\"font-family: arial,helvetica,sans-serif; font-size: 12pt;\"><img fetchpriority=\"high\" decoding=\"async\" class=\" size-full wp-image-760\" src=\"https:\/\/www.ufsm.br\/unidades-universitarias\/cachoeira-do-sul\/wp-content\/uploads\/sites\/376\/2017\/07\/G01_Marceli_e_Monique.jpeg\" alt=\"G01 Marceli e Monique\" width=\"800\" height=\"600\" srcset=\"https:\/\/www.ufsm.br\/app\/uploads\/sites\/376\/2017\/07\/G01_Marceli_e_Monique.jpeg 1280w, https:\/\/www.ufsm.br\/app\/uploads\/sites\/376\/2017\/07\/G01_Marceli_e_Monique-300x225.jpeg 300w, https:\/\/www.ufsm.br\/app\/uploads\/sites\/376\/2017\/07\/G01_Marceli_e_Monique-768x576.jpeg 768w, https:\/\/www.ufsm.br\/app\/uploads\/sites\/376\/2017\/07\/G01_Marceli_e_Monique-1024x768.jpeg 1024w\" sizes=\"(max-width: 800px) 100vw, 800px\" \/><\/span><\/p>\n<p style=\"margin-bottom: 0.0001pt; line-height: normal; text-align: center;\">&nbsp;<\/p>\n<p style=\"margin-bottom: 0.0001pt; line-height: normal; text-align: center;\">&nbsp;<\/p>\n<p style=\"margin-bottom: 0.0001pt; line-height: normal; text-align: center;\"><span style=\"font-size: 12pt; font-family: arial,helvetica,sans-serif;\"><strong>Grupo 2: PROJETO DE BANCA DID\u00c1TICA PARA TESTES DE VIBRA\u00c7\u00d5ES MEC\u00c2NICAS<\/strong><\/span><\/p>\n<p style=\"margin-bottom: 0.0001pt; line-height: normal; text-align: center;\"><span style=\"font-family: arial,helvetica,sans-serif; font-size: 12pt;\">Equipe de Projeto: Eduardo Rorato Guarienti e Cicliadson Marcelo de Araujo Dami\u00e3o<\/span><\/p>\n<p style=\"margin-bottom: 0.0001pt; line-height: normal; text-align: center;\"><span style=\"font-family: arial,helvetica,sans-serif; font-size: 12pt;\"><img decoding=\"async\" class=\" size-full wp-image-761\" src=\"https:\/\/www.ufsm.br\/unidades-universitarias\/cachoeira-do-sul\/wp-content\/uploads\/sites\/376\/2017\/07\/G02_Eduardo_e_Marcelo.jpeg\" alt=\"G02 Eduardo e Marcelo\" width=\"800\" height=\"600\" srcset=\"https:\/\/www.ufsm.br\/app\/uploads\/sites\/376\/2017\/07\/G02_Eduardo_e_Marcelo.jpeg 1280w, https:\/\/www.ufsm.br\/app\/uploads\/sites\/376\/2017\/07\/G02_Eduardo_e_Marcelo-300x225.jpeg 300w, https:\/\/www.ufsm.br\/app\/uploads\/sites\/376\/2017\/07\/G02_Eduardo_e_Marcelo-768x576.jpeg 768w, https:\/\/www.ufsm.br\/app\/uploads\/sites\/376\/2017\/07\/G02_Eduardo_e_Marcelo-1024x768.jpeg 1024w\" sizes=\"(max-width: 800px) 100vw, 800px\" \/><\/span><\/p>\n<p style=\"margin-bottom: 0.0001pt; line-height: normal; text-align: center;\">&nbsp;<\/p>\n<p style=\"margin-bottom: 0.0001pt; line-height: normal; text-align: center;\"><span style=\"font-size: 12pt; font-family: arial,helvetica,sans-serif;\"><strong>Grupo 3: DESENVOLVIMENTO DE UM AQUECEDOR EL\u00c9TRICO DE \u00c1GUA PARA CHIMARR\u00c3O<\/strong><\/span><\/p>\n<p style=\"margin-bottom: 0.0001pt; line-height: normal; text-align: center;\"><span style=\"font-family: arial,helvetica,sans-serif; font-size: 12pt;\">Equipe de Projeto: Bruno Cougo Batista e Max Amorim Brum<\/span><\/p>\n<p style=\"margin-bottom: 0.0001pt; line-height: normal; text-align: center;\"><span style=\"font-family: arial,helvetica,sans-serif; font-size: 12pt;\"><img decoding=\"async\" class=\" size-full wp-image-762\" src=\"https:\/\/www.ufsm.br\/unidades-universitarias\/cachoeira-do-sul\/wp-content\/uploads\/sites\/376\/2017\/07\/G03_bruno_e_max.jpeg\" alt=\"G03 bruno e max\" width=\"800\" height=\"600\" srcset=\"https:\/\/www.ufsm.br\/app\/uploads\/sites\/376\/2017\/07\/G03_bruno_e_max.jpeg 1280w, https:\/\/www.ufsm.br\/app\/uploads\/sites\/376\/2017\/07\/G03_bruno_e_max-300x225.jpeg 300w, https:\/\/www.ufsm.br\/app\/uploads\/sites\/376\/2017\/07\/G03_bruno_e_max-768x576.jpeg 768w, https:\/\/www.ufsm.br\/app\/uploads\/sites\/376\/2017\/07\/G03_bruno_e_max-1024x768.jpeg 1024w\" sizes=\"(max-width: 800px) 100vw, 800px\" \/><\/span><\/p>\n<p style=\"margin-bottom: 0.0001pt; line-height: normal; text-align: center;\">&nbsp;<\/p>\n<p style=\"margin-bottom: 0.0001pt; line-height: normal; text-align: center;\"><span style=\"font-size: 12pt; font-family: arial,helvetica,sans-serif;\"><strong>Grupo 4: PROJETO DE UMA BANCADA DID\u00c1TICA PAR AN\u00c1ISE DE ESFOR\u00c7OS EM VIGAS<\/strong><\/span><\/p>\n<p style=\"margin-bottom: 0.0001pt; line-height: normal; text-align: center;\"><span style=\"font-family: arial,helvetica,sans-serif; font-size: 12pt;\">Equipe de Projeto: J\u00e9ssica Dotto Vizzotto e Matheus Brondani de Vargas<\/span><\/p>\n<p style=\"margin-bottom: 0.0001pt; line-height: normal; text-align: center;\"><span style=\"font-family: arial,helvetica,sans-serif; font-size: 12pt;\"><img loading=\"lazy\" decoding=\"async\" class=\" size-full wp-image-763\" src=\"https:\/\/www.ufsm.br\/unidades-universitarias\/cachoeira-do-sul\/wp-content\/uploads\/sites\/376\/2017\/07\/G04_jessica_e_matheus.jpeg\" alt=\"G04 jessica e matheus\" width=\"800\" height=\"600\" srcset=\"https:\/\/www.ufsm.br\/app\/uploads\/sites\/376\/2017\/07\/G04_jessica_e_matheus.jpeg 1280w, https:\/\/www.ufsm.br\/app\/uploads\/sites\/376\/2017\/07\/G04_jessica_e_matheus-300x225.jpeg 300w, https:\/\/www.ufsm.br\/app\/uploads\/sites\/376\/2017\/07\/G04_jessica_e_matheus-768x576.jpeg 768w, https:\/\/www.ufsm.br\/app\/uploads\/sites\/376\/2017\/07\/G04_jessica_e_matheus-1024x768.jpeg 1024w\" sizes=\"(max-width: 800px) 100vw, 800px\" \/><\/span><\/p>\n<p style=\"margin-bottom: 0.0001pt; line-height: normal; text-align: center;\">&nbsp;<\/p>\n<p style=\"margin-bottom: 0.0001pt; line-height: normal; text-align: center;\"><span style=\"font-size: 12pt; font-family: arial,helvetica,sans-serif;\"><strong>Grupo 5: PROJETO DE UMA COLHEDORA DE OLIVAS<\/strong><\/span><\/p>\n<p style=\"margin-bottom: 0.0001pt; line-height: normal; text-align: center;\"><span style=\"font-family: arial,helvetica,sans-serif; font-size: 12pt;\">Equipe de Projeto: Fabiele Schaefer Rodrigues e Marcela Trojahn Nunes<\/span><\/p>\n<p style=\"margin-bottom: 0.0001pt; line-height: normal; text-align: center;\"><span style=\"font-family: arial,helvetica,sans-serif; font-size: 12pt;\"><img loading=\"lazy\" decoding=\"async\" class=\" size-full wp-image-764\" src=\"https:\/\/www.ufsm.br\/unidades-universitarias\/cachoeira-do-sul\/wp-content\/uploads\/sites\/376\/2017\/07\/G05_marcela_e_fabiele.jpeg\" alt=\"G05 marcela e fabiele\" width=\"800\" height=\"600\" srcset=\"https:\/\/www.ufsm.br\/app\/uploads\/sites\/376\/2017\/07\/G05_marcela_e_fabiele.jpeg 1280w, https:\/\/www.ufsm.br\/app\/uploads\/sites\/376\/2017\/07\/G05_marcela_e_fabiele-300x225.jpeg 300w, https:\/\/www.ufsm.br\/app\/uploads\/sites\/376\/2017\/07\/G05_marcela_e_fabiele-768x576.jpeg 768w, https:\/\/www.ufsm.br\/app\/uploads\/sites\/376\/2017\/07\/G05_marcela_e_fabiele-1024x768.jpeg 1024w\" sizes=\"(max-width: 800px) 100vw, 800px\" \/><\/span><\/p>\n<p style=\"margin-bottom: 0.0001pt; line-height: normal; text-align: center;\">&nbsp;<\/p>\n<p style=\"margin-bottom: 0.0001pt; line-height: normal; text-align: center;\"><span style=\"font-size: 12pt; font-family: arial,helvetica,sans-serif;\"><strong>Grupo 6: PROJETO DE UM VE\u00cdCULO PARA LIMPEZA DE VIAS URBANAS \u201cCAR VACUUM CLEANER\u201d<\/strong><\/span><\/p>\n<p style=\"margin-bottom: 0.0001pt; line-height: normal; text-align: center;\"><span style=\"font-family: arial,helvetica,sans-serif; font-size: 12pt;\">Equipe de Projeto: Cristian Douglas Rosa da Silva e Kelly Ruoso<\/span><\/p>\n<p style=\"margin-bottom: 0.0001pt; line-height: normal; text-align: center;\"><span style=\"font-family: arial,helvetica,sans-serif; font-size: 12pt;\"><img loading=\"lazy\" decoding=\"async\" class=\" size-full wp-image-765\" src=\"https:\/\/www.ufsm.br\/unidades-universitarias\/cachoeira-do-sul\/wp-content\/uploads\/sites\/376\/2017\/07\/G06_cristian_e_kelly.jpeg\" alt=\"G06 cristian e kelly\" width=\"800\" height=\"600\" srcset=\"https:\/\/www.ufsm.br\/app\/uploads\/sites\/376\/2017\/07\/G06_cristian_e_kelly.jpeg 1280w, https:\/\/www.ufsm.br\/app\/uploads\/sites\/376\/2017\/07\/G06_cristian_e_kelly-300x225.jpeg 300w, https:\/\/www.ufsm.br\/app\/uploads\/sites\/376\/2017\/07\/G06_cristian_e_kelly-768x576.jpeg 768w, https:\/\/www.ufsm.br\/app\/uploads\/sites\/376\/2017\/07\/G06_cristian_e_kelly-1024x768.jpeg 1024w\" sizes=\"(max-width: 800px) 100vw, 800px\" \/><\/span><\/p>\n<p style=\"text-align: center;\"><span style=\"font-size: 12pt; font-family: arial,helvetica,sans-serif;\"><strong><span style=\"line-height: 107%;\"><br style=\"page-break-before: always;\" clear=\"all\" \/> <\/span><\/strong><\/span><\/p>\n<p style=\"text-align: center;\"><span style=\"font-size: 12pt; font-family: arial,helvetica,sans-serif;\">&nbsp;<\/span><\/p>\n<p style=\"margin-bottom: 0.0001pt; line-height: normal; text-align: center;\"><span style=\"font-size: 12pt; font-family: arial,helvetica,sans-serif;\"><strong>Grupo 7: PROJETO DE UM DESATOLADOR DE PULVERIZADOR<\/strong><\/span><\/p>\n<p style=\"margin-bottom: 0.0001pt; line-height: normal; text-align: center;\"><span style=\"font-family: arial,helvetica,sans-serif; font-size: 12pt;\">Equipe de Projeto: Andr\u00e9 Luis Teles dos Santos e Luan da Silva Freitas<\/span><\/p>\n<p style=\"margin-bottom: 0.0001pt; line-height: normal; text-align: center;\"><span style=\"font-family: arial,helvetica,sans-serif; font-size: 12pt;\"><img loading=\"lazy\" decoding=\"async\" class=\" size-full wp-image-766\" src=\"https:\/\/www.ufsm.br\/unidades-universitarias\/cachoeira-do-sul\/wp-content\/uploads\/sites\/376\/2017\/07\/G07_andr%C3%A9_e_luan.jpeg\" alt=\"G07 andr\u00e9 e luan\" width=\"800\" height=\"600\" \/><\/span><\/p>\n<p style=\"margin-bottom: 0.0001pt; line-height: normal; text-align: center;\">&nbsp;<\/p>\n","protected":false},"excerpt":{"rendered":"<p>Os projetos e apresenta\u00e7\u00f5es foram realizados por alunos dos cursos das Engenharias Mec\u00e2nica, Engenharia Agr\u00edcola e Engenharia de Transporte e Log\u00edstica. Nos dias 05 e 07 de julho de 2017, no pr\u00e9dio 3 do Campus Cachoeira do Sul (instala\u00e7\u00f5es provis\u00f3rias localizadas no pr\u00e9dio de ensino da UERGS) foram realizadas as apresenta\u00e7\u00f5es dos prot\u00f3tipos dos projetos [&hellip;]<\/p>\n","protected":false},"author":27,"featured_media":760,"comment_status":"closed","ping_status":"closed","sticky":false,"template":"","format":"standard","meta":{"footnotes":""},"categories":[1],"tags":[],"class_list":["post-767","post","type-post","status-publish","format-standard","has-post-thumbnail","hentry","category-noticias"],"acf":[],"_links":{"self":[{"href":"https:\/\/www.ufsm.br\/unidades-universitarias\/cachoeira-do-sul\/wp-json\/wp\/v2\/posts\/767","targetHints":{"allow":["GET"]}}],"collection":[{"href":"https:\/\/www.ufsm.br\/unidades-universitarias\/cachoeira-do-sul\/wp-json\/wp\/v2\/posts"}],"about":[{"href":"https:\/\/www.ufsm.br\/unidades-universitarias\/cachoeira-do-sul\/wp-json\/wp\/v2\/types\/post"}],"author":[{"embeddable":true,"href":"https:\/\/www.ufsm.br\/unidades-universitarias\/cachoeira-do-sul\/wp-json\/wp\/v2\/users\/27"}],"replies":[{"embeddable":true,"href":"https:\/\/www.ufsm.br\/unidades-universitarias\/cachoeira-do-sul\/wp-json\/wp\/v2\/comments?post=767"}],"version-history":[{"count":0,"href":"https:\/\/www.ufsm.br\/unidades-universitarias\/cachoeira-do-sul\/wp-json\/wp\/v2\/posts\/767\/revisions"}],"wp:featuredmedia":[{"embeddable":true,"href":"https:\/\/www.ufsm.br\/unidades-universitarias\/cachoeira-do-sul\/wp-json\/wp\/v2\/media\/760"}],"wp:attachment":[{"href":"https:\/\/www.ufsm.br\/unidades-universitarias\/cachoeira-do-sul\/wp-json\/wp\/v2\/media?parent=767"}],"wp:term":[{"taxonomy":"category","embeddable":true,"href":"https:\/\/www.ufsm.br\/unidades-universitarias\/cachoeira-do-sul\/wp-json\/wp\/v2\/categories?post=767"},{"taxonomy":"post_tag","embeddable":true,"href":"https:\/\/www.ufsm.br\/unidades-universitarias\/cachoeira-do-sul\/wp-json\/wp\/v2\/tags?post=767"}],"curies":[{"name":"wp","href":"https:\/\/api.w.org\/{rel}","templated":true}]}}