{"id":6719,"date":"2025-12-11T09:14:51","date_gmt":"2025-12-11T12:14:51","guid":{"rendered":"https:\/\/www.ufsm.br\/unidades-universitarias\/ccne\/?p=6719"},"modified":"2025-12-12T08:51:22","modified_gmt":"2025-12-12T11:51:22","slug":"ossos-do-oficio-uma-serie-cappa-9","status":"publish","type":"post","link":"https:\/\/www.ufsm.br\/unidades-universitarias\/ccne\/2025\/12\/11\/ossos-do-oficio-uma-serie-cappa-9","title":{"rendered":"Ossos do Of\u00edcio: Uma s\u00e9rie CAPPA"},"content":{"rendered":"\t\t<div data-elementor-type=\"wp-post\" data-elementor-id=\"6719\" class=\"elementor elementor-6719\">\n\t\t\t\t\t\t<section class=\"elementor-section elementor-top-section elementor-element elementor-element-4c4f0f3 elementor-section-boxed elementor-section-height-default elementor-section-height-default\" data-id=\"4c4f0f3\" data-element_type=\"section\">\n\t\t\t\t\t\t<div class=\"elementor-container elementor-column-gap-default\">\n\t\t\t\t\t<div class=\"elementor-column elementor-col-100 elementor-top-column elementor-element elementor-element-8893a86\" data-id=\"8893a86\" data-element_type=\"column\">\n\t\t\t<div class=\"elementor-widget-wrap elementor-element-populated\">\n\t\t\t\t\t\t<div class=\"elementor-element elementor-element-ac106fa elementor-widget elementor-widget-heading\" data-id=\"ac106fa\" data-element_type=\"widget\" data-widget_type=\"heading.default\">\n\t\t\t\t<div class=\"elementor-widget-container\">\n\t\t\t<h2 class=\"elementor-heading-title elementor-size-default\">Ossos do Of\u00edcio: uma s\u00e9rie CAPPA\n<\/h2>\t\t<\/div>\n\t\t\t\t<\/div>\n\t\t\t\t<div class=\"elementor-element elementor-element-3044b02 elementor-widget elementor-widget-text-editor\" data-id=\"3044b02\" data-element_type=\"widget\" data-widget_type=\"text-editor.default\">\n\t\t\t\t<div class=\"elementor-widget-container\">\n\t\t\t\t\t\t\t<p><span style=\"font-weight: 400\">Epis\u00f3dio 10: tese de doutorado de Fabiula Prestes de Bem estuda a osteologia de Dynamosuchus<\/span><\/p>\t\t\t\t\t\t<\/div>\n\t\t\t\t<\/div>\n\t\t\t\t\t<\/div>\n\t\t<\/div>\n\t\t\t\t\t<\/div>\n\t\t<\/section>\n\t\t\t\t<section class=\"elementor-section elementor-top-section elementor-element elementor-element-eb71784 elementor-section-boxed elementor-section-height-default elementor-section-height-default\" data-id=\"eb71784\" data-element_type=\"section\">\n\t\t\t\t\t\t<div class=\"elementor-container elementor-column-gap-default\">\n\t\t\t\t\t<div class=\"elementor-column elementor-col-100 elementor-top-column elementor-element elementor-element-406dbce\" data-id=\"406dbce\" data-element_type=\"column\">\n\t\t\t<div class=\"elementor-widget-wrap elementor-element-populated\">\n\t\t\t\t\t\t<div class=\"elementor-element elementor-element-a5fc987 elementor-widget elementor-widget-text-editor\" data-id=\"a5fc987\" data-element_type=\"widget\" data-widget_type=\"text-editor.default\">\n\t\t\t\t<div class=\"elementor-widget-container\">\n\t\t\t\t\t\t\t<p><span style=\"font-weight: 400\">Fabiula Prestes de Bem \u00e9 graduada em Ci\u00eancias Biol\u00f3gicas pela <\/span><b>Universidade Regional Integrada (URI) <\/b><span style=\"font-weight: 400\">Campus Frederico Westphalen e Mestre pelo <\/span><b>Programa de P\u00f3s-Gradua\u00e7\u00e3o em Biodiversidade Animal (PPGBA)<\/b><span style=\"font-weight: 400\"> da Universidade Federal de Santa Maria (UFSM), no qual cursa Doutorado atualmente. Sua tese, intitulada <\/span><b>\u201cOsteologia de Dynamosuchus <\/b><b><i>collisensis<\/i><\/b><b> (Pseudosuchia: Ornithosuchidae) e suas implica\u00e7\u00f5es paleoecol\u00f3gicas\u201d<\/b><span style=\"font-weight: 400\">, busca entender uma esp\u00e9cie do grupo dos Ornithosuquideos, a linhagem que posteriormente <\/span><b>deu origem aos crocodilos.<\/b><\/p>\t\t\t\t\t\t<\/div>\n\t\t\t\t<\/div>\n\t\t\t\t<section class=\"elementor-section elementor-inner-section elementor-element elementor-element-08f96fd elementor-section-boxed elementor-section-height-default elementor-section-height-default\" data-id=\"08f96fd\" data-element_type=\"section\">\n\t\t\t\t\t\t<div class=\"elementor-container elementor-column-gap-default\">\n\t\t\t\t\t<div class=\"elementor-column elementor-col-50 elementor-inner-column elementor-element elementor-element-eea8f28\" data-id=\"eea8f28\" data-element_type=\"column\">\n\t\t\t<div class=\"elementor-widget-wrap elementor-element-populated\">\n\t\t\t\t\t\t<div class=\"elementor-element elementor-element-32bd49a elementor-widget elementor-widget-text-editor\" data-id=\"32bd49a\" data-element_type=\"widget\" data-widget_type=\"text-editor.default\">\n\t\t\t\t<div class=\"elementor-widget-container\">\n\t\t\t\t\t\t\t<p><span style=\"font-weight: 400\">O interesse de Fabiula pelo grupo surgiu n\u00e3o apenas pela sua anatomia, mas tamb\u00e9m por sua <\/span><b>raridade f\u00f3ssil<\/b><span style=\"font-weight: 400\">. O grupo estudado possui apenas 4 esp\u00e9cies representantes em todo o mundo, a esp\u00e9cie Dynamosuchus collisensis \u00e9 o foco da pesquisa e possui apenas <\/span><b>um \u00fanico f\u00f3ssil encontrado em todo o mund<\/b><span style=\"font-weight: 400\">o, descoberto na cidade de <\/span><b>Agudo (RS)<\/b><span style=\"font-weight: 400\">. O estudo busca descrever a anatomia detalhada da esp\u00e9cie e compreender suas fun\u00e7\u00f5es paleoecol\u00f3gicas, como, por exemplo, <\/span><b>a dieta alimentar e a postura para locomo\u00e7\u00e3o<\/b><span style=\"font-weight: 400\">. As an\u00e1lises da tese s\u00e3o baseadas, principalmente, na (s):<\/span><\/p><ul><li style=\"font-weight: 400\"><span style=\"font-weight: 400\">Prepara\u00e7\u00e3o do material f\u00f3ssil;<\/span><\/li><li style=\"font-weight: 400\"><span style=\"font-weight: 400\">Compara\u00e7\u00e3o anat\u00f4mica entre grupos aparentados;<\/span><\/li><li style=\"font-weight: 400\"><span style=\"font-weight: 400\">An\u00e1lises filogen\u00e9ticas;<\/span><\/li><li style=\"font-weight: 400\"><span style=\"font-weight: 400\">E a descri\u00e7\u00e3o detalhada de todos os elementos f\u00f3sseis da esp\u00e9cie.<\/span><\/li><\/ul><p><span style=\"font-weight: 400\">A pesquisa possui alta relev\u00e2ncia na \u00e1rea, pois acrescenta <\/span><b>novas informa\u00e7\u00f5es<\/b><span style=\"font-weight: 400\"> sobre o papel da esp\u00e9cie no ambiente da \u00e9poca e <\/span><b>ajuda a esclarecer pontos ainda pouco estudados<\/b><span style=\"font-weight: 400\">. A doutoranda afirmou que os estudos dos f\u00f3sseis da regi\u00e3o central do estado \u201cs\u00e3o de grande interesse, tanto para o mundo acad\u00eamico, quanto para a sociedade\u201d e ainda declarou que:<\/span><\/p><p><span style=\"font-weight: 400\">\u201cA pesquisa fortalece minha forma\u00e7\u00e3o acad\u00eamica, ao desenvolver an\u00e1lise cr\u00edtica e m\u00e9todos de investiga\u00e7\u00e3o, e contribui para minha forma\u00e7\u00e3o pessoal ao estimular disciplina e autonomia.\u201d<\/span><\/p><p><span style=\"font-weight: 400\">Os trabalhos desenvolvidos no <\/span><b>Centro de Apoio \u00e0 Pesquisa Paleontol\u00f3gica (CAPPA\/UFSM)<\/b><span style=\"font-weight: 400\"> recebem destaque <\/span><b>nacional e internacional<\/b><span style=\"font-weight: 400\"> em diversas publica\u00e7\u00f5es e not\u00edcias. Essas pesquisas revelam informa\u00e7\u00f5es sobre o ambiente do <\/span><b>Per\u00edodo Tri\u00e1ssico<\/b><span style=\"font-weight: 400\">, sobre os grupos que existiram e sobre as adapta\u00e7\u00f5es que ocorreram ap\u00f3s o grande evento de extin\u00e7\u00e3o, <\/span><b>despertando<\/b> <b>curiosidade <\/b><span style=\"font-weight: 400\">e estimulando as pessoas a saberem mais sobre a paleontologia e o <\/span><b>conhecimento produzido dentro das universidade<\/b><span style=\"font-weight: 400\">.<\/span><\/p>\t\t\t\t\t\t<\/div>\n\t\t\t\t<\/div>\n\t\t\t\t\t<\/div>\n\t\t<\/div>\n\t\t\t\t<div class=\"elementor-column elementor-col-50 elementor-inner-column elementor-element elementor-element-ebad426\" data-id=\"ebad426\" data-element_type=\"column\">\n\t\t\t<div class=\"elementor-widget-wrap elementor-element-populated\">\n\t\t\t\t\t\t<div class=\"elementor-element elementor-element-9b92a28 elementor-widget elementor-widget-image\" data-id=\"9b92a28\" data-element_type=\"widget\" data-widget_type=\"image.default\">\n\t\t\t\t<div class=\"elementor-widget-container\">\n\t\t\t\t\t\t\t\t\t\t<figure class=\"wp-caption\">\n\t\t\t\t\t\t\t\t\t\t\t<a href=\"https:\/\/www.ufsm.br\/app\/uploads\/sites\/369\/2025\/12\/4.jpg\" data-elementor-open-lightbox=\"yes\" data-elementor-lightbox-title=\"4\" data-e-action-hash=\"#elementor-action%3Aaction%3Dlightbox%26settings%3DeyJpZCI6IjY3MjAiLCJ1cmwiOiJodHRwczpcL1wvd3d3LnVmc20uYnJcL2FwcFwvdXBsb2Fkc1wvc2l0ZXNcLzM2OVwvMjAyNVwvMTJcLzQuanBnIn0%3D\">\n\t\t\t\t\t\t\t<img fetchpriority=\"high\" decoding=\"async\" width=\"576\" height=\"1024\" src=\"https:\/\/www.ufsm.br\/app\/uploads\/sites\/369\/2025\/12\/4-576x1024.jpg\" class=\"attachment-large size-large wp-image-6720\" alt=\"\" srcset=\"https:\/\/www.ufsm.br\/app\/uploads\/sites\/369\/2025\/12\/4-576x1024.jpg 576w, https:\/\/www.ufsm.br\/app\/uploads\/sites\/369\/2025\/12\/4-169x300.jpg 169w, https:\/\/www.ufsm.br\/app\/uploads\/sites\/369\/2025\/12\/4.jpg 720w\" sizes=\"(max-width: 576px) 100vw, 576px\" \/>\t\t\t\t\t\t\t\t<\/a>\n\t\t\t\t\t\t\t\t\t\t\t<figcaption class=\"widget-image-caption wp-caption-text\">Fabiula Prestes de Bem<\/figcaption>\n\t\t\t\t\t\t\t\t\t\t<\/figure>\n\t\t\t\t\t\t\t<\/div>\n\t\t\t\t<\/div>\n\t\t\t\t\t<\/div>\n\t\t<\/div>\n\t\t\t\t\t<\/div>\n\t\t<\/section>\n\t\t\t\t<div class=\"elementor-element elementor-element-053c2ae elementor-widget elementor-widget-text-editor\" data-id=\"053c2ae\" data-element_type=\"widget\" data-widget_type=\"text-editor.default\">\n\t\t\t\t<div class=\"elementor-widget-container\">\n\t\t\t\t\t\t\t<p><span style=\"font-weight: 400\">Texto: Pollyana Escobar Bronzatto, <\/span><span style=\"font-weight: 400\">acad\u00eamica do curso de Jornalismo da UFSM e Bolsista da Subdivis\u00e3o de Comunica\u00e7\u00e3o do CCNE.<\/span><\/p><p><i><span style=\"font-weight: 400\">Revis\u00e3o e edi\u00e7\u00e3o: Da\u00edse dos Santos Vargas, Chefe da Subdivis\u00e3o de Comunica\u00e7\u00e3o do CCNE.<\/span><\/i><\/p>\t\t\t\t\t\t<\/div>\n\t\t\t\t<\/div>\n\t\t\t\t\t<\/div>\n\t\t<\/div>\n\t\t\t\t\t<\/div>\n\t\t<\/section>\n\t\t\t\t<\/div>\n\t\t","protected":false},"excerpt":{"rendered":"<p>Epis\u00f3dio 10: tese de doutorado de Fabiula Prestes de Bem estuda a osteologia de Dynamosuchus<\/p>\n","protected":false},"author":8769,"featured_media":0,"comment_status":"closed","ping_status":"closed","sticky":false,"template":"","format":"standard","meta":{"footnotes":""},"categories":[1],"tags":[],"class_list":["post-6719","post","type-post","status-publish","format-standard","hentry","category-noticias"],"acf":[],"_links":{"self":[{"href":"https:\/\/www.ufsm.br\/unidades-universitarias\/ccne\/wp-json\/wp\/v2\/posts\/6719","targetHints":{"allow":["GET"]}}],"collection":[{"href":"https:\/\/www.ufsm.br\/unidades-universitarias\/ccne\/wp-json\/wp\/v2\/posts"}],"about":[{"href":"https:\/\/www.ufsm.br\/unidades-universitarias\/ccne\/wp-json\/wp\/v2\/types\/post"}],"author":[{"embeddable":true,"href":"https:\/\/www.ufsm.br\/unidades-universitarias\/ccne\/wp-json\/wp\/v2\/users\/8769"}],"replies":[{"embeddable":true,"href":"https:\/\/www.ufsm.br\/unidades-universitarias\/ccne\/wp-json\/wp\/v2\/comments?post=6719"}],"version-history":[{"count":0,"href":"https:\/\/www.ufsm.br\/unidades-universitarias\/ccne\/wp-json\/wp\/v2\/posts\/6719\/revisions"}],"wp:attachment":[{"href":"https:\/\/www.ufsm.br\/unidades-universitarias\/ccne\/wp-json\/wp\/v2\/media?parent=6719"}],"wp:term":[{"taxonomy":"category","embeddable":true,"href":"https:\/\/www.ufsm.br\/unidades-universitarias\/ccne\/wp-json\/wp\/v2\/categories?post=6719"},{"taxonomy":"post_tag","embeddable":true,"href":"https:\/\/www.ufsm.br\/unidades-universitarias\/ccne\/wp-json\/wp\/v2\/tags?post=6719"}],"curies":[{"name":"wp","href":"https:\/\/api.w.org\/{rel}","templated":true}]}}