{"id":7750,"date":"2026-09-04T14:52:03","date_gmt":"2026-09-04T17:52:03","guid":{"rendered":"https:\/\/www.ufsm.br\/unidades-universitarias\/ccne\/?p=7750"},"modified":"2026-09-04T14:59:59","modified_gmt":"2026-09-04T17:59:59","slug":"nota-de-pesar-carmen-bender","status":"publish","type":"post","link":"https:\/\/www.ufsm.br\/unidades-universitarias\/ccne\/2026\/09\/04\/nota-de-pesar-carmen-bender","title":{"rendered":"Nota de Pesar &#8211; Carmen Bender"},"content":{"rendered":"\t\t<div data-elementor-type=\"wp-post\" data-elementor-id=\"7750\" class=\"elementor elementor-7750\">\n\t\t\t\t\t\t<section class=\"elementor-section elementor-top-section elementor-element elementor-element-a06512f elementor-section-boxed elementor-section-height-default elementor-section-height-default\" data-id=\"a06512f\" data-element_type=\"section\">\n\t\t\t\t\t\t<div class=\"elementor-container elementor-column-gap-default\">\n\t\t\t\t\t<div class=\"elementor-column elementor-col-100 elementor-top-column elementor-element elementor-element-96c6d96\" data-id=\"96c6d96\" data-element_type=\"column\">\n\t\t\t<div class=\"elementor-widget-wrap elementor-element-populated\">\n\t\t\t\t\t\t<div class=\"elementor-element elementor-element-ea61124 elementor-widget elementor-widget-text-editor\" data-id=\"ea61124\" data-element_type=\"widget\" data-widget_type=\"text-editor.default\">\n\t\t\t\t<div class=\"elementor-widget-container\">\n\t\t\t\t\t\t\t<p>Com pesar, comunicamos o falecimento da professora aposentada Carmen Bender, ocorrido nesta quinta-feira (3). Carmen Bender atuou como docente do Departamento de Matem\u00e1tica da Universidade Federal de Santa Maria (UFSM).\u00a0<br \/>As cerim\u00f4nias de despedida e vel\u00f3rio ocorrem na Capela A do Cremat\u00f3rio Santa Rita, em Santa Maria\/RS. O encerramento dos atos f\u00fanebres e a crema\u00e7\u00e3o acontecem nesta sexta-feira (4), \u00e0s 17h, no pr\u00f3prio Cremat\u00f3rio Santa Rita.<br \/>A UFSM manifesta sua solidariedade aos familiares, amigos e colegas neste momento de dor.<\/p>\t\t\t\t\t\t<\/div>\n\t\t\t\t<\/div>\n\t\t\t\t\t<\/div>\n\t\t<\/div>\n\t\t\t\t\t<\/div>\n\t\t<\/section>\n\t\t\t\t<\/div>\n\t\t","protected":false},"excerpt":{"rendered":"<p>Com pesar, comunicamos o falecimento da professora aposentada Carmen Bender, ocorrido nesta quinta-feira (3). Carmen Bender atuou como docente do Departamento de Matem\u00e1tica da Universidade Federal de Santa Maria (UFSM).\u00a0As cerim\u00f4nias de despedida e vel\u00f3rio ocorrem na Capela A do Cremat\u00f3rio Santa Rita, em Santa Maria\/RS. O encerramento dos atos f\u00fanebres e a crema\u00e7\u00e3o acontecem [&hellip;]<\/p>\n","protected":false},"author":9754,"featured_media":0,"comment_status":"closed","ping_status":"closed","sticky":false,"template":"","format":"standard","meta":{"footnotes":""},"categories":[1536,1],"tags":[],"class_list":["post-7750","post","type-post","status-publish","format-standard","hentry","category-nota-de-falecimento","category-noticias"],"acf":[],"_links":{"self":[{"href":"https:\/\/www.ufsm.br\/unidades-universitarias\/ccne\/wp-json\/wp\/v2\/posts\/7750","targetHints":{"allow":["GET"]}}],"collection":[{"href":"https:\/\/www.ufsm.br\/unidades-universitarias\/ccne\/wp-json\/wp\/v2\/posts"}],"about":[{"href":"https:\/\/www.ufsm.br\/unidades-universitarias\/ccne\/wp-json\/wp\/v2\/types\/post"}],"author":[{"embeddable":true,"href":"https:\/\/www.ufsm.br\/unidades-universitarias\/ccne\/wp-json\/wp\/v2\/users\/9754"}],"replies":[{"embeddable":true,"href":"https:\/\/www.ufsm.br\/unidades-universitarias\/ccne\/wp-json\/wp\/v2\/comments?post=7750"}],"version-history":[{"count":0,"href":"https:\/\/www.ufsm.br\/unidades-universitarias\/ccne\/wp-json\/wp\/v2\/posts\/7750\/revisions"}],"wp:attachment":[{"href":"https:\/\/www.ufsm.br\/unidades-universitarias\/ccne\/wp-json\/wp\/v2\/media?parent=7750"}],"wp:term":[{"taxonomy":"category","embeddable":true,"href":"https:\/\/www.ufsm.br\/unidades-universitarias\/ccne\/wp-json\/wp\/v2\/categories?post=7750"},{"taxonomy":"post_tag","embeddable":true,"href":"https:\/\/www.ufsm.br\/unidades-universitarias\/ccne\/wp-json\/wp\/v2\/tags?post=7750"}],"curies":[{"name":"wp","href":"https:\/\/api.w.org\/{rel}","templated":true}]}}