{"id":13712,"date":"2026-09-04T14:45:20","date_gmt":"2026-09-04T17:45:20","guid":{"rendered":"https:\/\/www.ufsm.br\/unidades-universitarias\/ccr\/?p=13712"},"modified":"2026-09-04T14:45:23","modified_gmt":"2026-09-04T17:45:23","slug":"premio-de-pesquisador-gaucho-da-fapergs-e-concedido-para-docente-do-ccr","status":"publish","type":"post","link":"https:\/\/www.ufsm.br\/unidades-universitarias\/ccr\/2026\/09\/04\/premio-de-pesquisador-gaucho-da-fapergs-e-concedido-para-docente-do-ccr","title":{"rendered":"Pr\u00eamio de Pesquisador Ga\u00facho da FAPERGS \u00e9 concedido para docente do CCR"},"content":{"rendered":"\n<p><img fetchpriority=\"high\" decoding=\"async\" class=\"alignleft size-medium wp-image-13713\" src=\"https:\/\/www.ufsm.br\/app\/uploads\/sites\/370\/2026\/09\/jerson-guedes-2026-300x300.jpg\" alt=\"\" width=\"300\" height=\"300\" srcset=\"https:\/\/www.ufsm.br\/app\/uploads\/sites\/370\/2026\/09\/jerson-guedes-2026-300x300.jpg 300w, https:\/\/www.ufsm.br\/app\/uploads\/sites\/370\/2026\/09\/jerson-guedes-2026-1024x1024.jpg 1024w, https:\/\/www.ufsm.br\/app\/uploads\/sites\/370\/2026\/09\/jerson-guedes-2026-150x150.jpg 150w, https:\/\/www.ufsm.br\/app\/uploads\/sites\/370\/2026\/09\/jerson-guedes-2026-768x768.jpg 768w, https:\/\/www.ufsm.br\/app\/uploads\/sites\/370\/2026\/09\/jerson-guedes-2026.jpg 1254w\" sizes=\"(max-width: 300px) 100vw, 300px\" \/>O professor Jerson Vanderlei Car\u00fas Guedes, do Departamento de Defesa Fitossanit\u00e1ria do CCR, tem se destracado pela expressiva contribui\u00e7\u00e3o \u00e0 inova\u00e7\u00e3o tecnol\u00f3gica aplicada ao agroneg\u00f3cio ga\u00facho, promovendo a integra\u00e7\u00e3o entre pesquisa cient\u00edfica, desenvolvimento tecnol\u00f3gico e setor produtivo.<\/p>\n<p>Ao longo de sua trajet\u00f3ria na Universidade Federal de Santa Maria (UFSM), tem conduzido pesquisas voltadas ao manejo integrado de pragas, controle biol\u00f3gico, bioinsumos e fitossanidade de precis\u00e3o, \u00e1reas estrat\u00e9gicas para a competitividade e sustentabilidade da agricultura do Rio Grande do Sul. A atua\u00e7\u00e3o tem resultado no desenvolvimento de tecnologias inovadoras com potencial de aplica\u00e7\u00e3o direta por empresas do setor agr\u00edcola, destacando-se a participa\u00e7\u00e3o como inventor de patente concedida relacionada \u00e0 obten\u00e7\u00e3o de composi\u00e7\u00e3o bioherbicida baseada em metab\u00f3litos microbianos para o controle de plantas daninhas em culturas agr\u00edcolas, tecnologia alinhada \u00e0s demandas atuais por solu\u00e7\u00f5es sustent\u00e1veis e de menor impacto ambiental.<\/p>\n<p>Al\u00e9m da gera\u00e7\u00e3o de propriedade intelectual, o pesquisador coordena e participa de projetos voltados ao desenvolvimento de bioinseticidas, bioprodutos e tecnologias para prote\u00e7\u00e3o de cultivos, contribuindo para a cria\u00e7\u00e3o de oportunidades de neg\u00f3cios, fortalecimento de empresas do agroneg\u00f3cio e amplia\u00e7\u00e3o do uso de bioinsumos no Estado. As pesquisas t\u00eam favorecido a transfer\u00eancia de conhecimento e tecnologia para produtores rurais, cooperativas e empresas privadas, promovendo ganhos de produtividade, redu\u00e7\u00e3o de custos de produ\u00e7\u00e3o e maior sustentabilidade ambiental. O pr\u00eamio Pesquisador Ga\u00facho da FAPERGS que est\u00e1 recebendo este ano vem ao encontro do reconhecimento a todo este esfor\u00e7o em pesquisas que est\u00e3o sendo desenvolvidas.<\/p>\n<p>A relev\u00e2ncia de sua atua\u00e7\u00e3o tem sido evidenciada pelo impacto econ\u00f4mico das tecnologias entregues para cadeias produtivas estrat\u00e9gicas do Rio Grande do Sul, como soja, milho, arroz e cereais de inverno. Ao transformar conhecimento cient\u00edfico em solu\u00e7\u00f5es com potencial de inser\u00e7\u00e3o no mercado, o professor Jerson contribui efetivamente para a inova\u00e7\u00e3o empresarial, a gera\u00e7\u00e3o de valor econ\u00f4mico e o fortalecimento do ecossistema ga\u00facho de ci\u00eancia, tecnologia e inova\u00e7\u00e3o. A dire\u00e7\u00e3o do CCR parabeniza o professor Jerson Guedes pela premia\u00e7\u00e3o recebida, fruto de seu trabalho cont\u00ednuo na \u00e1rea, e refor\u00e7a seu compromisso em dar suporte \u00e0s pesquisas dos docentes do nosso Centro.\u00a0<\/p>\n","protected":false},"excerpt":{"rendered":"<p>O professor Jerson Vanderlei Car\u00fas Guedes, do Departamento de Defesa Fitossanit\u00e1ria do CCR, tem se destracado pela expressiva contribui\u00e7\u00e3o \u00e0 inova\u00e7\u00e3o tecnol\u00f3gica aplicada ao agroneg\u00f3cio ga\u00facho, promovendo a integra\u00e7\u00e3o entre pesquisa cient\u00edfica, desenvolvimento tecnol\u00f3gico e setor produtivo. Ao longo de sua trajet\u00f3ria na Universidade Federal de Santa Maria (UFSM), tem conduzido pesquisas voltadas ao manejo [&hellip;]<\/p>\n","protected":false},"author":260,"featured_media":0,"comment_status":"closed","ping_status":"closed","sticky":false,"template":"","format":"standard","meta":{"footnotes":""},"categories":[1],"tags":[],"class_list":["post-13712","post","type-post","status-publish","format-standard","hentry","category-noticia"],"acf":[],"_links":{"self":[{"href":"https:\/\/www.ufsm.br\/unidades-universitarias\/ccr\/wp-json\/wp\/v2\/posts\/13712","targetHints":{"allow":["GET"]}}],"collection":[{"href":"https:\/\/www.ufsm.br\/unidades-universitarias\/ccr\/wp-json\/wp\/v2\/posts"}],"about":[{"href":"https:\/\/www.ufsm.br\/unidades-universitarias\/ccr\/wp-json\/wp\/v2\/types\/post"}],"author":[{"embeddable":true,"href":"https:\/\/www.ufsm.br\/unidades-universitarias\/ccr\/wp-json\/wp\/v2\/users\/260"}],"replies":[{"embeddable":true,"href":"https:\/\/www.ufsm.br\/unidades-universitarias\/ccr\/wp-json\/wp\/v2\/comments?post=13712"}],"version-history":[{"count":0,"href":"https:\/\/www.ufsm.br\/unidades-universitarias\/ccr\/wp-json\/wp\/v2\/posts\/13712\/revisions"}],"wp:attachment":[{"href":"https:\/\/www.ufsm.br\/unidades-universitarias\/ccr\/wp-json\/wp\/v2\/media?parent=13712"}],"wp:term":[{"taxonomy":"category","embeddable":true,"href":"https:\/\/www.ufsm.br\/unidades-universitarias\/ccr\/wp-json\/wp\/v2\/categories?post=13712"},{"taxonomy":"post_tag","embeddable":true,"href":"https:\/\/www.ufsm.br\/unidades-universitarias\/ccr\/wp-json\/wp\/v2\/tags?post=13712"}],"curies":[{"name":"wp","href":"https:\/\/api.w.org\/{rel}","templated":true}]}}