{"id":13725,"date":"2026-09-04T15:53:26","date_gmt":"2026-09-04T18:53:26","guid":{"rendered":"https:\/\/www.ufsm.br\/unidades-universitarias\/ccr\/?p=13725"},"modified":"2026-09-04T15:57:40","modified_gmt":"2026-09-04T18:57:40","slug":"vi-seminario-de-monitoramento-e-avaliacao-de-bacias-hidrograficas-do-cone-sul-reune-pesquisadores-na-ufsm","status":"publish","type":"post","link":"https:\/\/www.ufsm.br\/unidades-universitarias\/ccr\/2026\/09\/04\/vi-seminario-de-monitoramento-e-avaliacao-de-bacias-hidrograficas-do-cone-sul-reune-pesquisadores-na-ufsm","title":{"rendered":"VI Semin\u00e1rio de Monitoramento e Avalia\u00e7\u00e3o de Bacias Hidrogr\u00e1ficas do Cone Sul re\u00fane pesquisadores na UFSM"},"content":{"rendered":"\n<p class=\"PDq2pG_selectionAnchorContainer\" data-start=\"110\" data-end=\"481\">A UFSM recebe o <a href=\"https:\/\/www.ufsm.br\/laboratorios\/lapehs\/eventos\/seminario-bacias-2026\"><strong data-start=\"126\" data-end=\"241\">VI Semin\u00e1rio de Monitoramento e Avalia\u00e7\u00e3o de Bacias Hidrogr\u00e1ficas do Cone Sul e o V F\u00f3rum de Geo-Bio-Hidrologia<\/strong><\/a>, evento voltado \u00e0 integra\u00e7\u00e3o cient\u00edfica e \u00e0 coopera\u00e7\u00e3o entre pesquisadores, estudantes, profissionais e institui\u00e7\u00f5es que atuam no monitoramento de bacias hidrogr\u00e1ficas, modelagem e avalia\u00e7\u00e3o ambiental.<\/p>\n<p data-start=\"483\" data-end=\"867\">A programa\u00e7\u00e3o busca promover o interc\u00e2mbio de conhecimentos e experi\u00eancias e apresentar avan\u00e7os cient\u00edficos e metodologias relacionadas \u00e0 compreens\u00e3o dos processos hidrol\u00f3gicos e ambientais. Entre os temas que orientam as discuss\u00f5es est\u00e3o conserva\u00e7\u00e3o do solo e da \u00e1gua, adapta\u00e7\u00e3o \u00e0s mudan\u00e7as clim\u00e1ticas e gest\u00e3o sustent\u00e1vel dos recursos naturais.<\/p>\n<p data-start=\"869\" data-end=\"1320\">O encontro tamb\u00e9m pretende aproximar grupos que utilizam a bacia hidrogr\u00e1fica como unidade de estudo e fortalecer a coopera\u00e7\u00e3o entre universidades, institutos de pesquisa e sociedade. A proposta inclui a integra\u00e7\u00e3o de conhecimentos das \u00e1reas de hidrologia, ci\u00eancia do solo, sedimentologia, geomorfologia e ecologia, al\u00e9m da dissemina\u00e7\u00e3o de t\u00e9cnicas de monitoramento ambiental e de modelagem hidro-sedimentol\u00f3gica.<\/p>\n<h3 data-section-id=\"180fc6l\" data-start=\"1322\" data-end=\"1384\">Programa\u00e7\u00e3o re\u00fane palestras, debates e atividades de campo<\/h3>\n<p data-start=\"1386\" data-end=\"1899\">As atividades ser\u00e3o realizadas entre os dias 10 e 13, com parte da programa\u00e7\u00e3o no <strong data-start=\"1472\" data-end=\"1501\">NESAF, pr\u00e9dio 44F da UFSM<\/strong>. No primeiro dia, ap\u00f3s o registro de presen\u00e7a e a abertura, est\u00e3o previstas apresenta\u00e7\u00f5es de grupos de pesquisa e palestras sobre temas como a Bacia-Escola do Rio Rolante, rastreamento de fontes e din\u00e2mica de sedimentos, an\u00e1lise da inunda\u00e7\u00e3o de 2024, monitoramento em situa\u00e7\u00f5es de escassez de dados, deslizamentos e levantamentos hidrogeol\u00f3gicos e geof\u00edsicos.<\/p>\n<p data-start=\"1901\" data-end=\"2243\">No dia 11, a programa\u00e7\u00e3o come\u00e7a com uma <strong data-start=\"1941\" data-end=\"1990\">visita \u00e0 bacia experimental do rio Guarda Mor<\/strong>. \u00c0 tarde, haver\u00e1 workshop na UFSM de Silveira Martins, com discuss\u00f5es sobre eros\u00e3o do solo, tra\u00e7agem de sedimentos, extremos de precipita\u00e7\u00e3o, fontes de sedimentos e contaminantes e monitoramento de encostas e rios.<\/p>\n<p data-start=\"2245\" data-end=\"2644\">As atividades do dia 12 retornam ao NESAF e incluem palestras e debates sobre processos hidrol\u00f3gicos e erosivos, pesquisas em rede no Paran\u00e1, \u00e1rea experimental do Departamento de Solos, balan\u00e7o h\u00eddrico e conectividade hidrol\u00f3gica, monitoramento de parcelas experimentais e modelagem de agrot\u00f3xicos. O dia termina com uma confraterniza\u00e7\u00e3o entre os participantes.<\/p>\n<p data-start=\"2646\" data-end=\"2833\">O encerramento ocorre no dia 13, com uma atividade dedicada \u00e0s <strong data-start=\"2709\" data-end=\"2769\">estrat\u00e9gias para o fortalecimento de redes de coopera\u00e7\u00e3o<\/strong>, das 8h \u00e0s 12h, no NESAF.<\/p>\n<p data-start=\"2835\" data-end=\"3211\">Entre os t\u00f3picos cient\u00edficos contemplados pelo evento est\u00e3o t\u00e9cnicas de rastreamento e identifica\u00e7\u00e3o de sedimentos, hidrossedimentologia, monitoramento ambiental, qualidade da \u00e1gua, eventos hidrol\u00f3gicos extremos, impactos do uso e manejo da terra nos processos hidrol\u00f3gicos e integra\u00e7\u00e3o de processos f\u00edsicos, biol\u00f3gicos e geomorfol\u00f3gicos.<\/p>\n<p data-start=\"2835\" data-end=\"3211\">O evento \u00e9 promovido pelo Laborat\u00f3rio de Pesquisa em Eros\u00e3o e Hidrologia de Superf\u00edcie da UFSM, em parceria com FAPERGS e CNPq. <a href=\"https:\/\/www.ufsm.br\/laboratorios\/lapehs\/eventos\/seminario-bacias-2026\">Confira a p\u00e1gina oficial do evento clicando aqui.<\/a><\/p>\n<p data-start=\"2835\" data-end=\"3211\"><strong><a href=\"https:\/\/docs.google.com\/forms\/d\/e\/1FAIpQLSd8R-Z00wpSC94h-Mnr0i5fA22oYXvlPNJ2_k_BKxuw6szKFA\/viewform\">Para se inscrever clique aqui.<\/a><\/strong><\/p>\n","protected":false},"excerpt":{"rendered":"<p>A UFSM recebe o VI Semin\u00e1rio de Monitoramento e Avalia\u00e7\u00e3o de Bacias Hidrogr\u00e1ficas do Cone Sul e o V F\u00f3rum de Geo-Bio-Hidrologia, evento voltado \u00e0 integra\u00e7\u00e3o cient\u00edfica e \u00e0 coopera\u00e7\u00e3o entre pesquisadores, estudantes, profissionais e institui\u00e7\u00f5es que atuam no monitoramento de bacias hidrogr\u00e1ficas, modelagem e avalia\u00e7\u00e3o ambiental. A programa\u00e7\u00e3o busca promover o interc\u00e2mbio de conhecimentos [&hellip;]<\/p>\n","protected":false},"author":260,"featured_media":0,"comment_status":"closed","ping_status":"closed","sticky":false,"template":"","format":"standard","meta":{"footnotes":""},"categories":[1],"tags":[],"class_list":["post-13725","post","type-post","status-publish","format-standard","hentry","category-noticia"],"acf":[],"_links":{"self":[{"href":"https:\/\/www.ufsm.br\/unidades-universitarias\/ccr\/wp-json\/wp\/v2\/posts\/13725","targetHints":{"allow":["GET"]}}],"collection":[{"href":"https:\/\/www.ufsm.br\/unidades-universitarias\/ccr\/wp-json\/wp\/v2\/posts"}],"about":[{"href":"https:\/\/www.ufsm.br\/unidades-universitarias\/ccr\/wp-json\/wp\/v2\/types\/post"}],"author":[{"embeddable":true,"href":"https:\/\/www.ufsm.br\/unidades-universitarias\/ccr\/wp-json\/wp\/v2\/users\/260"}],"replies":[{"embeddable":true,"href":"https:\/\/www.ufsm.br\/unidades-universitarias\/ccr\/wp-json\/wp\/v2\/comments?post=13725"}],"version-history":[{"count":0,"href":"https:\/\/www.ufsm.br\/unidades-universitarias\/ccr\/wp-json\/wp\/v2\/posts\/13725\/revisions"}],"wp:attachment":[{"href":"https:\/\/www.ufsm.br\/unidades-universitarias\/ccr\/wp-json\/wp\/v2\/media?parent=13725"}],"wp:term":[{"taxonomy":"category","embeddable":true,"href":"https:\/\/www.ufsm.br\/unidades-universitarias\/ccr\/wp-json\/wp\/v2\/categories?post=13725"},{"taxonomy":"post_tag","embeddable":true,"href":"https:\/\/www.ufsm.br\/unidades-universitarias\/ccr\/wp-json\/wp\/v2\/tags?post=13725"}],"curies":[{"name":"wp","href":"https:\/\/api.w.org\/{rel}","templated":true}]}}