{"id":5951,"date":"2021-12-17T11:55:41","date_gmt":"2021-12-17T14:55:41","guid":{"rendered":"https:\/\/www.ufsm.br\/unidades-universitarias\/ccr\/?p=5951"},"modified":"2021-12-17T11:55:42","modified_gmt":"2021-12-17T14:55:42","slug":"nucleo-de-ensaio-de-maquinas-agricolas-promove-duas-edicoes-do-curso-manejo-seguro-de-motosserras-na-regiao","status":"publish","type":"post","link":"https:\/\/www.ufsm.br\/unidades-universitarias\/ccr\/2021\/12\/17\/nucleo-de-ensaio-de-maquinas-agricolas-promove-duas-edicoes-do-curso-manejo-seguro-de-motosserras-na-regiao","title":{"rendered":"N\u00facleo de Ensaio de M\u00e1quinas Agr\u00edcolas promove duas edi\u00e7\u00f5es do curso \u201cManejo seguro de motosserras\u201d na regi\u00e3o"},"content":{"rendered":"\n<p>Nesta quarta-feira (15), o Laborat\u00f3rio MECANIZA, vinculado ao N\u00facleo de Ensaio de M\u00e1quinas Agr\u00edcolas da UFSM, em mais uma oportunidade, realizou a a\u00e7\u00e3o \u201cManejo seguro de motosserras\u201d. Esta edi\u00e7\u00e3o foi realizada no Distrito de S\u00e3o Valentim\/Tr\u00eas Palmeiras &#8211; Santa Maria, RS.\u00a0<\/p>\n<p>Estiveram presentes produtores rurais e o Subprefeito do Distrito de S\u00e3o Valentim, o Sr. Aluizio Teixeira. Confira as fotos a seguir.<\/p>\n<p><img fetchpriority=\"high\" decoding=\"async\" class=\"wp-image-5952 alignleft\" src=\"https:\/\/www.ufsm.br\/app\/uploads\/sites\/370\/2021\/12\/IMG-20211217-WA0010-768x1024.jpg\" alt=\"\" width=\"265\" height=\"353\" srcset=\"https:\/\/www.ufsm.br\/app\/uploads\/sites\/370\/2021\/12\/IMG-20211217-WA0010-768x1023.jpg 768w, https:\/\/www.ufsm.br\/app\/uploads\/sites\/370\/2021\/12\/IMG-20211217-WA0010-225x300.jpg 225w, https:\/\/www.ufsm.br\/app\/uploads\/sites\/370\/2021\/12\/IMG-20211217-WA0010-1153x1536.jpg 1153w, https:\/\/www.ufsm.br\/app\/uploads\/sites\/370\/2021\/12\/IMG-20211217-WA0010.jpg 1200w\" sizes=\"(max-width: 265px) 100vw, 265px\" \/><span style=\"color: initial;font-size: revert\">\u00a0 \u00a0 \u00a0 \u00a0 \u00a0 \u00a0 \u00a0 \u00a0 \u00a0 \u00a0 \u00a0 \u00a0 \u00a0 \u00a0<\/span><\/p>\n<p>\u00a0<\/p>\n<p>\u00a0<\/p>\n<p><img decoding=\"async\" class=\"wp-image-5953 alignright\" src=\"https:\/\/www.ufsm.br\/app\/uploads\/sites\/370\/2021\/12\/IMG-20211217-WA0012-768x1024.jpg\" alt=\"\" width=\"265\" height=\"354\" srcset=\"https:\/\/www.ufsm.br\/app\/uploads\/sites\/370\/2021\/12\/IMG-20211217-WA0012-768x1023.jpg 768w, https:\/\/www.ufsm.br\/app\/uploads\/sites\/370\/2021\/12\/IMG-20211217-WA0012-225x300.jpg 225w, https:\/\/www.ufsm.br\/app\/uploads\/sites\/370\/2021\/12\/IMG-20211217-WA0012-1153x1536.jpg 1153w, https:\/\/www.ufsm.br\/app\/uploads\/sites\/370\/2021\/12\/IMG-20211217-WA0012.jpg 1200w\" sizes=\"(max-width: 265px) 100vw, 265px\" \/><\/p>\n<p>\u00a0<\/p>\n<p>Continuando as atividade de extens\u00e3o, na quinta-feira (16), o Laborat\u00f3rio MECANIZA &#8211; NEMA, em mais uma oportunidade, realizou a mesma a\u00e7\u00e3o &#8211; \u201cManejo seguro de motosserras\u201d, nesta oportunidade atuaram no Distrito de Boca do Monte, no Centro Estadual de Diagn\u00f3stico e Pesquisa Florestal de Santa Maria.<\/p>\n<p>\u00a0<\/p>\n<p>Participaram produtores rurais, t\u00e9cnicos do Centro de Pesquisa Florestal e convidados. Confira as fotos a seguir.<\/p>\n<p><img decoding=\"async\" class=\"wp-image-5954 alignleft\" src=\"https:\/\/www.ufsm.br\/app\/uploads\/sites\/370\/2021\/12\/16-1-1024x683.jpg\" alt=\"\" width=\"448\" height=\"299\" srcset=\"https:\/\/www.ufsm.br\/app\/uploads\/sites\/370\/2021\/12\/16-1-1024x683.jpg 1024w, https:\/\/www.ufsm.br\/app\/uploads\/sites\/370\/2021\/12\/16-1-300x200.jpg 300w, https:\/\/www.ufsm.br\/app\/uploads\/sites\/370\/2021\/12\/16-1-768x512.jpg 768w, https:\/\/www.ufsm.br\/app\/uploads\/sites\/370\/2021\/12\/16-1-1536x1024.jpg 1536w, https:\/\/www.ufsm.br\/app\/uploads\/sites\/370\/2021\/12\/16-1-272x182.jpg 272w, https:\/\/www.ufsm.br\/app\/uploads\/sites\/370\/2021\/12\/16-1.jpg 1920w\" sizes=\"(max-width: 448px) 100vw, 448px\" \/> <img loading=\"lazy\" decoding=\"async\" class=\"wp-image-5955 aligncenter\" src=\"https:\/\/www.ufsm.br\/app\/uploads\/sites\/370\/2021\/12\/16-4-1024x683.jpg\" alt=\"\" width=\"449\" height=\"299\" srcset=\"https:\/\/www.ufsm.br\/app\/uploads\/sites\/370\/2021\/12\/16-4-1024x683.jpg 1024w, https:\/\/www.ufsm.br\/app\/uploads\/sites\/370\/2021\/12\/16-4-300x200.jpg 300w, https:\/\/www.ufsm.br\/app\/uploads\/sites\/370\/2021\/12\/16-4-768x512.jpg 768w, https:\/\/www.ufsm.br\/app\/uploads\/sites\/370\/2021\/12\/16-4-1536x1024.jpg 1536w, https:\/\/www.ufsm.br\/app\/uploads\/sites\/370\/2021\/12\/16-4-272x182.jpg 272w, https:\/\/www.ufsm.br\/app\/uploads\/sites\/370\/2021\/12\/16-4.jpg 1920w\" sizes=\"(max-width: 449px) 100vw, 449px\" \/> <img loading=\"lazy\" decoding=\"async\" class=\"wp-image-5956 alignright\" src=\"https:\/\/www.ufsm.br\/app\/uploads\/sites\/370\/2021\/12\/16-3-1024x740.jpg\" alt=\"\" width=\"446\" height=\"322\" srcset=\"https:\/\/www.ufsm.br\/app\/uploads\/sites\/370\/2021\/12\/16-3-1024x740.jpg 1024w, https:\/\/www.ufsm.br\/app\/uploads\/sites\/370\/2021\/12\/16-3-300x217.jpg 300w, https:\/\/www.ufsm.br\/app\/uploads\/sites\/370\/2021\/12\/16-3-768x555.jpg 768w, https:\/\/www.ufsm.br\/app\/uploads\/sites\/370\/2021\/12\/16-3-1536x1110.jpg 1536w, https:\/\/www.ufsm.br\/app\/uploads\/sites\/370\/2021\/12\/16-3.jpg 1920w\" sizes=\"(max-width: 446px) 100vw, 446px\" \/><\/p>\n<p>Os eventos foram organizados e promovidos pelo NEMA &#8211; UFSM, pela Emater\/RS-Ascar, pela Divis\u00e3o de Difus\u00e3o e Projetos em Educa\u00e7\u00e3o Ambiental\/RS, pela empresa Stihl, e pelo Patronato Shopping. Teve o apoio da Pr\u00f3-Reitoria de Extens\u00e3o da UFSM, do Gabinete de Projetos do Centro de Ci\u00eancias Rurais, da Comiss\u00e3o de Extens\u00e3o do referido Centro e da Comiss\u00e3o de Biosseguran\u00e7a da UFSM.\u00a0 \u00a0<\/p>\n<p>\u00a0<\/p>\n","protected":false},"excerpt":{"rendered":"<p>Nesta quarta-feira (15), o Laborat\u00f3rio MECANIZA, vinculado ao N\u00facleo de Ensaio de M\u00e1quinas Agr\u00edcolas da UFSM, em mais uma oportunidade, realizou a a\u00e7\u00e3o \u201cManejo seguro de motosserras\u201d. Esta edi\u00e7\u00e3o foi realizada no Distrito de S\u00e3o Valentim\/Tr\u00eas Palmeiras &#8211; Santa Maria, RS.\u00a0 Estiveram presentes produtores rurais e o Subprefeito do Distrito de S\u00e3o Valentim, o Sr. [&hellip;]<\/p>\n","protected":false},"author":260,"featured_media":0,"comment_status":"closed","ping_status":"closed","sticky":false,"template":"","format":"standard","meta":{"footnotes":""},"categories":[1],"tags":[83],"class_list":["post-5951","post","type-post","status-publish","format-standard","hentry","category-noticia","tag-maquinas-agricolas"],"acf":[],"_links":{"self":[{"href":"https:\/\/www.ufsm.br\/unidades-universitarias\/ccr\/wp-json\/wp\/v2\/posts\/5951","targetHints":{"allow":["GET"]}}],"collection":[{"href":"https:\/\/www.ufsm.br\/unidades-universitarias\/ccr\/wp-json\/wp\/v2\/posts"}],"about":[{"href":"https:\/\/www.ufsm.br\/unidades-universitarias\/ccr\/wp-json\/wp\/v2\/types\/post"}],"author":[{"embeddable":true,"href":"https:\/\/www.ufsm.br\/unidades-universitarias\/ccr\/wp-json\/wp\/v2\/users\/260"}],"replies":[{"embeddable":true,"href":"https:\/\/www.ufsm.br\/unidades-universitarias\/ccr\/wp-json\/wp\/v2\/comments?post=5951"}],"version-history":[{"count":0,"href":"https:\/\/www.ufsm.br\/unidades-universitarias\/ccr\/wp-json\/wp\/v2\/posts\/5951\/revisions"}],"wp:attachment":[{"href":"https:\/\/www.ufsm.br\/unidades-universitarias\/ccr\/wp-json\/wp\/v2\/media?parent=5951"}],"wp:term":[{"taxonomy":"category","embeddable":true,"href":"https:\/\/www.ufsm.br\/unidades-universitarias\/ccr\/wp-json\/wp\/v2\/categories?post=5951"},{"taxonomy":"post_tag","embeddable":true,"href":"https:\/\/www.ufsm.br\/unidades-universitarias\/ccr\/wp-json\/wp\/v2\/tags?post=5951"}],"curies":[{"name":"wp","href":"https:\/\/api.w.org\/{rel}","templated":true}]}}