{"id":2175,"date":"2018-11-12T09:55:13","date_gmt":"2018-11-12T11:55:13","guid":{"rendered":"https:\/\/www.ufsm.br\/unidades-universitarias\/ccs\/2018\/11\/12\/i-seminario-de-atencao-multiprofissional-a-saude-do-neonato-crianca-adolescente-e-familia\/"},"modified":"2018-11-12T09:55:13","modified_gmt":"2018-11-12T11:55:13","slug":"i-seminario-de-atencao-multiprofissional-a-saude-do-neonato-crianca-adolescente-e-familia","status":"publish","type":"post","link":"https:\/\/www.ufsm.br\/unidades-universitarias\/ccs\/2018\/11\/12\/i-seminario-de-atencao-multiprofissional-a-saude-do-neonato-crianca-adolescente-e-familia","title":{"rendered":"I Semin\u00e1rio de Aten\u00e7\u00e3o Multiprofissional \u00e0 Sa\u00fade do Neonato, Crian\u00e7a Adolescente e Fam\u00edlia"},"content":{"rendered":"<p><span style=\"color: #000000;\">De 28 a 30 de novembro ocorre no Audit&oacute;rio do Gulerpe, UFSM, o <strong>I Semin&aacute;rio de Aten&ccedil;&atilde;o Multiprofissional &agrave; Sa&uacute;de do Neonato, Crian&ccedil;a Adolescente e Fam&iacute;lia<\/strong>. <\/span><\/p>\n<p><span style=\"color: #000000;\">O evento tem por objetivo promover espa&ccedil;o para reflex&atilde;o, discuss&atilde;o e interc&acirc;mbio de conhecimentos t&eacute;cnico-cient&iacute;ficos entre pesquisadores, profissionais e estudantes das ci&ecirc;ncias da sa&uacute;de, ci&ecirc;ncias sociais e humanas e &aacute;reas afins na aten&ccedil;&atilde;o &agrave; Sa&uacute;de.<\/span><\/p>\n<p><span style=\"color: #000000;\">Informa&ccedil;&otilde;es sobre inscri&ccedil;&otilde;es e programa&ccedil;&atilde;o podem ser acessados no site do evento&nbsp;<a href=\"https:\/\/www.ufsm.br\/eventos\/i-seminario-de-atencao-multiprofissional-a-saude-do-neonato-crianca-adolescente-e-familia\/\" target=\"_blank\" data-saferedirecturl=\"https:\/\/www.google.com\/url?hl=pt-BR&amp;q=https:\/\/www.ufsm.br\/eventos\/i-seminario-de-atencao-multiprofissional-a-saude-do-neonato-crianca-adolescente-e-familia\/&amp;source=gmail&amp;ust=1542100944611000&amp;usg=AFQjCNHpVUJedIGNccdGTBzrD5-LVk6PHg\" style=\"color: #000000;\">https:\/\/www.ufsm.br\/eventos\/i-<wbr \/>seminario-de-atencao-<wbr \/>multiprofissional-a-saude-do-<wbr \/>neonato-crianca-adolescente-e-<wbr \/>familia\/<\/a><\/span><\/p>\n<div><span style=\"color: #000000;\">Acesse tamb&eacute;m a fanpage do evento no facebook:&nbsp;<a href=\"https:\/\/www.facebook.com\/ISeminariodeatencaomultiprofissionalsaudedacrianca\/\">https:\/\/www.facebook.com\/ISeminariodeatencaomultiprofissionalsaudedacrianca\/<\/a><a href=\"https:\/\/www.facebook.com\/ISeminariodeatencaomultiprofissionalsaudedacrianca\/\"><\/a><\/span><\/div>\n<div>&nbsp;<\/div>\n<div><img fetchpriority=\"high\" decoding=\"async\" class=\" size-full wp-image-2174\" src=\"https:\/\/www.ufsm.br\/unidades-universitarias\/ccs\/wp-content\/uploads\/sites\/371\/2018\/11\/convite_evento_divulgacao.png\" alt=\"convite evento divulgacao\" width=\"392\" height=\"554\" srcset=\"https:\/\/www.ufsm.br\/app\/uploads\/sites\/371\/2018\/11\/convite_evento_divulgacao.png 794w, https:\/\/www.ufsm.br\/app\/uploads\/sites\/371\/2018\/11\/convite_evento_divulgacao-212x300.png 212w, https:\/\/www.ufsm.br\/app\/uploads\/sites\/371\/2018\/11\/convite_evento_divulgacao-768x1086.png 768w, https:\/\/www.ufsm.br\/app\/uploads\/sites\/371\/2018\/11\/convite_evento_divulgacao-724x1024.png 724w\" sizes=\"(max-width: 392px) 100vw, 392px\" \/><\/div>\n","protected":false},"excerpt":{"rendered":"<p>De 28 a 30 de novembro ocorre no Audit&oacute;rio do Gulerpe, UFSM, o I Semin&aacute;rio de Aten&ccedil;&atilde;o Multiprofissional &agrave; Sa&uacute;de do Neonato, Crian&ccedil;a Adolescente e Fam&iacute;lia. O evento tem por objetivo promover espa&ccedil;o para reflex&atilde;o, discuss&atilde;o e interc&acirc;mbio de conhecimentos t&eacute;cnico-cient&iacute;ficos entre pesquisadores, profissionais e estudantes das ci&ecirc;ncias da sa&uacute;de, ci&ecirc;ncias sociais e humanas e [&hellip;]<\/p>\n","protected":false},"author":25,"featured_media":2174,"comment_status":"closed","ping_status":"closed","sticky":false,"template":"","format":"standard","meta":{"footnotes":""},"categories":[1],"tags":[],"class_list":["post-2175","post","type-post","status-publish","format-standard","has-post-thumbnail","hentry","category-noticias"],"acf":[],"_links":{"self":[{"href":"https:\/\/www.ufsm.br\/unidades-universitarias\/ccs\/wp-json\/wp\/v2\/posts\/2175","targetHints":{"allow":["GET"]}}],"collection":[{"href":"https:\/\/www.ufsm.br\/unidades-universitarias\/ccs\/wp-json\/wp\/v2\/posts"}],"about":[{"href":"https:\/\/www.ufsm.br\/unidades-universitarias\/ccs\/wp-json\/wp\/v2\/types\/post"}],"author":[{"embeddable":true,"href":"https:\/\/www.ufsm.br\/unidades-universitarias\/ccs\/wp-json\/wp\/v2\/users\/25"}],"replies":[{"embeddable":true,"href":"https:\/\/www.ufsm.br\/unidades-universitarias\/ccs\/wp-json\/wp\/v2\/comments?post=2175"}],"version-history":[{"count":0,"href":"https:\/\/www.ufsm.br\/unidades-universitarias\/ccs\/wp-json\/wp\/v2\/posts\/2175\/revisions"}],"wp:featuredmedia":[{"embeddable":true,"href":"https:\/\/www.ufsm.br\/unidades-universitarias\/ccs\/wp-json\/wp\/v2\/media\/2174"}],"wp:attachment":[{"href":"https:\/\/www.ufsm.br\/unidades-universitarias\/ccs\/wp-json\/wp\/v2\/media?parent=2175"}],"wp:term":[{"taxonomy":"category","embeddable":true,"href":"https:\/\/www.ufsm.br\/unidades-universitarias\/ccs\/wp-json\/wp\/v2\/categories?post=2175"},{"taxonomy":"post_tag","embeddable":true,"href":"https:\/\/www.ufsm.br\/unidades-universitarias\/ccs\/wp-json\/wp\/v2\/tags?post=2175"}],"curies":[{"name":"wp","href":"https:\/\/api.w.org\/{rel}","templated":true}]}}