{"id":3152,"date":"2020-06-24T18:44:17","date_gmt":"2020-06-24T21:44:17","guid":{"rendered":"https:\/\/www.ufsm.br\/unidades-universitarias\/ccs\/?p=3152"},"modified":"2020-06-24T18:44:17","modified_gmt":"2020-06-24T21:44:17","slug":"anais-do-ii-seminario-de-atencao-multiprofissional-a-saude-do-neonato-crianca-adolescente-e-familia","status":"publish","type":"post","link":"https:\/\/www.ufsm.br\/unidades-universitarias\/ccs\/2020\/06\/24\/anais-do-ii-seminario-de-atencao-multiprofissional-a-saude-do-neonato-crianca-adolescente-e-familia","title":{"rendered":"Anais do II Semin\u00e1rio de Aten\u00e7\u00e3o Multiprofissional \u00e0 Sa\u00fade do Neonato, Crian\u00e7a, Adolescente e Fam\u00edlia"},"content":{"rendered":"\n<p>O Programa de P\u00f3s Gradua\u00e7\u00e3o em Enfermagem vem divulgar os Anais do<strong> II Semin\u00e1rio de Aten\u00e7\u00e3o Multiprofissional \u00e0 Sa\u00fade do Neonato, Crian\u00e7a Adolescente e Fam\u00edlia<\/strong> que aconteceu entre os dias 21 e 22 de novembro do ano de 2019, na cidade de Santa Maria\/Rio Grande do Sul. O evento teve car\u00e1ter nacional e contou com a valiosa colabora\u00e7\u00e3o de renomados palestrantes nacionais e a participa\u00e7\u00e3o de ouvintes de v\u00e1rias institui\u00e7\u00f5es da cidade e do estado do RS.<br \/>\u00a0<\/p>\n<p>\u00a0<\/p>\n<p><a href=\"https:\/\/www.ufsm.br\/unidades-universitarias\/ccs\/wp-content\/uploads\/sites\/371\/2020\/06\/ANAIS_II_Seminario_CRIANDO_FINAL_2019.pdf\">ANAIS_II_Seminario_CRIANDO_FINAL_2019<\/a><\/p>\n","protected":false},"excerpt":{"rendered":"<p>O Programa de P\u00f3s Gradua\u00e7\u00e3o em Enfermagem vem divulgar os Anais do II Semin\u00e1rio de Aten\u00e7\u00e3o Multiprofissional \u00e0 Sa\u00fade do Neonato, Crian\u00e7a Adolescente e Fam\u00edlia que aconteceu entre os dias 21 e 22 de novembro do ano de 2019, na cidade de Santa Maria\/Rio Grande do Sul. O evento teve car\u00e1ter nacional e contou com [&hellip;]<\/p>\n","protected":false},"author":446,"featured_media":0,"comment_status":"closed","ping_status":"closed","sticky":false,"template":"","format":"standard","meta":{"footnotes":""},"categories":[1],"tags":[],"class_list":["post-3152","post","type-post","status-publish","format-standard","hentry","category-noticias"],"acf":[],"_links":{"self":[{"href":"https:\/\/www.ufsm.br\/unidades-universitarias\/ccs\/wp-json\/wp\/v2\/posts\/3152","targetHints":{"allow":["GET"]}}],"collection":[{"href":"https:\/\/www.ufsm.br\/unidades-universitarias\/ccs\/wp-json\/wp\/v2\/posts"}],"about":[{"href":"https:\/\/www.ufsm.br\/unidades-universitarias\/ccs\/wp-json\/wp\/v2\/types\/post"}],"author":[{"embeddable":true,"href":"https:\/\/www.ufsm.br\/unidades-universitarias\/ccs\/wp-json\/wp\/v2\/users\/446"}],"replies":[{"embeddable":true,"href":"https:\/\/www.ufsm.br\/unidades-universitarias\/ccs\/wp-json\/wp\/v2\/comments?post=3152"}],"version-history":[{"count":0,"href":"https:\/\/www.ufsm.br\/unidades-universitarias\/ccs\/wp-json\/wp\/v2\/posts\/3152\/revisions"}],"wp:attachment":[{"href":"https:\/\/www.ufsm.br\/unidades-universitarias\/ccs\/wp-json\/wp\/v2\/media?parent=3152"}],"wp:term":[{"taxonomy":"category","embeddable":true,"href":"https:\/\/www.ufsm.br\/unidades-universitarias\/ccs\/wp-json\/wp\/v2\/categories?post=3152"},{"taxonomy":"post_tag","embeddable":true,"href":"https:\/\/www.ufsm.br\/unidades-universitarias\/ccs\/wp-json\/wp\/v2\/tags?post=3152"}],"curies":[{"name":"wp","href":"https:\/\/api.w.org\/{rel}","templated":true}]}}