{"id":2752,"date":"2020-06-08T16:49:00","date_gmt":"2020-06-08T19:49:00","guid":{"rendered":"https:\/\/www.ufsm.br\/unidades-universitarias\/ccsh\/?p=2752"},"modified":"2020-06-08T16:49:00","modified_gmt":"2020-06-08T19:49:00","slug":"revista-o-qi-encerra-chamada-de-trabalhos-nesta-segunda","status":"publish","type":"post","link":"https:\/\/www.ufsm.br\/unidades-universitarias\/ccsh\/2020\/06\/08\/revista-o-qi-encerra-chamada-de-trabalhos-nesta-segunda","title":{"rendered":"Revista O QI encerra chamada de trabalhos nesta segunda"},"content":{"rendered":"\n<p class=\"wp-block-paragraph\">A Revista O QI, do curso de Produ\u00e7\u00e3o Editorial, para sua 9\u00aa edi\u00e7\u00e3o, recebe at\u00e9 o dia 8 de junho (segunda-feira), inscri\u00e7\u00e3o de trabalhos. <\/p>\n\n\n\n<p class=\"wp-block-paragraph\">Em celebra\u00e7\u00e3o aos 10 anos do curso de Produ\u00e7\u00e3o Editorial na UFSM, o Dossi\u00ea Tem\u00e1tico &#8220;Produ\u00e7\u00e3o Editorial Em Um Contexto de Inova\u00e7\u00e3o&#8221; visa trazer um resgate hist\u00f3rico do curso e abordar as diferentes \u00e1reas de atua\u00e7\u00e3o dos profissionais formados aqui.<\/p>\n\n\n\n<p class=\"wp-block-paragraph\">Para mais informa\u00e7\u00f5es: <br>E-mail para contato e envio de trabalhos:\u00a0<a rel=\"noreferrer noopener\" href=\"mailto:revistaoqi@gmail.com\" target=\"_blank\">revistaoqi@gmail.com<\/a><br>Blog:\u00a0<a rel=\"noreferrer noopener\" href=\"https:\/\/revistaoqi.wordpress.com\/\" target=\"_blank\">https:\/\/revistaoqi.wordpress.com\/<\/a><\/p>\n","protected":false},"excerpt":{"rendered":"<p>A Revista O QI, do curso de Produ\u00e7\u00e3o Editorial, para sua 9\u00aa edi\u00e7\u00e3o, recebe at\u00e9 o dia 8 de junho (segunda-feira), inscri\u00e7\u00e3o de trabalhos. Em celebra\u00e7\u00e3o aos 10 anos do curso de Produ\u00e7\u00e3o Editorial na UFSM, o Dossi\u00ea Tem\u00e1tico &#8220;Produ\u00e7\u00e3o Editorial Em Um Contexto de Inova\u00e7\u00e3o&#8221; visa trazer um resgate hist\u00f3rico do curso e abordar [&hellip;]<\/p>\n","protected":false},"author":274,"featured_media":0,"comment_status":"closed","ping_status":"closed","sticky":false,"template":"","format":"standard","meta":{"footnotes":""},"categories":[1],"tags":[73,879,522,371],"class_list":["post-2752","post","type-post","status-publish","format-standard","hentry","category-noticias","tag-ccsh","tag-coronavirus","tag-producao-editorial","tag-revista-cientifica"],"acf":[],"_links":{"self":[{"href":"https:\/\/www.ufsm.br\/unidades-universitarias\/ccsh\/wp-json\/wp\/v2\/posts\/2752","targetHints":{"allow":["GET"]}}],"collection":[{"href":"https:\/\/www.ufsm.br\/unidades-universitarias\/ccsh\/wp-json\/wp\/v2\/posts"}],"about":[{"href":"https:\/\/www.ufsm.br\/unidades-universitarias\/ccsh\/wp-json\/wp\/v2\/types\/post"}],"author":[{"embeddable":true,"href":"https:\/\/www.ufsm.br\/unidades-universitarias\/ccsh\/wp-json\/wp\/v2\/users\/274"}],"replies":[{"embeddable":true,"href":"https:\/\/www.ufsm.br\/unidades-universitarias\/ccsh\/wp-json\/wp\/v2\/comments?post=2752"}],"version-history":[{"count":0,"href":"https:\/\/www.ufsm.br\/unidades-universitarias\/ccsh\/wp-json\/wp\/v2\/posts\/2752\/revisions"}],"wp:attachment":[{"href":"https:\/\/www.ufsm.br\/unidades-universitarias\/ccsh\/wp-json\/wp\/v2\/media?parent=2752"}],"wp:term":[{"taxonomy":"category","embeddable":true,"href":"https:\/\/www.ufsm.br\/unidades-universitarias\/ccsh\/wp-json\/wp\/v2\/categories?post=2752"},{"taxonomy":"post_tag","embeddable":true,"href":"https:\/\/www.ufsm.br\/unidades-universitarias\/ccsh\/wp-json\/wp\/v2\/tags?post=2752"}],"curies":[{"name":"wp","href":"https:\/\/api.w.org\/{rel}","templated":true}]}}