{"id":4427,"date":"2023-11-16T15:30:59","date_gmt":"2023-11-16T18:30:59","guid":{"rendered":"https:\/\/www.ufsm.br\/unidades-universitarias\/ccsh\/?p=4427"},"modified":"2023-11-16T15:32:37","modified_gmt":"2023-11-16T18:32:37","slug":"relatos-de-extensao-2023-marketing-social-e-causas-sociais","status":"publish","type":"post","link":"https:\/\/www.ufsm.br\/unidades-universitarias\/ccsh\/2023\/11\/16\/relatos-de-extensao-2023-marketing-social-e-causas-sociais","title":{"rendered":"Relatos de Extens\u00e3o 2023: Marketing Social e Causas Sociais"},"content":{"rendered":"\t\t<div data-elementor-type=\"wp-post\" data-elementor-id=\"4427\" class=\"elementor elementor-4427\">\n\t\t\t\t\t\t<section class=\"elementor-section elementor-top-section elementor-element elementor-element-838a584 elementor-section-boxed elementor-section-height-default elementor-section-height-default\" data-id=\"838a584\" data-element_type=\"section\">\n\t\t\t\t\t\t<div class=\"elementor-container elementor-column-gap-default\">\n\t\t\t\t\t<div class=\"elementor-column elementor-col-100 elementor-top-column elementor-element elementor-element-415e29e\" data-id=\"415e29e\" data-element_type=\"column\">\n\t\t\t<div class=\"elementor-widget-wrap elementor-element-populated\">\n\t\t\t\t\t\t<div class=\"elementor-element elementor-element-e7de14e elementor-widget elementor-widget-accordion\" data-id=\"e7de14e\" data-element_type=\"widget\" data-widget_type=\"accordion.default\">\n\t\t\t\t<div class=\"elementor-widget-container\">\n\t\t\t\t\t<div class=\"elementor-accordion\">\n\t\t\t\t\t\t\t<div class=\"elementor-accordion-item\">\n\t\t\t\t\t<div id=\"elementor-tab-title-2431\" class=\"elementor-tab-title\" data-tab=\"1\" role=\"button\" aria-controls=\"elementor-tab-content-2431\" aria-expanded=\"false\">\n\t\t\t\t\t\t\t\t\t\t\t\t\t<span class=\"elementor-accordion-icon elementor-accordion-icon-left\" aria-hidden=\"true\">\n\t\t\t\t\t\t\t\t\t\t\t\t\t\t\t<span class=\"elementor-accordion-icon-closed\"><i class=\"fas fa-plus\"><\/i><\/span>\n\t\t\t\t\t\t\t\t<span class=\"elementor-accordion-icon-opened\"><i class=\"fas fa-minus\"><\/i><\/span>\n\t\t\t\t\t\t\t\t\t\t\t\t\t\t<\/span>\n\t\t\t\t\t\t\t\t\t\t\t\t<a class=\"elementor-accordion-title\" tabindex=\"0\">Raio-X do projeto<\/a>\n\t\t\t\t\t<\/div>\n\t\t\t\t\t<div id=\"elementor-tab-content-2431\" class=\"elementor-tab-content elementor-clearfix\" data-tab=\"1\" role=\"region\" aria-labelledby=\"elementor-tab-title-2431\"><p><strong>N\u00famero:<\/strong> 053825<\/p><p><strong>Nome do projeto:<\/strong> Marketing Social e Causas Sociais: Novos Caminhos<\/p><p><strong>Coordena\u00e7\u00e3o:<\/strong> Marta Olivia Rovedder de Oliveira<\/p><p><strong>Objetivo geral:<\/strong> Aproximar a Universidade das institui\u00e7\u00f5es sociais, aumentando o v\u00ednculo com as mesmas; fortalecer a extens\u00e3o acad\u00eamica e o relacionamento entre a UFSM com a comunidade externa; apoiar uma institui\u00e7\u00e3o social com material humano, cient\u00edfico\/conceitual e fomento ou desenvolvimento de a\u00e7\u00f5es de marketing.<\/p><p><strong>Linhas de extens\u00e3o:<\/strong> Gest\u00e3o Institucional<\/p><p><strong>Per\u00edodo de realiza\u00e7\u00e3o:<\/strong> 09\/03\/2020 a 01\/04\/2025<\/p><p><strong>ODS:<\/strong> 03\u00a0<\/p><\/div>\n\t\t\t\t<\/div>\n\t\t\t\t\t\t\t\t<\/div>\n\t\t\t\t<\/div>\n\t\t\t\t<\/div>\n\t\t\t\t\t<\/div>\n\t\t<\/div>\n\t\t\t\t\t<\/div>\n\t\t<\/section>\n\t\t\t\t<section class=\"elementor-section elementor-top-section elementor-element elementor-element-0df8be6 elementor-section-boxed elementor-section-height-default elementor-section-height-default\" data-id=\"0df8be6\" data-element_type=\"section\">\n\t\t\t\t\t\t<div class=\"elementor-container elementor-column-gap-default\">\n\t\t\t\t\t<div class=\"elementor-column elementor-col-100 elementor-top-column elementor-element elementor-element-d0d9ab0\" data-id=\"d0d9ab0\" data-element_type=\"column\">\n\t\t\t<div class=\"elementor-widget-wrap elementor-element-populated\">\n\t\t\t\t\t\t<div class=\"elementor-element elementor-element-df51676 elementor-widget elementor-widget-text-editor\" data-id=\"df51676\" data-element_type=\"widget\" data-widget_type=\"text-editor.default\">\n\t\t\t\t<div class=\"elementor-widget-container\">\n\t\t\t\t\t\t\t<p dir=\"ltr\"><img fetchpriority=\"high\" decoding=\"async\" class=\"alignleft wp-image-4428\" src=\"https:\/\/www.ufsm.br\/app\/uploads\/sites\/372\/2023\/10\/IMG_8591-1.jpg\" alt=\"\" width=\"330\" height=\"330\" \/>O Centro de Apoio \u00e0 Crian\u00e7a com C\u00e2ncer (CACC) foi fundado em 1996 em Santa Maria, com objetivo acolher crian\u00e7as e adolescentes carentes de 0 a 21 anos portadoras de c\u00e2ncer, e um acompanhante, para hospedagem gratuita durante o tratamento hemato-oncol\u00f3gico oferecido pelo Hospital Universit\u00e1rio de Santa Maria (HUSM). \u00c9 uma institui\u00e7\u00e3o filantr\u00f3pica, localizada a aproximadamente 590 metros do arco da UFSM, que \u00e9 mantida por meio de doa\u00e7\u00f5es e arrecada\u00e7\u00e3o de recursos. Al\u00e9m de ter um brech\u00f3, em que a quantia arrecadada \u00e9 revertida diretamente para a Institui\u00e7\u00e3o.<\/p><p dir=\"ltr\">Com uma parceria de quase 10 anos com o Centro de Apoio \u00e0 Crian\u00e7a com C\u00e2ncer, o projeto \u201cMarketing Social e Causas Sociais: Novos Caminhos\u201d promove diversas a\u00e7\u00f5es de Marketing para a divulga\u00e7\u00e3o da Institui\u00e7\u00e3o. Desde 2015 a iniciativa realiza o planejamento estrat\u00e9gico de marketing, produz folders e materiais para as redes sociais, criou o <a href=\"http:\/\/www.cacc.org.br\/\">site<\/a>, fez ajustes da logomarca, divulga\u00e7\u00e3o do programa Nota Fiscal Ga\u00facha e campanhas de arrecada\u00e7\u00e3o de doa\u00e7\u00f5es. Este ano, al\u00e9m do suporte nas m\u00eddias sociais, o projeto est\u00e1 desenvolvendo um informativo impresso com as a\u00e7\u00f5es que acontecem no CACC.\u00a0<\/p><p dir=\"ltr\">Inicialmente a a\u00e7\u00e3o era um projeto de ensino, criado pela inquieta\u00e7\u00e3o da docente do Departamento de Ci\u00eancias Administrativas, Marta Oliveira, com o ent\u00e3o colega, professor Diego Marconatto, em levar um exerc\u00edcio que relacionasse a teoria e a pr\u00e1tica no curso de Administra\u00e7\u00e3o. Segundo Marta, que coordena o projeto, foi proposta a atividade de trazer para sala de aula algum gestor de organiza\u00e7\u00e3o, ele apresentaria seus problemas e os discentes deveriam tentar resolv\u00ea-los. O CACC foi a primeira ONG a ser convidada a participar: \u201cAo final do semestre os discentes queriam seguir trabalhando nos projetos em fun\u00e7\u00e3o do CACC, ent\u00e3o criei o projeto de extens\u00e3o\u201d, afirma Marta.<\/p><p dir=\"ltr\"><img decoding=\"async\" class=\"wp-image-4429 alignright\" src=\"https:\/\/www.ufsm.br\/app\/uploads\/sites\/372\/2023\/10\/WhatsApp-Image-2023-08-28-at-10.56.53.jpeg\" alt=\"\" width=\"460\" height=\"345\" srcset=\"https:\/\/www.ufsm.br\/app\/uploads\/sites\/372\/2023\/10\/WhatsApp-Image-2023-08-28-at-10.56.53.jpeg 1024w, https:\/\/www.ufsm.br\/app\/uploads\/sites\/372\/2023\/10\/WhatsApp-Image-2023-08-28-at-10.56.53-300x225.jpeg 300w, https:\/\/www.ufsm.br\/app\/uploads\/sites\/372\/2023\/10\/WhatsApp-Image-2023-08-28-at-10.56.53-768x576.jpeg 768w\" sizes=\"(max-width: 460px) 100vw, 460px\" \/>Marta explica que os participantes da a\u00e7\u00e3o de extens\u00e3o atuam em reuni\u00f5es, planejamentos, eventos, e no desenvolvimento das atividades. \u201cTanto para os bolsistas, quanto para os volunt\u00e1rios que participam \u00e9 uma oportunidade de verificar a teoria que aprendem em sala de aula, e coloc\u00e1-las em pr\u00e1tica para uma organiza\u00e7\u00e3o social\u201d, declara a docente. Bolsista da iniciativa, a discente de Administra\u00e7\u00e3o Amanda Klein, conta que seu interesse na \u00e1rea de Marketing e o trabalho com uma Institui\u00e7\u00e3o Filantr\u00f3pica a motivaram a participar da a\u00e7\u00e3o.\u00a0<\/p><p dir=\"ltr\">Volunt\u00e1ria do CACC desde 2014, Dania Amaral de Lima Oliveira, recebeu capacita\u00e7\u00f5es do projeto Marketing Social, para o gerenciamento de redes sociais e para o site da Institui\u00e7\u00e3o. Dania conta que inicialmente comparecia uma vez por semana, por\u00e9m seu apego \u00e0 causa resultou na dedica\u00e7\u00e3o especial \u00e0 ONG, e hoje a frequenta todos os dias. Segundo ela, o projeto \u00e9 essencial pois aumenta a visibilidade do CACC, e assim, a arrecada\u00e7\u00e3o de recursos para a institui\u00e7\u00e3o. \u201cPara manter uma casa de acolhimento, com qualidade, tem que ter recurso financeiro. Para termos recursos, temos que mostrar o trabalho, e conseguimos mostrar bem as a\u00e7\u00f5es realizadas pelo CACC atrav\u00e9s do projeto\u201d, afirma Dania.<\/p><p dir=\"ltr\">O projeto realiza outras a\u00e7\u00f5es al\u00e9m da parceria com o CACC, como o evento Saber Social, que capacita Gestores e Presidentes de Institui\u00e7\u00f5es Filantr\u00f3picas e Ongs de Santa Maria, por meio de palestras e oficinas. E tamb\u00e9m a Feira do Voluntariado, realizada no ano de 2019, em que Ongs da cidade foram apresentadas para a comunidade. O v\u00ednculo entre o CACC e o projeto formou, devido a longa parceria, uma conex\u00e3o de assist\u00eancia m\u00fatua, em que a a\u00e7\u00e3o contribui com a expans\u00e3o do CACC, e desta forma, amplia a rede de amparo para as crian\u00e7as e jovens que est\u00e3o em tratamento do c\u00e2ncer. \u201cA contribui\u00e7\u00e3o para a comunidade \u00e9 ineg\u00e1vel porque uma institui\u00e7\u00e3o como o CACC \u00e9 fundamental para a sociedade, e sentimos que nossas a\u00e7\u00f5es fazem diferen\u00e7a e contribuem para a institui\u00e7\u00e3o\u201d, afirma a coordenadora.<\/p>\t\t\t\t\t\t<\/div>\n\t\t\t\t<\/div>\n\t\t\t\t\t<\/div>\n\t\t<\/div>\n\t\t\t\t\t<\/div>\n\t\t<\/section>\n\t\t\t\t<section class=\"elementor-section elementor-top-section elementor-element elementor-element-d8963dd elementor-section-boxed elementor-section-height-default elementor-section-height-default\" data-id=\"d8963dd\" data-element_type=\"section\">\n\t\t\t\t\t\t<div class=\"elementor-container elementor-column-gap-default\">\n\t\t\t\t\t<div class=\"elementor-column elementor-col-100 elementor-top-column elementor-element elementor-element-565afe1\" data-id=\"565afe1\" data-element_type=\"column\">\n\t\t\t<div class=\"elementor-widget-wrap elementor-element-populated\">\n\t\t\t\t\t\t<div class=\"elementor-element elementor-element-0a2b2b8 elementor-widget-divider--view-line elementor-widget elementor-widget-divider\" data-id=\"0a2b2b8\" data-element_type=\"widget\" data-widget_type=\"divider.default\">\n\t\t\t\t<div class=\"elementor-widget-container\">\n\t\t\t\t\t<div class=\"elementor-divider\">\n\t\t\t<span class=\"elementor-divider-separator\">\n\t\t\t\t\t\t<\/span>\n\t\t<\/div>\n\t\t\t\t<\/div>\n\t\t\t\t<\/div>\n\t\t\t\t\t<\/div>\n\t\t<\/div>\n\t\t\t\t\t<\/div>\n\t\t<\/section>\n\t\t\t\t<section class=\"elementor-section elementor-top-section elementor-element elementor-element-d5993b8 elementor-section-boxed elementor-section-height-default elementor-section-height-default\" data-id=\"d5993b8\" data-element_type=\"section\">\n\t\t\t\t\t\t<div class=\"elementor-container elementor-column-gap-default\">\n\t\t\t\t\t<div class=\"elementor-column elementor-col-100 elementor-top-column elementor-element elementor-element-87c12af\" data-id=\"87c12af\" data-element_type=\"column\">\n\t\t\t<div class=\"elementor-widget-wrap elementor-element-populated\">\n\t\t\t\t\t\t<div class=\"elementor-element elementor-element-943fb6c elementor-widget elementor-widget-heading\" data-id=\"943fb6c\" data-element_type=\"widget\" data-widget_type=\"heading.default\">\n\t\t\t\t<div class=\"elementor-widget-container\">\n\t\t\t<h2 class=\"elementor-heading-title elementor-size-large\">Voc\u00ea Sabia?<\/h2>\t\t<\/div>\n\t\t\t\t<\/div>\n\t\t\t\t<div class=\"elementor-element elementor-element-993beda elementor-widget elementor-widget-text-editor\" data-id=\"993beda\" data-element_type=\"widget\" data-widget_type=\"text-editor.default\">\n\t\t\t\t<div class=\"elementor-widget-container\">\n\t\t\t\t\t\t\t<p>O Programa Nota Fiscal Ga\u00facha beneficia as entidades cadastradas no programa. O CACC faz parte destas entidades, para ajudar a institui\u00e7\u00e3o, entre <strong><a href=\"https:\/\/nfg.sefaz.rs.gov.br\/site\/index.aspx\">no site<\/a><\/strong>, fa\u00e7a seu cadastro e indique o Centro de Apoio \u00e0 crian\u00e7a com C\u00e2ncer como entidade social. Depois disso, em cada compra que realizar informe seu CPF para que a nota fiscal participe do programa.<\/p>\t\t\t\t\t\t<\/div>\n\t\t\t\t<\/div>\n\t\t\t\t\t<\/div>\n\t\t<\/div>\n\t\t\t\t\t<\/div>\n\t\t<\/section>\n\t\t\t\t<section class=\"elementor-section elementor-top-section elementor-element elementor-element-f71ddef elementor-section-boxed elementor-section-height-default elementor-section-height-default\" data-id=\"f71ddef\" data-element_type=\"section\">\n\t\t\t\t\t\t<div class=\"elementor-container elementor-column-gap-default\">\n\t\t\t\t\t<div class=\"elementor-column elementor-col-100 elementor-top-column elementor-element elementor-element-5449ce5\" data-id=\"5449ce5\" data-element_type=\"column\">\n\t\t\t<div class=\"elementor-widget-wrap elementor-element-populated\">\n\t\t\t\t\t\t<div class=\"elementor-element elementor-element-fc5475f elementor-widget elementor-widget-text-editor\" data-id=\"fc5475f\" data-element_type=\"widget\" data-widget_type=\"text-editor.default\">\n\t\t\t\t<div class=\"elementor-widget-container\">\n\t\t\t\t\t\t\t<p><em>Texto por: J\u00falia Almeida<\/em><\/p>\t\t\t\t\t\t<\/div>\n\t\t\t\t<\/div>\n\t\t\t\t\t<\/div>\n\t\t<\/div>\n\t\t\t\t\t<\/div>\n\t\t<\/section>\n\t\t\t\t<\/div>\n\t\t","protected":false},"excerpt":{"rendered":"<p>Raio-X do projeto N\u00famero: 053825 Nome do projeto: Marketing Social e Causas Sociais: Novos Caminhos Coordena\u00e7\u00e3o: Marta Olivia Rovedder de Oliveira Objetivo geral: Aproximar a Universidade das institui\u00e7\u00f5es sociais, aumentando o v\u00ednculo com as mesmas; fortalecer a extens\u00e3o acad\u00eamica e o relacionamento entre a UFSM com a comunidade externa; apoiar uma institui\u00e7\u00e3o social com material [&hellip;]<\/p>\n","protected":false},"author":6845,"featured_media":0,"comment_status":"closed","ping_status":"closed","sticky":false,"template":"","format":"standard","meta":{"footnotes":""},"categories":[1],"tags":[],"class_list":["post-4427","post","type-post","status-publish","format-standard","hentry","category-noticias"],"acf":[],"_links":{"self":[{"href":"https:\/\/www.ufsm.br\/unidades-universitarias\/ccsh\/wp-json\/wp\/v2\/posts\/4427","targetHints":{"allow":["GET"]}}],"collection":[{"href":"https:\/\/www.ufsm.br\/unidades-universitarias\/ccsh\/wp-json\/wp\/v2\/posts"}],"about":[{"href":"https:\/\/www.ufsm.br\/unidades-universitarias\/ccsh\/wp-json\/wp\/v2\/types\/post"}],"author":[{"embeddable":true,"href":"https:\/\/www.ufsm.br\/unidades-universitarias\/ccsh\/wp-json\/wp\/v2\/users\/6845"}],"replies":[{"embeddable":true,"href":"https:\/\/www.ufsm.br\/unidades-universitarias\/ccsh\/wp-json\/wp\/v2\/comments?post=4427"}],"version-history":[{"count":0,"href":"https:\/\/www.ufsm.br\/unidades-universitarias\/ccsh\/wp-json\/wp\/v2\/posts\/4427\/revisions"}],"wp:attachment":[{"href":"https:\/\/www.ufsm.br\/unidades-universitarias\/ccsh\/wp-json\/wp\/v2\/media?parent=4427"}],"wp:term":[{"taxonomy":"category","embeddable":true,"href":"https:\/\/www.ufsm.br\/unidades-universitarias\/ccsh\/wp-json\/wp\/v2\/categories?post=4427"},{"taxonomy":"post_tag","embeddable":true,"href":"https:\/\/www.ufsm.br\/unidades-universitarias\/ccsh\/wp-json\/wp\/v2\/tags?post=4427"}],"curies":[{"name":"wp","href":"https:\/\/api.w.org\/{rel}","templated":true}]}}