{"id":8153,"date":"2026-09-01T16:08:02","date_gmt":"2026-09-01T19:08:02","guid":{"rendered":"https:\/\/www.ufsm.br\/unidades-universitarias\/ccsh\/?p=8153"},"modified":"2026-09-01T16:39:41","modified_gmt":"2026-09-01T19:39:41","slug":"2a-feira-do-voluntariado-aproxima-comunidade-academica-de-instituicoes-e-acoes-sociais-de-santa-maria","status":"publish","type":"post","link":"https:\/\/www.ufsm.br\/unidades-universitarias\/ccsh\/2026\/09\/01\/2a-feira-do-voluntariado-aproxima-comunidade-academica-de-instituicoes-e-acoes-sociais-de-santa-maria","title":{"rendered":"2\u00aa Feira do Voluntariado aproxima comunidade acad\u00eamica de institui\u00e7\u00f5es e a\u00e7\u00f5es sociais de Santa Maria"},"content":{"rendered":"\t\t<div data-elementor-type=\"wp-post\" data-elementor-id=\"8153\" class=\"elementor elementor-8153\">\n\t\t\t\t\t\t<section class=\"elementor-section elementor-top-section elementor-element elementor-element-41799ba elementor-section-boxed elementor-section-height-default elementor-section-height-default\" data-id=\"41799ba\" data-element_type=\"section\">\n\t\t\t\t\t\t<div class=\"elementor-container elementor-column-gap-default\">\n\t\t\t\t\t<div class=\"elementor-column elementor-col-100 elementor-top-column elementor-element elementor-element-0fecdc5\" data-id=\"0fecdc5\" data-element_type=\"column\">\n\t\t\t<div class=\"elementor-widget-wrap elementor-element-populated\">\n\t\t\t\t\t\t<div class=\"elementor-element elementor-element-1aa5396 elementor-widget elementor-widget-text-editor\" data-id=\"1aa5396\" data-element_type=\"widget\" data-widget_type=\"text-editor.default\">\n\t\t\t\t<div class=\"elementor-widget-container\">\n\t\t\t\t\t\t\t<p><span style=\"font-weight: 400\">O Centro de Ci\u00eancias Sociais e Humanas (CCSH) recebeu, na quinta-feira (27), a 2\u00aa edi\u00e7\u00e3o da Feira do Voluntariado. A iniciativa \u00e9 promovida pelo programa de extens\u00e3o Saber Social, vinculado ao Departamento de Ci\u00eancias Administrativas da UFSM, em parceria com o Sesc Santa Maria.<\/span><\/p><p><span style=\"font-weight: 400\">A Feira do Voluntariado foi realizada como um meio de aproximar a comunidade acad\u00eamica de institui\u00e7\u00f5es filantr\u00f3picas, organiza\u00e7\u00f5es n\u00e3o governamentais (ONGs) e projetos sociais que atuam em Santa Maria, incentivando dessa forma, a pr\u00e1tica do voluntariado e apresentando ao corpo universit\u00e1rio as diferentes possibilidades de participa\u00e7\u00e3o em a\u00e7\u00f5es sociais. O programa de extens\u00e3o Saber Social \u00e9 desenvolvido com o objetivo de promover um espa\u00e7o de troca de conhecimentos entre gestores de diversas ONGs de Santa Maria, al\u00e9m de auxiliar na capacita\u00e7\u00e3o desses administradores de projetos sociais.<\/span><\/p>\t\t\t\t\t\t<\/div>\n\t\t\t\t<\/div>\n\t\t\t\t\t<\/div>\n\t\t<\/div>\n\t\t\t\t\t<\/div>\n\t\t<\/section>\n\t\t\t\t<section class=\"elementor-section elementor-top-section elementor-element elementor-element-2c6fd3a elementor-section-boxed elementor-section-height-default elementor-section-height-default\" data-id=\"2c6fd3a\" data-element_type=\"section\">\n\t\t\t\t\t\t<div class=\"elementor-container elementor-column-gap-default\">\n\t\t\t\t\t<div class=\"elementor-column elementor-col-50 elementor-top-column elementor-element elementor-element-e781f3d\" data-id=\"e781f3d\" data-element_type=\"column\">\n\t\t\t<div class=\"elementor-widget-wrap elementor-element-populated\">\n\t\t\t\t\t\t<div class=\"elementor-element elementor-element-418cde2 elementor-widget elementor-widget-text-editor\" data-id=\"418cde2\" data-element_type=\"widget\" data-widget_type=\"text-editor.default\">\n\t\t\t\t<div class=\"elementor-widget-container\">\n\t\t\t\t\t\t\t<p><span style=\"font-weight: 400\">A abertura do evento aconteceu no audit\u00f3rio do CCSH, no pr\u00e9dio 74C, e contou com palestras e bate-papos. Para iniciar as atividades, o secret\u00e1rio de Resili\u00eancia Clim\u00e1tica e Rela\u00e7\u00f5es Comunit\u00e1rias de Santa Maria, Edson Roberto das Neves Junior, ministrou a palestra \u201cResili\u00eancia Clim\u00e1tica\u201d e, na sequ\u00eancia, a assistente social Elis\u00e2ngela Medianeira Rodrigues conduziu a conversa \u201cVoluntariado: quando a vontade encontra o compromisso\u201d.\u00a0<\/span><\/p><p><span style=\"font-weight: 400\">A mesa de abertura tamb\u00e9m contou com a presen\u00e7a da vice-prefeita de Santa Maria, L\u00facia Rejane da Rosa Gama Madruga; da pr\u00f3-reitora de Extens\u00e3o da UFSM, professora Milena Freire; da vice-diretora do CCSH, professora Mitieli Seixas da Silva; do chefe do Departamento de Ci\u00eancias Administrativas, professor Mauri Leodir L\u00f6bler; do diretor do Sesc Santa Maria, Fl\u00e1vio Dias; e da coordenadora do programa de extens\u00e3o Saber Social, professora Marta Ol\u00edvia Rovedder de Oliveira. <\/span><\/p>\t\t\t\t\t\t<\/div>\n\t\t\t\t<\/div>\n\t\t\t\t\t<\/div>\n\t\t<\/div>\n\t\t\t\t<div class=\"elementor-column elementor-col-50 elementor-top-column elementor-element elementor-element-c330e23\" data-id=\"c330e23\" data-element_type=\"column\">\n\t\t\t<div class=\"elementor-widget-wrap elementor-element-populated\">\n\t\t\t\t\t\t<div class=\"elementor-element elementor-element-0076c41 elementor-widget elementor-widget-image\" data-id=\"0076c41\" data-element_type=\"widget\" data-widget_type=\"image.default\">\n\t\t\t\t<div class=\"elementor-widget-container\">\n\t\t\t\t\t\t\t\t\t\t<figure class=\"wp-caption\">\n\t\t\t\t\t\t\t\t\t\t<img fetchpriority=\"high\" decoding=\"async\" width=\"1024\" height=\"681\" src=\"https:\/\/www.ufsm.br\/app\/uploads\/sites\/372\/2026\/09\/DSC_0390-1024x681.jpg\" class=\"attachment-large size-large wp-image-8154\" alt=\"\" srcset=\"https:\/\/www.ufsm.br\/app\/uploads\/sites\/372\/2026\/09\/DSC_0390-1024x681.jpg 1024w, https:\/\/www.ufsm.br\/app\/uploads\/sites\/372\/2026\/09\/DSC_0390-300x200.jpg 300w, https:\/\/www.ufsm.br\/app\/uploads\/sites\/372\/2026\/09\/DSC_0390-768x511.jpg 768w, https:\/\/www.ufsm.br\/app\/uploads\/sites\/372\/2026\/09\/DSC_0390-1536x1022.jpg 1536w, https:\/\/www.ufsm.br\/app\/uploads\/sites\/372\/2026\/09\/DSC_0390-272x182.jpg 272w, https:\/\/www.ufsm.br\/app\/uploads\/sites\/372\/2026\/09\/DSC_0390.jpg 1920w\" sizes=\"(max-width: 1024px) 100vw, 1024px\" \/>\t\t\t\t\t\t\t\t\t\t\t<figcaption class=\"widget-image-caption wp-caption-text\">Sentados \u00e0 mesa, da esquerda para a direita: professor Mauri Lobler, pr\u00f3-reitora de extens\u00e3o, Milena Freire; vice-diretora do CCSH, Mitieli Seixas; vice-prefeita de Santa Maria, L\u00facia Rejane Madrugada; diretor do Sesc Santa Maria, Fl\u00e1vio Dias; e coordenadora do Saber Social, Marta Ol\u00edvia de Oliveira.<\/figcaption>\n\t\t\t\t\t\t\t\t\t\t<\/figure>\n\t\t\t\t\t\t\t<\/div>\n\t\t\t\t<\/div>\n\t\t\t\t\t<\/div>\n\t\t<\/div>\n\t\t\t\t\t<\/div>\n\t\t<\/section>\n\t\t\t\t<section class=\"elementor-section elementor-top-section elementor-element elementor-element-bc67c09 elementor-section-boxed elementor-section-height-default elementor-section-height-default\" data-id=\"bc67c09\" data-element_type=\"section\">\n\t\t\t\t\t\t<div class=\"elementor-container elementor-column-gap-default\">\n\t\t\t\t\t<div class=\"elementor-column elementor-col-100 elementor-top-column elementor-element elementor-element-1b86020\" data-id=\"1b86020\" data-element_type=\"column\">\n\t\t\t<div class=\"elementor-widget-wrap elementor-element-populated\">\n\t\t\t\t\t\t<div class=\"elementor-element elementor-element-9c1b19a elementor-widget elementor-widget-text-editor\" data-id=\"9c1b19a\" data-element_type=\"widget\" data-widget_type=\"text-editor.default\">\n\t\t\t\t<div class=\"elementor-widget-container\">\n\t\t\t\t\t\t\t<p><span style=\"font-weight: 400\">Durante a programa\u00e7\u00e3o, os estandes das institui\u00e7\u00f5es participantes foram instalados no hall do pr\u00e9dio 74C, das 9h \u00e0s 12h. O espa\u00e7o possibilitou o contato direto do p\u00fablico com organiza\u00e7\u00f5es e iniciativas que desenvolvem a\u00e7\u00f5es voltadas \u00e0 comunidade de Santa Maria. <\/span><\/p>\t\t\t\t\t\t<\/div>\n\t\t\t\t<\/div>\n\t\t\t\t\t<\/div>\n\t\t<\/div>\n\t\t\t\t\t<\/div>\n\t\t<\/section>\n\t\t\t\t<section class=\"elementor-section elementor-top-section elementor-element elementor-element-7500019 elementor-section-boxed elementor-section-height-default elementor-section-height-default\" data-id=\"7500019\" data-element_type=\"section\">\n\t\t\t\t\t\t<div class=\"elementor-container elementor-column-gap-default\">\n\t\t\t\t\t<div class=\"elementor-column elementor-col-100 elementor-top-column elementor-element elementor-element-49b045e\" data-id=\"49b045e\" data-element_type=\"column\">\n\t\t\t<div class=\"elementor-widget-wrap elementor-element-populated\">\n\t\t\t\t\t\t<div class=\"elementor-element elementor-element-024e222 elementor-arrows-position-inside elementor-pagination-position-outside elementor-widget elementor-widget-image-carousel\" data-id=\"024e222\" data-element_type=\"widget\" data-settings=\"{&quot;navigation&quot;:&quot;both&quot;,&quot;autoplay&quot;:&quot;yes&quot;,&quot;pause_on_hover&quot;:&quot;yes&quot;,&quot;pause_on_interaction&quot;:&quot;yes&quot;,&quot;autoplay_speed&quot;:5000,&quot;infinite&quot;:&quot;yes&quot;,&quot;speed&quot;:500}\" data-widget_type=\"image-carousel.default\">\n\t\t\t\t<div class=\"elementor-widget-container\">\n\t\t\t\t\t<div class=\"elementor-image-carousel-wrapper swiper\" dir=\"ltr\">\n\t\t\t<div class=\"elementor-image-carousel swiper-wrapper\" aria-live=\"off\">\n\t\t\t\t\t\t\t\t<div class=\"swiper-slide\" role=\"group\" aria-roledescription=\"slide\" aria-label=\"1 of 15\"><figure class=\"swiper-slide-inner\"><img decoding=\"async\" class=\"swiper-slide-image\" src=\"https:\/\/www.ufsm.br\/app\/uploads\/sites\/372\/2026\/09\/DSC_0472-1024x681.jpg\" alt=\"DSC_0472\" \/><\/figure><\/div><div class=\"swiper-slide\" role=\"group\" aria-roledescription=\"slide\" aria-label=\"2 of 15\"><figure class=\"swiper-slide-inner\"><img decoding=\"async\" class=\"swiper-slide-image\" src=\"https:\/\/www.ufsm.br\/app\/uploads\/sites\/372\/2026\/09\/DSC_0467-1024x681.jpg\" alt=\"DSC_0467\" \/><\/figure><\/div><div class=\"swiper-slide\" role=\"group\" aria-roledescription=\"slide\" aria-label=\"3 of 15\"><figure class=\"swiper-slide-inner\"><img decoding=\"async\" class=\"swiper-slide-image\" src=\"https:\/\/www.ufsm.br\/app\/uploads\/sites\/372\/2026\/09\/DSC_0475-1024x681.jpg\" alt=\"DSC_0475\" \/><\/figure><\/div><div class=\"swiper-slide\" role=\"group\" aria-roledescription=\"slide\" aria-label=\"4 of 15\"><figure class=\"swiper-slide-inner\"><img decoding=\"async\" class=\"swiper-slide-image\" src=\"https:\/\/www.ufsm.br\/app\/uploads\/sites\/372\/2026\/09\/DSC_0479-1024x681.jpg\" alt=\"DSC_0479\" \/><\/figure><\/div><div class=\"swiper-slide\" role=\"group\" aria-roledescription=\"slide\" aria-label=\"5 of 15\"><figure class=\"swiper-slide-inner\"><img decoding=\"async\" class=\"swiper-slide-image\" src=\"https:\/\/www.ufsm.br\/app\/uploads\/sites\/372\/2026\/09\/DSC_0481-1024x681.jpg\" alt=\"DSC_0481\" \/><\/figure><\/div><div class=\"swiper-slide\" role=\"group\" aria-roledescription=\"slide\" aria-label=\"6 of 15\"><figure class=\"swiper-slide-inner\"><img decoding=\"async\" class=\"swiper-slide-image\" src=\"https:\/\/www.ufsm.br\/app\/uploads\/sites\/372\/2026\/09\/DSC_0484-1024x681.jpg\" alt=\"DSC_0484\" \/><\/figure><\/div><div class=\"swiper-slide\" role=\"group\" aria-roledescription=\"slide\" aria-label=\"7 of 15\"><figure class=\"swiper-slide-inner\"><img decoding=\"async\" class=\"swiper-slide-image\" src=\"https:\/\/www.ufsm.br\/app\/uploads\/sites\/372\/2026\/09\/DSC_0485-1024x681.jpg\" alt=\"DSC_0485\" \/><\/figure><\/div><div class=\"swiper-slide\" role=\"group\" aria-roledescription=\"slide\" aria-label=\"8 of 15\"><figure class=\"swiper-slide-inner\"><img decoding=\"async\" class=\"swiper-slide-image\" src=\"https:\/\/www.ufsm.br\/app\/uploads\/sites\/372\/2026\/09\/DSC_0488-1024x681.jpg\" alt=\"DSC_0488\" \/><\/figure><\/div><div class=\"swiper-slide\" role=\"group\" aria-roledescription=\"slide\" aria-label=\"9 of 15\"><figure class=\"swiper-slide-inner\"><img decoding=\"async\" class=\"swiper-slide-image\" src=\"https:\/\/www.ufsm.br\/app\/uploads\/sites\/372\/2026\/09\/DSC_0491-1024x681.jpg\" alt=\"DSC_0491\" \/><\/figure><\/div><div class=\"swiper-slide\" role=\"group\" aria-roledescription=\"slide\" aria-label=\"10 of 15\"><figure class=\"swiper-slide-inner\"><img decoding=\"async\" class=\"swiper-slide-image\" src=\"https:\/\/www.ufsm.br\/app\/uploads\/sites\/372\/2026\/09\/DSC_0493-1024x681.jpg\" alt=\"DSC_0493\" \/><\/figure><\/div><div class=\"swiper-slide\" role=\"group\" aria-roledescription=\"slide\" aria-label=\"11 of 15\"><figure class=\"swiper-slide-inner\"><img decoding=\"async\" class=\"swiper-slide-image\" src=\"https:\/\/www.ufsm.br\/app\/uploads\/sites\/372\/2026\/09\/DSC_0495-1024x681.jpg\" alt=\"DSC_0495\" \/><\/figure><\/div><div class=\"swiper-slide\" role=\"group\" aria-roledescription=\"slide\" aria-label=\"12 of 15\"><figure class=\"swiper-slide-inner\"><img decoding=\"async\" class=\"swiper-slide-image\" src=\"https:\/\/www.ufsm.br\/app\/uploads\/sites\/372\/2026\/09\/DSC_0498-1024x681.jpg\" alt=\"DSC_0498\" \/><\/figure><\/div><div class=\"swiper-slide\" role=\"group\" aria-roledescription=\"slide\" aria-label=\"13 of 15\"><figure class=\"swiper-slide-inner\"><img decoding=\"async\" class=\"swiper-slide-image\" src=\"https:\/\/www.ufsm.br\/app\/uploads\/sites\/372\/2026\/09\/DSC_0502-1024x681.jpg\" alt=\"DSC_0502\" \/><\/figure><\/div><div class=\"swiper-slide\" role=\"group\" aria-roledescription=\"slide\" aria-label=\"14 of 15\"><figure class=\"swiper-slide-inner\"><img decoding=\"async\" class=\"swiper-slide-image\" src=\"https:\/\/www.ufsm.br\/app\/uploads\/sites\/372\/2026\/09\/DSC_0504-1024x681.jpg\" alt=\"DSC_0504\" \/><\/figure><\/div><div class=\"swiper-slide\" role=\"group\" aria-roledescription=\"slide\" aria-label=\"15 of 15\"><figure class=\"swiper-slide-inner\"><img decoding=\"async\" class=\"swiper-slide-image\" src=\"https:\/\/www.ufsm.br\/app\/uploads\/sites\/372\/2026\/09\/DSC_0508-1024x681.jpg\" alt=\"DSC_0508\" \/><\/figure><\/div>\t\t\t<\/div>\n\t\t\t\t\t\t\t\t\t\t\t\t<div class=\"elementor-swiper-button elementor-swiper-button-prev\" role=\"button\" tabindex=\"0\">\n\t\t\t\t\t\t<i aria-hidden=\"true\" class=\"eicon-chevron-left\"><\/i>\t\t\t\t\t<\/div>\n\t\t\t\t\t<div class=\"elementor-swiper-button elementor-swiper-button-next\" role=\"button\" tabindex=\"0\">\n\t\t\t\t\t\t<i aria-hidden=\"true\" class=\"eicon-chevron-right\"><\/i>\t\t\t\t\t<\/div>\n\t\t\t\t\n\t\t\t\t\t\t\t\t\t<div class=\"swiper-pagination\"><\/div>\n\t\t\t\t\t\t\t\t\t<\/div>\n\t\t\t\t<\/div>\n\t\t\t\t<\/div>\n\t\t\t\t\t<\/div>\n\t\t<\/div>\n\t\t\t\t\t<\/div>\n\t\t<\/section>\n\t\t\t\t<section class=\"elementor-section elementor-top-section elementor-element elementor-element-98bb8f0 elementor-section-boxed elementor-section-height-default elementor-section-height-default\" data-id=\"98bb8f0\" data-element_type=\"section\">\n\t\t\t\t\t\t<div class=\"elementor-container elementor-column-gap-default\">\n\t\t\t\t\t<div class=\"elementor-column elementor-col-100 elementor-top-column elementor-element elementor-element-f97e1ed\" data-id=\"f97e1ed\" data-element_type=\"column\">\n\t\t\t<div class=\"elementor-widget-wrap elementor-element-populated\">\n\t\t\t\t\t\t<div class=\"elementor-element elementor-element-1355af9 elementor-widget elementor-widget-text-editor\" data-id=\"1355af9\" data-element_type=\"widget\" data-widget_type=\"text-editor.default\">\n\t\t\t\t<div class=\"elementor-widget-container\">\n\t\t\t\t\t\t\t<p><span style=\"font-weight: 400\">A programa\u00e7\u00e3o tamb\u00e9m contou com tr\u00eas oficinas pr\u00e1ticas realizadas simultaneamente. Entre as atividades esteve a oficina \u201cPalha\u00e7aria Hospitalar: brincadeira \u00e9 coisa s\u00e9ria\u201d, promovida pela ONG Esquadr\u00e3o da Alegria, que apresentou a atua\u00e7\u00e3o da palha\u00e7aria em ambientes hospitalares e os requisitos para quem deseja atuar como volunt\u00e1rio nessa \u00e1rea. Al\u00e9m disso, a Cruz Vermelha conduziu uma Oficina de Primeiros Socorros, com orienta\u00e7\u00f5es e demonstra\u00e7\u00f5es pr\u00e1ticas de procedimentos b\u00e1sicos para atendimento em situa\u00e7\u00f5es de emerg\u00eancia, e o projeto Tricotando Solidariedade promoveu a oficina \u201cSeu primeiro quadradinho de amor (Croch\u00ea Solid\u00e1rio)\u201d, voltada \u00e0 inicia\u00e7\u00e3o ao croch\u00ea. As pe\u00e7as produzidas durante a atividade contribuem para a confec\u00e7\u00e3o de mantas destinadas a pessoas em situa\u00e7\u00e3o de vulnerabilidade.<\/span><\/p>\t\t\t\t\t\t<\/div>\n\t\t\t\t<\/div>\n\t\t\t\t\t<\/div>\n\t\t<\/div>\n\t\t\t\t\t<\/div>\n\t\t<\/section>\n\t\t\t\t<section class=\"elementor-section elementor-top-section elementor-element elementor-element-8e75f80 elementor-section-boxed elementor-section-height-default elementor-section-height-default\" data-id=\"8e75f80\" data-element_type=\"section\">\n\t\t\t\t\t\t<div class=\"elementor-container elementor-column-gap-default\">\n\t\t\t\t\t<div class=\"elementor-column elementor-col-100 elementor-top-column elementor-element elementor-element-10ac313\" data-id=\"10ac313\" data-element_type=\"column\">\n\t\t\t<div class=\"elementor-widget-wrap elementor-element-populated\">\n\t\t\t\t\t\t<div class=\"elementor-element elementor-element-dfa7663 elementor-arrows-position-inside elementor-pagination-position-outside elementor-widget elementor-widget-image-carousel\" data-id=\"dfa7663\" data-element_type=\"widget\" data-settings=\"{&quot;navigation&quot;:&quot;both&quot;,&quot;autoplay&quot;:&quot;yes&quot;,&quot;pause_on_hover&quot;:&quot;yes&quot;,&quot;pause_on_interaction&quot;:&quot;yes&quot;,&quot;autoplay_speed&quot;:5000,&quot;infinite&quot;:&quot;yes&quot;,&quot;speed&quot;:500}\" data-widget_type=\"image-carousel.default\">\n\t\t\t\t<div class=\"elementor-widget-container\">\n\t\t\t\t\t<div class=\"elementor-image-carousel-wrapper swiper\" dir=\"ltr\">\n\t\t\t<div class=\"elementor-image-carousel swiper-wrapper\" aria-live=\"off\">\n\t\t\t\t\t\t\t\t<div class=\"swiper-slide\" role=\"group\" aria-roledescription=\"slide\" aria-label=\"1 of 6\"><figure class=\"swiper-slide-inner\"><img decoding=\"async\" class=\"swiper-slide-image\" src=\"https:\/\/www.ufsm.br\/app\/uploads\/sites\/372\/2026\/09\/DSC_0528-1024x681.jpg\" alt=\"DSC_0528\" \/><\/figure><\/div><div class=\"swiper-slide\" role=\"group\" aria-roledescription=\"slide\" aria-label=\"2 of 6\"><figure class=\"swiper-slide-inner\"><img decoding=\"async\" class=\"swiper-slide-image\" src=\"https:\/\/www.ufsm.br\/app\/uploads\/sites\/372\/2026\/09\/DSC_0515-1024x681.jpg\" alt=\"DSC_0515\" \/><\/figure><\/div><div class=\"swiper-slide\" role=\"group\" aria-roledescription=\"slide\" aria-label=\"3 of 6\"><figure class=\"swiper-slide-inner\"><img decoding=\"async\" class=\"swiper-slide-image\" src=\"https:\/\/www.ufsm.br\/app\/uploads\/sites\/372\/2026\/09\/IMG_20260827_11163331-1024x576.jpg\" alt=\"IMG_20260827_11163331\" \/><\/figure><\/div><div class=\"swiper-slide\" role=\"group\" aria-roledescription=\"slide\" aria-label=\"4 of 6\"><figure class=\"swiper-slide-inner\"><img decoding=\"async\" class=\"swiper-slide-image\" src=\"https:\/\/www.ufsm.br\/app\/uploads\/sites\/372\/2026\/09\/IMG_20260827_11374367-1024x576.jpg\" alt=\"IMG_20260827_11374367\" \/><\/figure><\/div><div class=\"swiper-slide\" role=\"group\" aria-roledescription=\"slide\" aria-label=\"5 of 6\"><figure class=\"swiper-slide-inner\"><img decoding=\"async\" class=\"swiper-slide-image\" src=\"https:\/\/www.ufsm.br\/app\/uploads\/sites\/372\/2026\/09\/IMG_20260827_10385497-1024x576.jpg\" alt=\"IMG_20260827_10385497\" \/><\/figure><\/div><div class=\"swiper-slide\" role=\"group\" aria-roledescription=\"slide\" aria-label=\"6 of 6\"><figure class=\"swiper-slide-inner\"><img decoding=\"async\" class=\"swiper-slide-image\" src=\"https:\/\/www.ufsm.br\/app\/uploads\/sites\/372\/2026\/09\/IMG_20260827_10410812-1024x576.jpg\" alt=\"IMG_20260827_10410812\" \/><\/figure><\/div>\t\t\t<\/div>\n\t\t\t\t\t\t\t\t\t\t\t\t<div class=\"elementor-swiper-button elementor-swiper-button-prev\" role=\"button\" tabindex=\"0\">\n\t\t\t\t\t\t<i aria-hidden=\"true\" class=\"eicon-chevron-left\"><\/i>\t\t\t\t\t<\/div>\n\t\t\t\t\t<div class=\"elementor-swiper-button elementor-swiper-button-next\" role=\"button\" tabindex=\"0\">\n\t\t\t\t\t\t<i aria-hidden=\"true\" class=\"eicon-chevron-right\"><\/i>\t\t\t\t\t<\/div>\n\t\t\t\t\n\t\t\t\t\t\t\t\t\t<div class=\"swiper-pagination\"><\/div>\n\t\t\t\t\t\t\t\t\t<\/div>\n\t\t\t\t<\/div>\n\t\t\t\t<\/div>\n\t\t\t\t\t<\/div>\n\t\t<\/div>\n\t\t\t\t\t<\/div>\n\t\t<\/section>\n\t\t\t\t<section class=\"elementor-section elementor-top-section elementor-element elementor-element-1e6d23d elementor-section-boxed elementor-section-height-default elementor-section-height-default\" data-id=\"1e6d23d\" data-element_type=\"section\">\n\t\t\t\t\t\t<div class=\"elementor-container elementor-column-gap-default\">\n\t\t\t\t\t<div class=\"elementor-column elementor-col-100 elementor-top-column elementor-element elementor-element-a4036f3\" data-id=\"a4036f3\" data-element_type=\"column\">\n\t\t\t<div class=\"elementor-widget-wrap elementor-element-populated\">\n\t\t\t\t\t\t<div class=\"elementor-element elementor-element-07d4574 elementor-widget elementor-widget-text-editor\" data-id=\"07d4574\" data-element_type=\"widget\" data-widget_type=\"text-editor.default\">\n\t\t\t\t<div class=\"elementor-widget-container\">\n\t\t\t\t\t\t\t<p><span style=\"font-weight: 400\">De acordo com a professora Marta Ol\u00edvia Rovedder de Oliveira, coordenadora do programa, a escolha de realizar a 2\u00aa edi\u00e7\u00e3o da Feira do Voluntariado no CCSH veio da possibilidade dos projetos sociais envolvidos com a causa do Saber Social desenvolverem uma conex\u00e3o com a comunidade acad\u00eamica e, assim, tamb\u00e9m atrair mais volunt\u00e1rios para as mais diversas causas.\u00a0<\/span><\/p><p><span style=\"font-weight: 400\">Para Marta Ol\u00edvia, a import\u00e2ncia do voluntariado tem algumas esferas. \u201cUma, que a sociedade precisa de desenvolvimento, nas mais diversas frentes, nas mais diversas causas, e existem muitas institui\u00e7\u00f5es, muitas vezes sem recursos, que precisam de pessoas capacitadas, ou pelo menos com vontade e com dedica\u00e7\u00e3o, de contribuir com essas mais diferentes causas. E um outro ponto \u00e9 que ao contribuir com essas causas, os nossos alunos tamb\u00e9m se desenvolvem\u201d.<\/span><\/p><p><span style=\"font-weight: 400\">A coordenadora continua: \u201cN\u00f3s, como seres humanos, tamb\u00e9m crescemos ajudando os outros com a solidariedade. O mundo j\u00e1 tem tantos problemas, por que n\u00e3o fazermos um esfor\u00e7o em prol do bem, em prol da prosperidade, da solidariedade, de construir um mundo mais digno para todos e para todas?\u201d, finaliza. <\/span><\/p>\t\t\t\t\t\t<\/div>\n\t\t\t\t<\/div>\n\t\t\t\t\t<\/div>\n\t\t<\/div>\n\t\t\t\t\t<\/div>\n\t\t<\/section>\n\t\t\t\t<section class=\"elementor-section elementor-top-section elementor-element elementor-element-ab219b2 elementor-section-boxed elementor-section-height-default elementor-section-height-default\" data-id=\"ab219b2\" data-element_type=\"section\">\n\t\t\t\t\t\t<div class=\"elementor-container elementor-column-gap-default\">\n\t\t\t\t\t<div class=\"elementor-column elementor-col-100 elementor-top-column elementor-element elementor-element-95a0a07\" data-id=\"95a0a07\" data-element_type=\"column\">\n\t\t\t<div class=\"elementor-widget-wrap elementor-element-populated\">\n\t\t\t\t\t\t<div class=\"elementor-element elementor-element-7526651 elementor-widget elementor-widget-text-editor\" data-id=\"7526651\" data-element_type=\"widget\" data-widget_type=\"text-editor.default\">\n\t\t\t\t<div class=\"elementor-widget-container\">\n\t\t\t\t\t\t\t<p><em>Texto: Lu\u00edsa Soccal, bolsista de jornalismo da Subdivis\u00e3o de Comunica\u00e7\u00e3o do CCSH.<\/em><\/p><p><em>Fotos: Carolina Bonoto, jornalista da Subdivis\u00e3o de Comunica\u00e7\u00e3o do CCSH e Lu\u00edsa Soccal.\u00a0<\/em><\/p>\t\t\t\t\t\t<\/div>\n\t\t\t\t<\/div>\n\t\t\t\t\t<\/div>\n\t\t<\/div>\n\t\t\t\t\t<\/div>\n\t\t<\/section>\n\t\t\t\t<\/div>\n\t\t","protected":false},"excerpt":{"rendered":"<p>Evento, realizado pelo programa de extens\u00e3o Saber Social em parceria com o Sesc Santa Maria, reuniu institui\u00e7\u00f5es filantr\u00f3picas, ONGs e projetos sociais no CCSH<\/p>\n","protected":false},"author":8303,"featured_media":0,"comment_status":"closed","ping_status":"closed","sticky":false,"template":"","format":"standard","meta":{"footnotes":""},"categories":[1],"tags":[],"class_list":["post-8153","post","type-post","status-publish","format-standard","hentry","category-noticias"],"acf":[],"_links":{"self":[{"href":"https:\/\/www.ufsm.br\/unidades-universitarias\/ccsh\/wp-json\/wp\/v2\/posts\/8153","targetHints":{"allow":["GET"]}}],"collection":[{"href":"https:\/\/www.ufsm.br\/unidades-universitarias\/ccsh\/wp-json\/wp\/v2\/posts"}],"about":[{"href":"https:\/\/www.ufsm.br\/unidades-universitarias\/ccsh\/wp-json\/wp\/v2\/types\/post"}],"author":[{"embeddable":true,"href":"https:\/\/www.ufsm.br\/unidades-universitarias\/ccsh\/wp-json\/wp\/v2\/users\/8303"}],"replies":[{"embeddable":true,"href":"https:\/\/www.ufsm.br\/unidades-universitarias\/ccsh\/wp-json\/wp\/v2\/comments?post=8153"}],"version-history":[{"count":0,"href":"https:\/\/www.ufsm.br\/unidades-universitarias\/ccsh\/wp-json\/wp\/v2\/posts\/8153\/revisions"}],"wp:attachment":[{"href":"https:\/\/www.ufsm.br\/unidades-universitarias\/ccsh\/wp-json\/wp\/v2\/media?parent=8153"}],"wp:term":[{"taxonomy":"category","embeddable":true,"href":"https:\/\/www.ufsm.br\/unidades-universitarias\/ccsh\/wp-json\/wp\/v2\/categories?post=8153"},{"taxonomy":"post_tag","embeddable":true,"href":"https:\/\/www.ufsm.br\/unidades-universitarias\/ccsh\/wp-json\/wp\/v2\/tags?post=8153"}],"curies":[{"name":"wp","href":"https:\/\/api.w.org\/{rel}","templated":true}]}}