{"id":10003,"date":"2024-08-16T09:44:51","date_gmt":"2024-08-16T12:44:51","guid":{"rendered":"https:\/\/www.ufsm.br\/unidades-universitarias\/ce\/?p=10003"},"modified":"2024-08-23T16:37:29","modified_gmt":"2024-08-23T19:37:29","slug":"nota-a-comunidade-do-centro-de-educacao-2","status":"publish","type":"post","link":"https:\/\/www.ufsm.br\/unidades-universitarias\/ce\/2024\/08\/16\/nota-a-comunidade-do-centro-de-educacao-2","title":{"rendered":"Nota a Comunidade do Centro de Educa\u00e7\u00e3o"},"content":{"rendered":"\n\n\n<p style=\"text-align: justify\">\u00a0 \u00a0 \u00a0 \u00a0 \u00a0O Conselho do Centro de Educa\u00e7\u00e3o, composto por representantes discentes, t\u00e9cnico-administrativos e docentes decidiu, por unanimidade, desativar o Parque dos Bambus. A decis\u00e3o justifica-se devido ao p\u00e9ssimo estado de conserva\u00e7\u00e3o do material, que, atualmente, representa riscos aos usu\u00e1rios. Anteriormente a esta tomada de decis\u00e3o colegiada, realizou-se v\u00e1rias reuni\u00f5es pelo Conselho do Centro, em que foram analisadas quest\u00f5es correlacionadas: o projeto que previa a instala\u00e7\u00e3o e utiliza\u00e7\u00e3o do Parque, natureza dos usu\u00e1rios, as condi\u00e7\u00f5es do Parque, os custos permanentes para manuten\u00e7\u00e3o, a impossibilidade de ser instalada uma cobertura para proteger o material, a inseguran\u00e7a dos materiais, dentre outras. Em raz\u00e3o disso, a Dire\u00e7\u00e3o do CE, considerando a import\u00e2ncia de contarmos com um espa\u00e7o de conviv\u00eancia entre os pr\u00e9dios 16 e 16B, que garanta a seguran\u00e7a, a sociabilidade e utilidade pedag\u00f3gica para servidores, estudantes e visitantes, em acordo com princ\u00edpios de sustentabilidade, realizar\u00e1 uma consulta \u00e0 comunidade para pensarmos na efetiva\u00e7\u00e3o de um novo espa\u00e7o ao ar livre que contemple as necessidades da comunidade interna e externa do Centro de Educa\u00e7\u00e3o. Para essa defini\u00e7\u00e3o, servidores e estudantes ser\u00e3o consultados para que atribuam sugest\u00f5es de instala\u00e7\u00f5es para o referido espa\u00e7o, por meio de um question\u00e1rio eletr\u00f4nico via Google Forms. Assim, a comunidade ter\u00e1 a possibilidade de indicar interesse pelas sugest\u00f5es apresentadas no question\u00e1rio ou pontuar novas ideias. Definidas as caracter\u00edsticas gerais apresentadas pela comunidade, a Dire\u00e7\u00e3o do CE demandar\u00e1 os encaminhamentos para o Conselho de Centro que definir\u00e1 sobre a elabora\u00e7\u00e3o e execu\u00e7\u00e3o do projeto para a nova \u00e1rea entre os pr\u00e9dios 16 e 16B.<\/p>\n\n\n","protected":false},"excerpt":{"rendered":"<p>\u00a0 \u00a0 \u00a0 \u00a0 \u00a0O Conselho do Centro de Educa\u00e7\u00e3o, composto por representantes discentes, t\u00e9cnico-administrativos e docentes decidiu, por unanimidade, desativar o Parque dos Bambus. A decis\u00e3o justifica-se devido ao p\u00e9ssimo estado de conserva\u00e7\u00e3o do material, que, atualmente, representa riscos aos usu\u00e1rios. Anteriormente a esta tomada de decis\u00e3o colegiada, realizou-se v\u00e1rias reuni\u00f5es pelo Conselho do [&hellip;]<\/p>\n","protected":false},"author":477,"featured_media":0,"comment_status":"closed","ping_status":"closed","sticky":false,"template":"","format":"standard","meta":{"footnotes":""},"categories":[1],"tags":[],"class_list":["post-10003","post","type-post","status-publish","format-standard","hentry","category-noticias"],"acf":[],"_links":{"self":[{"href":"https:\/\/www.ufsm.br\/unidades-universitarias\/ce\/wp-json\/wp\/v2\/posts\/10003","targetHints":{"allow":["GET"]}}],"collection":[{"href":"https:\/\/www.ufsm.br\/unidades-universitarias\/ce\/wp-json\/wp\/v2\/posts"}],"about":[{"href":"https:\/\/www.ufsm.br\/unidades-universitarias\/ce\/wp-json\/wp\/v2\/types\/post"}],"author":[{"embeddable":true,"href":"https:\/\/www.ufsm.br\/unidades-universitarias\/ce\/wp-json\/wp\/v2\/users\/477"}],"replies":[{"embeddable":true,"href":"https:\/\/www.ufsm.br\/unidades-universitarias\/ce\/wp-json\/wp\/v2\/comments?post=10003"}],"version-history":[{"count":0,"href":"https:\/\/www.ufsm.br\/unidades-universitarias\/ce\/wp-json\/wp\/v2\/posts\/10003\/revisions"}],"wp:attachment":[{"href":"https:\/\/www.ufsm.br\/unidades-universitarias\/ce\/wp-json\/wp\/v2\/media?parent=10003"}],"wp:term":[{"taxonomy":"category","embeddable":true,"href":"https:\/\/www.ufsm.br\/unidades-universitarias\/ce\/wp-json\/wp\/v2\/categories?post=10003"},{"taxonomy":"post_tag","embeddable":true,"href":"https:\/\/www.ufsm.br\/unidades-universitarias\/ce\/wp-json\/wp\/v2\/tags?post=10003"}],"curies":[{"name":"wp","href":"https:\/\/api.w.org\/{rel}","templated":true}]}}