{"id":10015,"date":"2024-08-22T16:26:13","date_gmt":"2024-08-22T19:26:13","guid":{"rendered":"https:\/\/www.ufsm.br\/unidades-universitarias\/ce\/?p=10015"},"modified":"2024-08-22T19:08:35","modified_gmt":"2024-08-22T22:08:35","slug":"22-de-agosto-comemoramos-o-dia-do-educador-e-da-educadora-especial","status":"publish","type":"post","link":"https:\/\/www.ufsm.br\/unidades-universitarias\/ce\/2024\/08\/22\/22-de-agosto-comemoramos-o-dia-do-educador-e-da-educadora-especial","title":{"rendered":"22 de Agosto: Comemoramos o Dia do Educador e da Educadora Especial"},"content":{"rendered":"\n\n\n<p class=\"western\" style=\"text-align: justify\">O exerc\u00edcio da profiss\u00e3o de Educador e Educadora Especial transforma vidas e promove a inclus\u00e3o. Na Universidade Federal de Santa Maria (UFSM), essa trajet\u00f3ria formativa \u00e9 marcada por mais de quatro d\u00e9cadas de dedica\u00e7\u00e3o e pioneirismo, consolidando-se como uma refer\u00eancia nacional no campo da Educa\u00e7\u00e3o Especial. A UFSM, atrav\u00e9s de seu Centro de Educa\u00e7\u00e3o, foi uma das primeiras institui\u00e7\u00f5es p\u00fablicas federais a se comprometer com a forma\u00e7\u00e3o de profissionais nesta \u00e1rea, refletindo um compromisso cont\u00ednuo com a responsabilidade social e a expans\u00e3o universit\u00e1ria.<\/p>\n<p class=\"western\" style=\"text-align: justify\">O perfil do educador e da educadora formado pelo Centro de Educa\u00e7\u00e3o da UFSM \u00e9 o de profissionais cr\u00edticos, reflexivos e \u00e9ticos, preparados para atuar em diversos contextos educacionais. Esses profissionais n\u00e3o apenas dominam o conhecimento t\u00e9cnico, mas tamb\u00e9m est\u00e3o comprometidos com os valores humanos e com a promo\u00e7\u00e3o de uma sociedade mais justa e inclusiva. Eles s\u00e3o capacitados para implementar estrat\u00e9gias pedag\u00f3gicas que favore\u00e7am a participa\u00e7\u00e3o e o desenvolvimento de todos os alunos.<\/p>\n<p class=\"western\" style=\"text-align: justify\">Desde a cria\u00e7\u00e3o do curso, centenas de educadores e educadoras especiais foram formados pela UFSM, muitos dos quais atuam em escolas regulares, centros de atendimento educacional especializado, e outras institui\u00e7\u00f5es dedicadas \u00e0 inclus\u00e3o. Al\u00e9m disso, alguns desses egressos continuam no Centro de Educa\u00e7\u00e3o ou est\u00e3o atuando em outras institui\u00e7\u00f5es de ensino superior, contribuindo para a forma\u00e7\u00e3o de novos educadores e educadoras especiais, perpetuando assim o ciclo de conhecimento e compromisso com a inclus\u00e3o.<\/p>\n<p class=\"western\" style=\"text-align: justify\">A data de 22 de agosto, celebrada como o Dia do Educador e da Educadora Especial, \u00e9 uma oportunidade de reconhecer e homenagear a dedica\u00e7\u00e3o desses profissionais que, diariamente, enfrentam os desafios de promover a inclus\u00e3o e garantir o direito \u00e0 educa\u00e7\u00e3o para todos.<\/p>\n<p class=\"western\" style=\"text-align: justify\">Que esta homenagem seja um reconhecimento do valor inestim\u00e1vel do trabalho realizado por cada educador e educadora especial, que diariamente se dedicam a transformar o mundo atrav\u00e9s da educa\u00e7\u00e3o inclusiva, garantindo que todos tenham a oportunidade de aprender e crescer em um ambiente que respeite e valorize suas diferen\u00e7as.<\/p>\n<p class=\"western\"><strong>O Centro de Educa\u00e7\u00e3o parabeniza todos os Educadores e Educadoras Especiais!<\/strong><\/p>\n","protected":false},"excerpt":{"rendered":"<p>O exerc\u00edcio da profiss\u00e3o de Educador e Educadora Especial transforma vidas e promove a inclus\u00e3o. Na Universidade Federal de Santa Maria (UFSM), essa trajet\u00f3ria formativa \u00e9 marcada por mais de quatro d\u00e9cadas de dedica\u00e7\u00e3o e pioneirismo, consolidando-se como uma refer\u00eancia nacional no campo da Educa\u00e7\u00e3o Especial. A UFSM, atrav\u00e9s de seu Centro de Educa\u00e7\u00e3o, foi [&hellip;]<\/p>\n","protected":false},"author":4499,"featured_media":0,"comment_status":"closed","ping_status":"closed","sticky":false,"template":"","format":"standard","meta":{"footnotes":""},"categories":[1],"tags":[250],"class_list":["post-10015","post","type-post","status-publish","format-standard","hentry","category-noticias","tag-educacaoinclusiva-formacaoprofissional-educacaoespecialufsm"],"acf":[],"_links":{"self":[{"href":"https:\/\/www.ufsm.br\/unidades-universitarias\/ce\/wp-json\/wp\/v2\/posts\/10015","targetHints":{"allow":["GET"]}}],"collection":[{"href":"https:\/\/www.ufsm.br\/unidades-universitarias\/ce\/wp-json\/wp\/v2\/posts"}],"about":[{"href":"https:\/\/www.ufsm.br\/unidades-universitarias\/ce\/wp-json\/wp\/v2\/types\/post"}],"author":[{"embeddable":true,"href":"https:\/\/www.ufsm.br\/unidades-universitarias\/ce\/wp-json\/wp\/v2\/users\/4499"}],"replies":[{"embeddable":true,"href":"https:\/\/www.ufsm.br\/unidades-universitarias\/ce\/wp-json\/wp\/v2\/comments?post=10015"}],"version-history":[{"count":0,"href":"https:\/\/www.ufsm.br\/unidades-universitarias\/ce\/wp-json\/wp\/v2\/posts\/10015\/revisions"}],"wp:attachment":[{"href":"https:\/\/www.ufsm.br\/unidades-universitarias\/ce\/wp-json\/wp\/v2\/media?parent=10015"}],"wp:term":[{"taxonomy":"category","embeddable":true,"href":"https:\/\/www.ufsm.br\/unidades-universitarias\/ce\/wp-json\/wp\/v2\/categories?post=10015"},{"taxonomy":"post_tag","embeddable":true,"href":"https:\/\/www.ufsm.br\/unidades-universitarias\/ce\/wp-json\/wp\/v2\/tags?post=10015"}],"curies":[{"name":"wp","href":"https:\/\/api.w.org\/{rel}","templated":true}]}}