{"id":12946,"date":"2026-09-03T17:01:28","date_gmt":"2026-09-03T20:01:28","guid":{"rendered":"https:\/\/www.ufsm.br\/unidades-universitarias\/ce\/?p=12946"},"modified":"2026-09-03T17:01:44","modified_gmt":"2026-09-03T20:01:44","slug":"conselho-do-centro-de-educacao","status":"publish","type":"post","link":"https:\/\/www.ufsm.br\/unidades-universitarias\/ce\/2026\/09\/03\/conselho-do-centro-de-educacao","title":{"rendered":"CONSELHO DO CENTRO DE EDUCA\u00c7\u00c3O"},"content":{"rendered":"\t\t<div data-elementor-type=\"wp-post\" data-elementor-id=\"12946\" class=\"elementor elementor-12946\">\n\t\t\t\t\t\t<section class=\"elementor-section elementor-top-section elementor-element elementor-element-23f8a54 elementor-section-boxed elementor-section-height-default elementor-section-height-default\" data-id=\"23f8a54\" data-element_type=\"section\">\n\t\t\t\t\t\t<div class=\"elementor-container elementor-column-gap-default\">\n\t\t\t\t\t<div class=\"elementor-column elementor-col-100 elementor-top-column elementor-element elementor-element-21877de\" data-id=\"21877de\" data-element_type=\"column\">\n\t\t\t<div class=\"elementor-widget-wrap elementor-element-populated\">\n\t\t\t\t\t\t<div class=\"elementor-element elementor-element-8aea0a4 elementor-widget elementor-widget-text-editor\" data-id=\"8aea0a4\" data-element_type=\"widget\" data-widget_type=\"text-editor.default\">\n\t\t\t\t<div class=\"elementor-widget-container\">\n\t\t\t\t\t\t\t<p><strong>Dire\u00e7\u00e3o<br \/><\/strong>Ascisio dos Reis Pereira &#8211; Titular<br \/>Elena Maria Mallmann &#8211; Suplente<br \/><br \/><strong>Departamentos<\/strong><br \/>DPGE Rosane Sarturi &#8211; Titular e Elisiane Machado Lunardi &#8211; Suplente<br \/>DFUE Roberta Rossarolla Forgiarini &#8211; Titular e Belkis Bandeira &#8211; Suplente<br \/>DMEN Aruna Noal Correa &#8211; Titular e Graziela Franceschet Farias &#8211; Suplente<br \/>DEDE Camila Righi Medeiros Camilo &#8211; Titular e Eliana da Costa P. de Menezes &#8211; Suplente<br \/><br \/><strong>Gradua\u00e7\u00e3o<\/strong><br \/>Ped. Diurno D\u00e9bora Le\u00e3o &#8211; Titular e Sueli Salva &#8211; Suplente<br \/>Ped. Noturn Regina Ehlers Bathelt &#8211; Titular e Kelly Werle &#8211; Suplente<br \/>Ed. Esp. D M\u00f4nica Zavacki de Morais &#8211; Titular e T\u00e2nia Micheline Miorando &#8211; Suplente<br \/>Ed. Esp. N Guacira de Azambuja &#8211; Titular\u00a0<br \/>Programa E.F.P Liane Camatti &#8211; Titular e Andr\u00e9a Forgiarini Cecchin &#8211; Suplente<br \/><br \/><strong>P\u00f3s-Gradua\u00e7\u00e3o<\/strong><br \/>PPGE Fabiane Romano de Souza Bridi &#8211; Titular e Cadidja Coutinho &#8211; Suplente<br \/>PPPG Joacir Marques da Costa &#8211; Titular e Gabriel dos Santos Kehler &#8211; Suplente<br \/>PPGTER Fernando de Jesus Moreira Junior &#8211; Titular\u00a0<br \/>PROFHIST Mara Regina do Nascimento &#8211; Titular\u00a0<br \/><br \/><strong>TAEs<\/strong><br \/>Luana Rodrigues Cardoso &#8211; Titular e Cris Ribeiro C. Barrozo &#8211; Suplente<br \/>Karina Oliveira de Freitas &#8211; Titular e L\u00facia Bol\u00e7an &#8211; Suplente<br \/>Alessandra Alfaro Bastos &#8211; Titular e Anna Cl\u00e1udia da Costa Flores &#8211; Suplente<\/p>\t\t\t\t\t\t<\/div>\n\t\t\t\t<\/div>\n\t\t\t\t\t<\/div>\n\t\t<\/div>\n\t\t\t\t\t<\/div>\n\t\t<\/section>\n\t\t\t\t<\/div>\n\t\t","protected":false},"excerpt":{"rendered":"<p>Dire\u00e7\u00e3oAscisio dos Reis Pereira &#8211; TitularElena Maria Mallmann &#8211; Suplente DepartamentosDPGE Rosane Sarturi &#8211; Titular e Elisiane Machado Lunardi &#8211; SuplenteDFUE Roberta Rossarolla Forgiarini &#8211; Titular e Belkis Bandeira &#8211; SuplenteDMEN Aruna Noal Correa &#8211; Titular e Graziela Franceschet Farias &#8211; SuplenteDEDE Camila Righi Medeiros Camilo &#8211; Titular e Eliana da Costa P. de Menezes [&hellip;]<\/p>\n","protected":false},"author":8470,"featured_media":0,"comment_status":"closed","ping_status":"closed","sticky":false,"template":"","format":"standard","meta":{"footnotes":""},"categories":[1],"tags":[],"class_list":["post-12946","post","type-post","status-publish","format-standard","hentry","category-noticias"],"acf":[],"_links":{"self":[{"href":"https:\/\/www.ufsm.br\/unidades-universitarias\/ce\/wp-json\/wp\/v2\/posts\/12946","targetHints":{"allow":["GET"]}}],"collection":[{"href":"https:\/\/www.ufsm.br\/unidades-universitarias\/ce\/wp-json\/wp\/v2\/posts"}],"about":[{"href":"https:\/\/www.ufsm.br\/unidades-universitarias\/ce\/wp-json\/wp\/v2\/types\/post"}],"author":[{"embeddable":true,"href":"https:\/\/www.ufsm.br\/unidades-universitarias\/ce\/wp-json\/wp\/v2\/users\/8470"}],"replies":[{"embeddable":true,"href":"https:\/\/www.ufsm.br\/unidades-universitarias\/ce\/wp-json\/wp\/v2\/comments?post=12946"}],"version-history":[{"count":0,"href":"https:\/\/www.ufsm.br\/unidades-universitarias\/ce\/wp-json\/wp\/v2\/posts\/12946\/revisions"}],"wp:attachment":[{"href":"https:\/\/www.ufsm.br\/unidades-universitarias\/ce\/wp-json\/wp\/v2\/media?parent=12946"}],"wp:term":[{"taxonomy":"category","embeddable":true,"href":"https:\/\/www.ufsm.br\/unidades-universitarias\/ce\/wp-json\/wp\/v2\/categories?post=12946"},{"taxonomy":"post_tag","embeddable":true,"href":"https:\/\/www.ufsm.br\/unidades-universitarias\/ce\/wp-json\/wp\/v2\/tags?post=12946"}],"curies":[{"name":"wp","href":"https:\/\/api.w.org\/{rel}","templated":true}]}}