{"id":4491,"date":"2018-08-10T10:53:11","date_gmt":"2018-08-10T13:53:11","guid":{"rendered":"https:\/\/www.ufsm.br\/unidades-universitarias\/ce\/?p=4491"},"modified":"2020-11-05T10:54:09","modified_gmt":"2020-11-05T13:54:09","slug":"13o-encontro-nacional-da-legenda-em-gramado","status":"publish","type":"post","link":"https:\/\/www.ufsm.br\/unidades-universitarias\/ce\/2018\/08\/10\/13o-encontro-nacional-da-legenda-em-gramado","title":{"rendered":"13\u00ba Encontro Nacional da Legenda em Gramado"},"content":{"rendered":"\n<p>\u00a0\u00a0 Legenda para quem n\u00e3o ouve, mas se emociona \u00e9 uma campanha que incentiva o Movimento Surdo lutarem pelos seus direitos legais e tem como principal a luta pela legenda na l\u00edngua portuguesa nos filmes nacionais e anima\u00e7\u00f5es nos cinemas brasileiros, e tamb\u00e9m a interpreta\u00e7\u00e3o em Libras nos teatros, garantindo os direitos de lazer e cultura \u00e0s pessoas surdas. Neste ano, teremos XIII Encontro Nacional da Legenda para quem n\u00e3o ouve, mas se emociona em Gramado, juntamente com o Festival de Cinema de Gramado. Ser\u00e1 no dia 18 de agosto, no audit\u00f3rio da Faurgs com entrada franca e certificado para incritos.<\/p>\n<p>\u00a0\u00a0 O evento conta com diversas atra\u00e7\u00f5es como entrevistas, longas e curta metragens, como o do Coelho Floriano produzido pelo M\u00e3os Livres. Confira abaixo a programa\u00e7\u00e3o oficial do evento.<\/p>\n<p><img fetchpriority=\"high\" decoding=\"async\" class=\"aligncenter wp-image-4493 size-full\" src=\"https:\/\/www.ufsm.br\/app\/uploads\/sites\/373\/2020\/11\/GRAMADO.jpg\" alt=\"\" width=\"960\" height=\"960\" srcset=\"https:\/\/www.ufsm.br\/app\/uploads\/sites\/373\/2020\/11\/GRAMADO.jpg 960w, https:\/\/www.ufsm.br\/app\/uploads\/sites\/373\/2020\/11\/GRAMADO-300x300.jpg 300w, https:\/\/www.ufsm.br\/app\/uploads\/sites\/373\/2020\/11\/GRAMADO-150x150.jpg 150w, https:\/\/www.ufsm.br\/app\/uploads\/sites\/373\/2020\/11\/GRAMADO-768x768.jpg 768w\" sizes=\"(max-width: 960px) 100vw, 960px\" \/><\/p>\n","protected":false},"excerpt":{"rendered":"<p>\u00a0\u00a0 Legenda para quem n\u00e3o ouve, mas se emociona \u00e9 uma campanha que incentiva o Movimento Surdo lutarem pelos seus direitos legais e tem como principal a luta pela legenda na l\u00edngua portuguesa nos filmes nacionais e anima\u00e7\u00f5es nos cinemas brasileiros, e tamb\u00e9m a interpreta\u00e7\u00e3o em Libras nos teatros, garantindo os direitos de lazer e [&hellip;]<\/p>\n","protected":false},"author":867,"featured_media":0,"comment_status":"closed","ping_status":"closed","sticky":false,"template":"","format":"standard","meta":{"footnotes":""},"categories":[158],"tags":[],"class_list":["post-4491","post","type-post","status-publish","format-standard","hentry","category-projeto-maos-livres"],"acf":[],"_links":{"self":[{"href":"https:\/\/www.ufsm.br\/unidades-universitarias\/ce\/wp-json\/wp\/v2\/posts\/4491","targetHints":{"allow":["GET"]}}],"collection":[{"href":"https:\/\/www.ufsm.br\/unidades-universitarias\/ce\/wp-json\/wp\/v2\/posts"}],"about":[{"href":"https:\/\/www.ufsm.br\/unidades-universitarias\/ce\/wp-json\/wp\/v2\/types\/post"}],"author":[{"embeddable":true,"href":"https:\/\/www.ufsm.br\/unidades-universitarias\/ce\/wp-json\/wp\/v2\/users\/867"}],"replies":[{"embeddable":true,"href":"https:\/\/www.ufsm.br\/unidades-universitarias\/ce\/wp-json\/wp\/v2\/comments?post=4491"}],"version-history":[{"count":0,"href":"https:\/\/www.ufsm.br\/unidades-universitarias\/ce\/wp-json\/wp\/v2\/posts\/4491\/revisions"}],"wp:attachment":[{"href":"https:\/\/www.ufsm.br\/unidades-universitarias\/ce\/wp-json\/wp\/v2\/media?parent=4491"}],"wp:term":[{"taxonomy":"category","embeddable":true,"href":"https:\/\/www.ufsm.br\/unidades-universitarias\/ce\/wp-json\/wp\/v2\/categories?post=4491"},{"taxonomy":"post_tag","embeddable":true,"href":"https:\/\/www.ufsm.br\/unidades-universitarias\/ce\/wp-json\/wp\/v2\/tags?post=4491"}],"curies":[{"name":"wp","href":"https:\/\/api.w.org\/{rel}","templated":true}]}}