{"id":4499,"date":"2019-04-28T10:59:48","date_gmt":"2019-04-28T13:59:48","guid":{"rendered":"https:\/\/www.ufsm.br\/unidades-universitarias\/ce\/?p=4499"},"modified":"2020-11-05T11:00:59","modified_gmt":"2020-11-05T14:00:59","slug":"programacao-cultural","status":"publish","type":"post","link":"https:\/\/www.ufsm.br\/unidades-universitarias\/ce\/2019\/04\/28\/programacao-cultural","title":{"rendered":"PROGRAMA\u00c7\u00c3O CULTURAL"},"content":{"rendered":"\n<p><img fetchpriority=\"high\" decoding=\"async\" class=\"aligncenter wp-image-4508 \" src=\"https:\/\/www.ufsm.br\/app\/uploads\/sites\/373\/2020\/11\/cropped-FDLSM_2019_site_banner_campanha-1024x292.jpg\" alt=\"\" width=\"641\" height=\"183\" srcset=\"https:\/\/www.ufsm.br\/app\/uploads\/sites\/373\/2020\/11\/cropped-FDLSM_2019_site_banner_campanha-1024x292.jpg 1024w, https:\/\/www.ufsm.br\/app\/uploads\/sites\/373\/2020\/11\/cropped-FDLSM_2019_site_banner_campanha-300x86.jpg 300w, https:\/\/www.ufsm.br\/app\/uploads\/sites\/373\/2020\/11\/cropped-FDLSM_2019_site_banner_campanha-768x219.jpg 768w, https:\/\/www.ufsm.br\/app\/uploads\/sites\/373\/2020\/11\/cropped-FDLSM_2019_site_banner_campanha.jpg 1341w\" sizes=\"(max-width: 641px) 100vw, 641px\" \/><\/p>\n<div class=\"col-md-6\">\n<p>46\u00aa FEIRA DO LIVRO DE SANTA MARIA \u2013 DE 26 DE ABRIL A 11 DE MAIO DE 2019<\/p>\n<p>GRUPO DE TRABALHO CENTRO\/RS DE LEITURA INCLUSIVA<\/p>\n<p>PROGRAMA\u00c7\u00c3O DE LEITURA INCLUSIVA:<\/p>\n<p>Quando: 26\/4\/2019, sexta-feira, 14:00 \u00e0s 16:30 horas<\/p>\n<p>T\u00edtulo: Aquece Inclusivo para a 46\u00aa Feira do Livro de Santa Maria<\/p>\n<p>Local: Biblioteca P\u00fablica Henrique Bastide (Av. Presidente Vargas)<\/p>\n<p>Promotores: GT Centro\/RS de Leitura Inclusiva<\/p>\n<p>Quando: 29\/4\/2019, segunda-feira, 14:00 \u00e0s 17:00 horas<\/p>\n<p>T\u00edtulo: Leitura Inclusiva: Pessoas com Defici\u00eancia Visual<\/p>\n<p>Local: Pra\u00e7a Saldanha Marinho, Palco Principal<\/p>\n<p>Promotores: Associa\u00e7\u00e3o de Cegos e Deficientes Visuais de Santa Maria (ACDV), Secretaria Municipal de Educa\u00e7\u00e3o (SMED), Projeto Cegueira e Baixa Vis\u00e3o UFSM, N\u00facleo de Acessibilidade UFSM.<\/p>\n<p>Quando:30\/4\/2019, ter\u00e7a-feira, 14:00 \u00e0s 17:00 horas<\/p>\n<p>T\u00edtulo: Leitura Inclusiva: Cultura Ind\u00edgena<\/p>\n<p>Local: Pra\u00e7a Saldanha Marinho, Palco Principal<\/p>\n<p>Promotores: Aldeia Ind\u00edgena Guarani Mby\u00e1 -Teko\u00e1 Guaviraty Por\u00e3,<\/p>\n<p>Escola Ind\u00edgena YVYRA IJA TENONDE VERA MIRI, Aldeia Ind\u00edgena Kaingang Tr\u00eas Soitas, Escola Ind\u00edgena AUGUSTO OPE DA SILVA, N\u00facleo de A\u00e7\u00f5es Afirmativas UFSM, 8\u00aa Coordenadoria Regional de Educa\u00e7\u00e3o.<\/p>\n<p>Quando: 3\/5\/2019, sexta-feira, 14:00 \u00e0s 17:00 horas<\/p>\n<p>T\u00edtulo: Leitura Inclusiva: Pessoas com Defici\u00eancia Auditiva ou Surdez;<\/p>\n<p>Local: Pra\u00e7a Saldanha Marinho, Palco Principal<\/p>\n<p>Promotores: Escola Estadual Reinaldo Coser, Associa\u00e7\u00e3o de Surdos de Santa Maria (ASSM), 8\u00aa Coordenadoria Regional de Educa\u00e7\u00e3o (8\u00aa CRE), Projeto M\u00e3os Livres UFSM.<br \/>\u00a0<\/p>\n<p>Quando: 10\/5\/2019, sexta-feira, 14:00\u00e0s 17:00 horas<\/p>\n<p>T\u00edtulo: Leitura Inclusiva: Cultura Negra<\/p>\n<p>Local: Pra\u00e7a Saldanha Marinho, Teatro Treze de Maio<\/p>\n<p>Promotores: N\u00facleo de A\u00e7\u00f5es Afirmativas UFSM, prof\u00aa Maria Rita Pi Dutra.<\/p>\n<p>Todas as atividades s\u00e3o gratuitas, com inscri\u00e7\u00e3o no local e certificado de participa\u00e7\u00e3o!<\/p>\n<p>Para ver a programa\u00e7\u00e3o completa, acesse:\u00a0<a href=\"http:\/\/www.feiradolivrosm.com.br\/?page_id=2019\">http:\/\/www.feiradolivrosm.com.br\/?page_id=2019<\/a><\/p>\n<p>Rede Nacional de Leitura Inclusiva:<\/p>\n<p>GT Centro\/RS de Leitura Inclusiva:<\/p>\n<p>8\u00aa Coordenadoria Regional de Educa\u00e7\u00e3o (CRE);<\/p>\n<p>Aldeia Ind\u00edgena Guarani Mby\u00e1 -Teko\u00e1 Guaviraty Por\u00e3;<\/p>\n<p>Aldeia Ind\u00edgena Kaingang Tr\u00eas Soitas;<\/p>\n<p>Associa\u00e7\u00e3o de Cegos e Deficientes Visuais de Santa Maria (ACDV);<\/p>\n<p>Associa\u00e7\u00e3o de Surdos de Santa Maria (ASSM);<\/p>\n<p>Biblioteca P\u00fablica Henrique Bastide;<\/p>\n<p>Departamento de Arquivo Geral UFSM;<\/p>\n<p>Escola de Surdos Reinaldo Coser;<\/p>\n<p>Escola Ind\u00edgena AUGUSTO OPE DA SILVA;<\/p>\n<p>Escola Ind\u00edgena YVYRA IJA TENONDE VERA MIRI;<\/p>\n<p>N\u00facleo de Acessibilidade UFSM;<\/p>\n<p>N\u00facleo de A\u00e7\u00f5es Afirmativas Sociais, \u00c9tnico-Raciais e Ind\u00edgenas UFSM;<\/p>\n<p>Projeto Cegueira e Baixa Vis\u00e3o UFSM;<\/p>\n<p>Projeto M\u00e3os Livres UFSM;<\/p>\n<p>Secretaria Municipal de Educa\u00e7\u00e3o de Santa Maria (SMED).<\/p>\n<\/div>\n","protected":false},"excerpt":{"rendered":"<p>46\u00aa FEIRA DO LIVRO DE SANTA MARIA \u2013 DE 26 DE ABRIL A 11 DE MAIO DE 2019 GRUPO DE TRABALHO CENTRO\/RS DE LEITURA INCLUSIVA PROGRAMA\u00c7\u00c3O DE LEITURA INCLUSIVA: Quando: 26\/4\/2019, sexta-feira, 14:00 \u00e0s 16:30 horas T\u00edtulo: Aquece Inclusivo para a 46\u00aa Feira do Livro de Santa Maria Local: Biblioteca P\u00fablica Henrique Bastide (Av. Presidente [&hellip;]<\/p>\n","protected":false},"author":867,"featured_media":0,"comment_status":"closed","ping_status":"closed","sticky":false,"template":"","format":"standard","meta":{"footnotes":""},"categories":[158],"tags":[],"class_list":["post-4499","post","type-post","status-publish","format-standard","hentry","category-projeto-maos-livres"],"acf":[],"_links":{"self":[{"href":"https:\/\/www.ufsm.br\/unidades-universitarias\/ce\/wp-json\/wp\/v2\/posts\/4499","targetHints":{"allow":["GET"]}}],"collection":[{"href":"https:\/\/www.ufsm.br\/unidades-universitarias\/ce\/wp-json\/wp\/v2\/posts"}],"about":[{"href":"https:\/\/www.ufsm.br\/unidades-universitarias\/ce\/wp-json\/wp\/v2\/types\/post"}],"author":[{"embeddable":true,"href":"https:\/\/www.ufsm.br\/unidades-universitarias\/ce\/wp-json\/wp\/v2\/users\/867"}],"replies":[{"embeddable":true,"href":"https:\/\/www.ufsm.br\/unidades-universitarias\/ce\/wp-json\/wp\/v2\/comments?post=4499"}],"version-history":[{"count":0,"href":"https:\/\/www.ufsm.br\/unidades-universitarias\/ce\/wp-json\/wp\/v2\/posts\/4499\/revisions"}],"wp:attachment":[{"href":"https:\/\/www.ufsm.br\/unidades-universitarias\/ce\/wp-json\/wp\/v2\/media?parent=4499"}],"wp:term":[{"taxonomy":"category","embeddable":true,"href":"https:\/\/www.ufsm.br\/unidades-universitarias\/ce\/wp-json\/wp\/v2\/categories?post=4499"},{"taxonomy":"post_tag","embeddable":true,"href":"https:\/\/www.ufsm.br\/unidades-universitarias\/ce\/wp-json\/wp\/v2\/tags?post=4499"}],"curies":[{"name":"wp","href":"https:\/\/api.w.org\/{rel}","templated":true}]}}