{"id":5144,"date":"2021-09-01T16:01:10","date_gmt":"2021-09-01T19:01:10","guid":{"rendered":"https:\/\/www.ufsm.br\/unidades-universitarias\/ce\/?p=5144"},"modified":"2021-09-01T16:01:12","modified_gmt":"2021-09-01T19:01:12","slug":"3a-feira-virtual-das-editoras-universitarias","status":"publish","type":"post","link":"https:\/\/www.ufsm.br\/unidades-universitarias\/ce\/2021\/09\/01\/3a-feira-virtual-das-editoras-universitarias","title":{"rendered":"3\u00aa Feira Virtual das Editoras Universit\u00e1rias"},"content":{"rendered":"\n<p>A Editora UFSM est\u00e1 participando da 3\u00aa Feira Virtual das Editoras Universit\u00e1rias, evento organizado pela Abeu.\u00a0 O evento iniciou hoje, 1\u00ba de setembro, e encerrar\u00e1 dia 10 de setembro.<\/p>\n<p>S\u00e3o cerca de 30 livros da Editora que voc\u00ea encontra com descontos, atrav\u00e9s do <a href=\"https:\/\/editoraufsm.com.br\/feira-virtual-abeu.html\" target=\"_blank\" rel=\"noopener\" data-saferedirecturl=\"https:\/\/www.google.com\/url?q=https:\/\/editoraufsm.com.br\/feira-virtual-abeu.html&amp;source=gmail&amp;ust=1630604418302000&amp;usg=AFQjCNF8uJZ2kOF2G7YVhLnMg-HdAoo4Ug\">nosso site<\/a> ou diretamente no <a href=\"https:\/\/www.feirabeu.com.br\/\" target=\"_blank\" rel=\"noopener\" data-saferedirecturl=\"https:\/\/www.google.com\/url?q=https:\/\/www.feirabeu.com.br\/&amp;source=gmail&amp;ust=1630604418302000&amp;usg=AFQjCNFJ0EalQLfxkdPjc0_H5D1zcKQIsg\">site do evento<\/a>.<\/p>\n<p><img fetchpriority=\"high\" decoding=\"async\" class=\"alignnone size-medium wp-image-5145\" src=\"https:\/\/www.ufsm.br\/app\/uploads\/sites\/373\/2021\/09\/unnamed-5-300x300.jpg\" alt=\"\" width=\"300\" height=\"300\" srcset=\"https:\/\/www.ufsm.br\/app\/uploads\/sites\/373\/2021\/09\/unnamed-5-300x300.jpg 300w, https:\/\/www.ufsm.br\/app\/uploads\/sites\/373\/2021\/09\/unnamed-5-1024x1024.jpg 1024w, https:\/\/www.ufsm.br\/app\/uploads\/sites\/373\/2021\/09\/unnamed-5-150x150.jpg 150w, https:\/\/www.ufsm.br\/app\/uploads\/sites\/373\/2021\/09\/unnamed-5-768x768.jpg 768w, https:\/\/www.ufsm.br\/app\/uploads\/sites\/373\/2021\/09\/unnamed-5.jpg 1080w\" sizes=\"(max-width: 300px) 100vw, 300px\" \/><\/p>\n","protected":false},"excerpt":{"rendered":"<p>A Editora UFSM est\u00e1 participando da 3\u00aa Feira Virtual das Editoras Universit\u00e1rias, evento organizado pela Abeu.\u00a0 O evento iniciou hoje, 1\u00ba de setembro, e encerrar\u00e1 dia 10 de setembro. S\u00e3o cerca de 30 livros da Editora que voc\u00ea encontra com descontos, atrav\u00e9s do nosso site ou diretamente no site do evento.<\/p>\n","protected":false},"author":4443,"featured_media":0,"comment_status":"closed","ping_status":"closed","sticky":false,"template":"","format":"standard","meta":{"footnotes":""},"categories":[29,1],"tags":[],"class_list":["post-5144","post","type-post","status-publish","format-standard","hentry","category-eventos","category-noticias"],"acf":[],"_links":{"self":[{"href":"https:\/\/www.ufsm.br\/unidades-universitarias\/ce\/wp-json\/wp\/v2\/posts\/5144","targetHints":{"allow":["GET"]}}],"collection":[{"href":"https:\/\/www.ufsm.br\/unidades-universitarias\/ce\/wp-json\/wp\/v2\/posts"}],"about":[{"href":"https:\/\/www.ufsm.br\/unidades-universitarias\/ce\/wp-json\/wp\/v2\/types\/post"}],"author":[{"embeddable":true,"href":"https:\/\/www.ufsm.br\/unidades-universitarias\/ce\/wp-json\/wp\/v2\/users\/4443"}],"replies":[{"embeddable":true,"href":"https:\/\/www.ufsm.br\/unidades-universitarias\/ce\/wp-json\/wp\/v2\/comments?post=5144"}],"version-history":[{"count":0,"href":"https:\/\/www.ufsm.br\/unidades-universitarias\/ce\/wp-json\/wp\/v2\/posts\/5144\/revisions"}],"wp:attachment":[{"href":"https:\/\/www.ufsm.br\/unidades-universitarias\/ce\/wp-json\/wp\/v2\/media?parent=5144"}],"wp:term":[{"taxonomy":"category","embeddable":true,"href":"https:\/\/www.ufsm.br\/unidades-universitarias\/ce\/wp-json\/wp\/v2\/categories?post=5144"},{"taxonomy":"post_tag","embeddable":true,"href":"https:\/\/www.ufsm.br\/unidades-universitarias\/ce\/wp-json\/wp\/v2\/tags?post=5144"}],"curies":[{"name":"wp","href":"https:\/\/api.w.org\/{rel}","templated":true}]}}