{"id":5306,"date":"2021-10-18T15:49:44","date_gmt":"2021-10-18T18:49:44","guid":{"rendered":"https:\/\/www.ufsm.br\/unidades-universitarias\/ce\/?p=5306"},"modified":"2021-10-18T15:49:46","modified_gmt":"2021-10-18T18:49:46","slug":"viii-forum-regional-permanente-de-extensao","status":"publish","type":"post","link":"https:\/\/www.ufsm.br\/unidades-universitarias\/ce\/2021\/10\/18\/viii-forum-regional-permanente-de-extensao","title":{"rendered":"VIII F\u00f3rum Regional Permanente de Extens\u00e3o"},"content":{"rendered":"\n<div class=\"kvgmc6g5 cxmmr5t8 oygrvhab hcukyx3x c1et5uql ii04i59q\">\n<div dir=\"auto\"><span style=\"color: initial\">2\u00b0 edi\u00e7\u00e3o 2021 do VIII F\u00f3rum Regional Permanente de Extens\u00e3o, evento voltado para estudantes, professores e TAE&#8217;s envolvidos com a\u00e7\u00f5es extensionistas.<\/span><\/div>\n<\/div>\n<div class=\"o9v6fnle cxmmr5t8 oygrvhab hcukyx3x c1et5uql ii04i59q\">\n<div dir=\"auto\">\u00a0<\/div>\n<div dir=\"auto\">Programa\u00e7\u00e3o.<\/div>\n<div dir=\"auto\">\u00a0<\/div>\n<div dir=\"auto\">19\/10 | 14h &#8211; Campus Cachoeira do Sul.<\/div>\n<div dir=\"auto\">20\/10 | 9h &#8211; Campus Frederico Westphalen.<\/div>\n<div dir=\"auto\">20\/10 | 14h &#8211; Campus Palmeiras das Miss\u00f5es.<\/div>\n<div dir=\"auto\">26\/10 | 14h &#8211; Campus Santa Maria.<\/div>\n<\/div>\n<div class=\"o9v6fnle cxmmr5t8 oygrvhab hcukyx3x c1et5uql ii04i59q\">\n<div dir=\"auto\">\u00a0<\/div>\n<div dir=\"auto\">Para participar, realize sua inscri\u00e7\u00f5es no<a href=\"http:\/\/www.even3.com.br\/oitavoforumextensao\"> site do F\u00f3rum.<\/a><\/div>\n<\/div>\n<div dir=\"auto\">\u00a0<\/div>\n<div dir=\"auto\"><img decoding=\"async\" src=\"https:\/\/scontent.fria2-1.fna.fbcdn.net\/v\/t39.30808-6\/246991767_2202750849867679_3252367657139641426_n.jpg?_nc_cat=110&amp;ccb=1-5&amp;_nc_sid=730e14&amp;_nc_eui2=AeGcLOnOaWGQazvlMSYLapux42tIN34xvr7ja0g3fjG-viS8ZseyqLtEqTAN0oLYe6ohv65D9OPKfVA7CpRp_GiN&amp;_nc_ohc=XzgOeKkUaqoAX_MQRz4&amp;_nc_ht=scontent.fria2-1.fna&amp;oh=b96407ba0eb6136ab75212a3bb8d7f89&amp;oe=61730F12\" alt=\"Pode ser uma imagem de texto que diz &quot;VII F\u00d3RUM REGIONAL DE EXTENS\u00c3O 2a EDI\u00c7\u00c3O 2021 19\/10 14h Campus Cachoeira do Sul 20\/10 09h- Campus Frederico westphalen 20\/10 14h- Campus Palmeira das Miss\u00f5es 26\/10 14h Campus Santa Maria AGENDA 2030 INFORMA\u00c7\u00d5ES E INSCRI\u00c7\u00d5ES even3.com.br\/oitavoforumextensac UFSM Pr\u00f3-Reitoria de Extens\u00e3o&quot;\" \/><\/div>\n","protected":false},"excerpt":{"rendered":"<p>2\u00b0 edi\u00e7\u00e3o 2021 do VIII F\u00f3rum Regional Permanente de Extens\u00e3o, evento voltado para estudantes, professores e TAE&#8217;s envolvidos com a\u00e7\u00f5es extensionistas. \u00a0 Programa\u00e7\u00e3o. \u00a0 19\/10 | 14h &#8211; Campus Cachoeira do Sul. 20\/10 | 9h &#8211; Campus Frederico Westphalen. 20\/10 | 14h &#8211; Campus Palmeiras das Miss\u00f5es. 26\/10 | 14h &#8211; Campus Santa Maria. \u00a0 [&hellip;]<\/p>\n","protected":false},"author":2996,"featured_media":0,"comment_status":"closed","ping_status":"closed","sticky":false,"template":"","format":"standard","meta":{"footnotes":""},"categories":[29,24],"tags":[],"class_list":["post-5306","post","type-post","status-publish","format-standard","hentry","category-eventos","category-oportunidades"],"acf":[],"_links":{"self":[{"href":"https:\/\/www.ufsm.br\/unidades-universitarias\/ce\/wp-json\/wp\/v2\/posts\/5306","targetHints":{"allow":["GET"]}}],"collection":[{"href":"https:\/\/www.ufsm.br\/unidades-universitarias\/ce\/wp-json\/wp\/v2\/posts"}],"about":[{"href":"https:\/\/www.ufsm.br\/unidades-universitarias\/ce\/wp-json\/wp\/v2\/types\/post"}],"author":[{"embeddable":true,"href":"https:\/\/www.ufsm.br\/unidades-universitarias\/ce\/wp-json\/wp\/v2\/users\/2996"}],"replies":[{"embeddable":true,"href":"https:\/\/www.ufsm.br\/unidades-universitarias\/ce\/wp-json\/wp\/v2\/comments?post=5306"}],"version-history":[{"count":0,"href":"https:\/\/www.ufsm.br\/unidades-universitarias\/ce\/wp-json\/wp\/v2\/posts\/5306\/revisions"}],"wp:attachment":[{"href":"https:\/\/www.ufsm.br\/unidades-universitarias\/ce\/wp-json\/wp\/v2\/media?parent=5306"}],"wp:term":[{"taxonomy":"category","embeddable":true,"href":"https:\/\/www.ufsm.br\/unidades-universitarias\/ce\/wp-json\/wp\/v2\/categories?post=5306"},{"taxonomy":"post_tag","embeddable":true,"href":"https:\/\/www.ufsm.br\/unidades-universitarias\/ce\/wp-json\/wp\/v2\/tags?post=5306"}],"curies":[{"name":"wp","href":"https:\/\/api.w.org\/{rel}","templated":true}]}}