{"id":6039,"date":"2022-06-15T10:52:18","date_gmt":"2022-06-15T13:52:18","guid":{"rendered":"https:\/\/www.ufsm.br\/unidades-universitarias\/ce\/?p=6039"},"modified":"2022-06-15T10:52:20","modified_gmt":"2022-06-15T13:52:20","slug":"professor-ronai-rocha-palestra-sobre-seu-novo-livro-no-centro-de-educacao","status":"publish","type":"post","link":"https:\/\/www.ufsm.br\/unidades-universitarias\/ce\/2022\/06\/15\/professor-ronai-rocha-palestra-sobre-seu-novo-livro-no-centro-de-educacao","title":{"rendered":"Professor Ronai Rocha palestra sobre seu novo livro no Centro de Educa\u00e7\u00e3o"},"content":{"rendered":"\n<p>Acontece hoje (15\/06) no Centro de Educa\u00e7\u00e3o da UFSM a palestra do prof. Ronai Pires<br \/>da Rocha sobre seu novo livro intitulado \u201cFilosofia da Educa\u00e7\u00e3o\u201d (S\u00e3o Paulo: Editora<br \/>Contexto, 2022). O livro foi lan\u00e7ado com exclusividade recentemente na 49\u00aa Feira do<br \/>Livro de Santa Maria, ocorrida de 29 de abril a 14 de maio, tendo sido classificado entre<br \/>os 10 livros mais vendidos da feira, e nos lan\u00e7amentos, em 1\u00ba lugar entre o mais<br \/>procurados nos estandes.<br \/>O professor Ronai \u00e9 doutor em Filosofia pela Universidade Federal do Rio Grande do<br \/>Sul (UFRGS). \u00c9 professor aposentado da Universidade Federal de Santa Maria<br \/>(UFSM), tendo sido pr\u00f3-reitor de gradua\u00e7\u00e3o da institui\u00e7\u00e3o e desde o in\u00edcio de sua<br \/>carreira pesquisa temas ligados \u00e0 Educa\u00e7\u00e3o.<br \/>O livro se destina aos estudantes de Pedagogia e licenciaturas e por isso, segundo o<br \/>depoimento do professor Ronai: \u201cO livro apresenta uma discuss\u00e3o b\u00e1sica sobre<br \/>educa\u00e7\u00e3o. A linguagem \u00e9 simples e direta e foi pensada justamente para os interessados<br \/>em aprender mais sobre filosofia de uma forma inicial. E fazer parte do cat\u00e1logo da<br \/>Contexto j\u00e1 \u00e9 uma conquista, mas, saber que o novo t\u00edtulo foi um dos mais vendidos da<br \/>feira \u00e9 ainda mais estimulante visto que, desde 2017, tenho\u00a0me proposto a escrever e a<br \/>publicar as discuss\u00f5es de anos de pesquisas e aprendizados\u201d.\u00a0<br \/>A atividade acontece na Sala 10 do pr\u00e9dio anexo do Centro de Educa\u00e7\u00e3o, a partir das<br \/>16h30min.<\/p>\n<p><img fetchpriority=\"high\" decoding=\"async\" class=\"alignnone wp-image-6040 size-full\" src=\"https:\/\/www.ufsm.br\/app\/uploads\/sites\/373\/2022\/06\/Capturar-e1655301103345.jpg\" alt=\"\" width=\"792\" height=\"590\" srcset=\"https:\/\/www.ufsm.br\/app\/uploads\/sites\/373\/2022\/06\/Capturar-e1655301103345.jpg 792w, https:\/\/www.ufsm.br\/app\/uploads\/sites\/373\/2022\/06\/Capturar-e1655301103345-300x223.jpg 300w, https:\/\/www.ufsm.br\/app\/uploads\/sites\/373\/2022\/06\/Capturar-e1655301103345-768x572.jpg 768w\" sizes=\"(max-width: 792px) 100vw, 792px\" \/><\/p>\n","protected":false},"excerpt":{"rendered":"<p>Acontece hoje (15\/06) no Centro de Educa\u00e7\u00e3o da UFSM a palestra do prof. Ronai Piresda Rocha sobre seu novo livro intitulado \u201cFilosofia da Educa\u00e7\u00e3o\u201d (S\u00e3o Paulo: EditoraContexto, 2022). O livro foi lan\u00e7ado com exclusividade recentemente na 49\u00aa Feira doLivro de Santa Maria, ocorrida de 29 de abril a 14 de maio, tendo sido classificado entreos [&hellip;]<\/p>\n","protected":false},"author":3869,"featured_media":0,"comment_status":"closed","ping_status":"closed","sticky":false,"template":"","format":"standard","meta":{"footnotes":""},"categories":[1,24],"tags":[],"class_list":["post-6039","post","type-post","status-publish","format-standard","hentry","category-noticias","category-oportunidades"],"acf":[],"_links":{"self":[{"href":"https:\/\/www.ufsm.br\/unidades-universitarias\/ce\/wp-json\/wp\/v2\/posts\/6039","targetHints":{"allow":["GET"]}}],"collection":[{"href":"https:\/\/www.ufsm.br\/unidades-universitarias\/ce\/wp-json\/wp\/v2\/posts"}],"about":[{"href":"https:\/\/www.ufsm.br\/unidades-universitarias\/ce\/wp-json\/wp\/v2\/types\/post"}],"author":[{"embeddable":true,"href":"https:\/\/www.ufsm.br\/unidades-universitarias\/ce\/wp-json\/wp\/v2\/users\/3869"}],"replies":[{"embeddable":true,"href":"https:\/\/www.ufsm.br\/unidades-universitarias\/ce\/wp-json\/wp\/v2\/comments?post=6039"}],"version-history":[{"count":0,"href":"https:\/\/www.ufsm.br\/unidades-universitarias\/ce\/wp-json\/wp\/v2\/posts\/6039\/revisions"}],"wp:attachment":[{"href":"https:\/\/www.ufsm.br\/unidades-universitarias\/ce\/wp-json\/wp\/v2\/media?parent=6039"}],"wp:term":[{"taxonomy":"category","embeddable":true,"href":"https:\/\/www.ufsm.br\/unidades-universitarias\/ce\/wp-json\/wp\/v2\/categories?post=6039"},{"taxonomy":"post_tag","embeddable":true,"href":"https:\/\/www.ufsm.br\/unidades-universitarias\/ce\/wp-json\/wp\/v2\/tags?post=6039"}],"curies":[{"name":"wp","href":"https:\/\/api.w.org\/{rel}","templated":true}]}}