{"id":6861,"date":"2023-04-19T12:15:18","date_gmt":"2023-04-19T15:15:18","guid":{"rendered":"https:\/\/www.ufsm.br\/unidades-universitarias\/ce\/?p=6861"},"modified":"2023-04-19T12:16:00","modified_gmt":"2023-04-19T15:16:00","slug":"abertas-as-inscricoes-para-cursos-gratuitos-de-lingua-espanhola-oferecidos-pela-rede-andifes-isf","status":"publish","type":"post","link":"https:\/\/www.ufsm.br\/unidades-universitarias\/ce\/2023\/04\/19\/abertas-as-inscricoes-para-cursos-gratuitos-de-lingua-espanhola-oferecidos-pela-rede-andifes-isf","title":{"rendered":"Abertas as inscri\u00e7\u00f5es para cursos gratuitos de l\u00edngua espanhola, oferecidos pela Rede Andifes-IsF\u00a0\u00a0"},"content":{"rendered":"\n<p>A Rede \u2013 Idiomas sem Fronteiras, atrav\u00e9s do N\u00facleo de L\u00ednguas da UFSM, divulga vagas gratuitas para cursos onlines de espanhol. As inscri\u00e7\u00f5es v\u00e3o at\u00e9 ter\u00e7a-feira, dia 25 de abril de 2023.<\/p>\n<p dir=\"ltr\"><strong>REQUISITOS GERAIS PARA OS CURSOS:<\/strong><\/p>\n<p dir=\"ltr\">1. Pertencer a um dos seguintes grupos:<br \/>a) estudante da UFSM;<br \/>b) servidor da UFSM;<br \/>c) residente do HUSM;<br \/>d) professor da Educa\u00e7\u00e3o B\u00e1sica.<br \/>2. Obrigatoriamente participar da primeira aula. A n\u00e3o participa\u00e7\u00e3o resulta na perda da vaga.<br \/>3. Ter frequ\u00eancia m\u00ednima de 75% no curso.\u00a0<\/p>\n<p dir=\"ltr\"><strong>Curso 1 \u2013 ESPANHOL B\u00c1SICO:<br \/><\/strong>Este curso oferece um primeiro contato com a l\u00edngua espanhola, apresenta elementos comunicativos de estudo e prop\u00f5em um contato diversificado com a cultura espanhola atrav\u00e9s dos elementos abordados. Tamb\u00e9m oportuniza ao aluno a possibilidade de o aluno interagir de forma simples.<\/p>\n<p dir=\"ltr\"><strong>REQUISITOS PARA O CURSO DE ESPANHOL B\u00c1SICO I (Turma 1 e Turma 2):<\/strong><\/p>\n<ul>\n<li dir=\"ltr\">\n<p dir=\"ltr\" role=\"presentation\">A carga hor\u00e1ria dos cursos est\u00e1 distribu\u00edda em atividades s\u00edncronas (via Google Meet) e atividades ass\u00edncronas propostas durante as aulas (via Classroom). Portanto, o estudante deve ter ou criar uma conta gmail para participar das aulas s\u00edncronas e ass\u00edncronas.\u00a0<\/p>\n<\/li>\n<li dir=\"ltr\">\n<p dir=\"ltr\" role=\"presentation\">Durante as aulas s\u00edncronas o estudante deve ter dispon\u00edvel: microfone e c\u00e2mera (apenas quando poss\u00edvel).<\/p>\n<\/li>\n<\/ul>\n<p dir=\"ltr\"><strong>Curso 2 \u2013 CONVERSA\u00c7\u00c3O<br \/><\/strong>Este curso objetiva oportunizar aos estudantes a pr\u00e1tica oral da l\u00edngua espanhola em grupo. Para desenvolver essa compet\u00eancia, as aulas s\u00e3o planejadas para os participantes se comunicarem a partir de temas pr\u00e9-estabelecidos<\/p>\n<p dir=\"ltr\" role=\"presentation\">Dia e hor\u00e1rio: Sextas-feiras, das 14h \u00e0s 16h<br \/>In\u00edcio: 05\/05<br \/>Fim: 16\/06<br \/>Modalidade: presencial, no Centro de Educa\u00e7\u00e3o \u2013 pr\u00e9dio 16 (sala a combinar)<br \/>Total de vagas: 25<\/p>\n<p dir=\"ltr\"><strong>REQUISITOS PARA O CURSO DE CONVERSA\u00c7\u00c3O:<\/strong><\/p>\n<ul>\n<li dir=\"ltr\">\n<p dir=\"ltr\" role=\"presentation\">Ter comprovadamente forma\u00e7\u00e3o superior ao n\u00edvel A1 de l\u00edngua espanhola pelo IsF ou por outra institui\u00e7\u00e3o (o comprovante ser\u00e1 enviado apenas por aqueles que forem selecionados ap\u00f3s contato da organiza\u00e7\u00e3o do IsF espanhol).<\/p>\n<\/li>\n<li dir=\"ltr\">\n<p dir=\"ltr\" role=\"presentation\">Possuir o hor\u00e1rio da aula dispon\u00edvel para participar presencialmente dos encontros.\u00a0<\/p>\n<\/li>\n<li dir=\"ltr\">\n<p dir=\"ltr\" role=\"presentation\">Possuir WhatsApp para o envio dos materiais.<\/p>\n<p><a href=\"https:\/\/forms.gle\/mmpXSuEaCWsFjG738\" target=\"_blank\" rel=\"noopener\" data-saferedirecturl=\"https:\/\/www.google.com\/url?q=https:\/\/forms.gle\/mmpXSuEaCWsFjG738&amp;source=gmail&amp;ust=1681487248930000&amp;usg=AOvVaw06RrbHaP29Dp6xeICSuVHW\"><b>CLIQUE AQUI PARA ACESSAR O FORMUL\u00c1RIO DE INSCRI\u00c7\u00d5ES<\/b><\/a><\/p>\n<p>Fonte da not\u00edcia:\u00a0<a href=\"https:\/\/ufsm.br\/r-853-577\">https:\/\/ufsm.br\/r-853-577<\/a><\/p>\n<\/li>\n<\/ul>\n","protected":false},"excerpt":{"rendered":"<p>A Rede \u2013 Idiomas sem Fronteiras, atrav\u00e9s do N\u00facleo de L\u00ednguas da UFSM, divulga vagas gratuitas para cursos onlines de espanhol. As inscri\u00e7\u00f5es v\u00e3o at\u00e9 ter\u00e7a-feira, dia 25 de abril de 2023. REQUISITOS GERAIS PARA OS CURSOS: 1. Pertencer a um dos seguintes grupos:a) estudante da UFSM;b) servidor da UFSM;c) residente do HUSM;d) professor da [&hellip;]<\/p>\n","protected":false},"author":4777,"featured_media":0,"comment_status":"closed","ping_status":"closed","sticky":false,"template":"","format":"standard","meta":{"footnotes":""},"categories":[1,24],"tags":[],"class_list":["post-6861","post","type-post","status-publish","format-standard","hentry","category-noticias","category-oportunidades"],"acf":[],"_links":{"self":[{"href":"https:\/\/www.ufsm.br\/unidades-universitarias\/ce\/wp-json\/wp\/v2\/posts\/6861","targetHints":{"allow":["GET"]}}],"collection":[{"href":"https:\/\/www.ufsm.br\/unidades-universitarias\/ce\/wp-json\/wp\/v2\/posts"}],"about":[{"href":"https:\/\/www.ufsm.br\/unidades-universitarias\/ce\/wp-json\/wp\/v2\/types\/post"}],"author":[{"embeddable":true,"href":"https:\/\/www.ufsm.br\/unidades-universitarias\/ce\/wp-json\/wp\/v2\/users\/4777"}],"replies":[{"embeddable":true,"href":"https:\/\/www.ufsm.br\/unidades-universitarias\/ce\/wp-json\/wp\/v2\/comments?post=6861"}],"version-history":[{"count":0,"href":"https:\/\/www.ufsm.br\/unidades-universitarias\/ce\/wp-json\/wp\/v2\/posts\/6861\/revisions"}],"wp:attachment":[{"href":"https:\/\/www.ufsm.br\/unidades-universitarias\/ce\/wp-json\/wp\/v2\/media?parent=6861"}],"wp:term":[{"taxonomy":"category","embeddable":true,"href":"https:\/\/www.ufsm.br\/unidades-universitarias\/ce\/wp-json\/wp\/v2\/categories?post=6861"},{"taxonomy":"post_tag","embeddable":true,"href":"https:\/\/www.ufsm.br\/unidades-universitarias\/ce\/wp-json\/wp\/v2\/tags?post=6861"}],"curies":[{"name":"wp","href":"https:\/\/api.w.org\/{rel}","templated":true}]}}