{"id":7759,"date":"2023-08-11T10:57:23","date_gmt":"2023-08-11T13:57:23","guid":{"rendered":"https:\/\/www.ufsm.br\/unidades-universitarias\/ce\/?p=7759"},"modified":"2023-08-11T12:03:57","modified_gmt":"2023-08-11T15:03:57","slug":"54-anos-revista","status":"publish","type":"post","link":"https:\/\/www.ufsm.br\/unidades-universitarias\/ce\/2023\/08\/11\/54-anos-revista","title":{"rendered":"53 Anos da Revista Educa\u00e7\u00e3o &#8211; Mat\u00e9ria Especial com a Editora-Chefe, Professora Sueli Salva"},"content":{"rendered":"\n\n\n<p class=\"western\" align=\"justify\"><span style=\"font-family: Times New Roman, serif\"><span style=\"font-size: medium\">A Revista Educa\u00e7\u00e3o (Santa Maria. Online), no ano de 2023, completa 53 anos de exist\u00eancia de publica\u00e7\u00e3o ininterrupta. No ano de 2021, <\/span><\/span><span style=\"font-family: Times New Roman, serif\"><span style=\"font-size: medium\">embora<\/span><\/span><span style=\"font-family: Times New Roman, serif\"><span style=\"font-size: medium\"> com um ano de atraso, foi realizado o evento \u201cMem\u00f3rias e Palavras: Tra\u00e7os hist\u00f3ricos da revista Educa\u00e7\u00e3o\u201d comemorativo aos 50 anos da Revista com a participa\u00e7\u00e3o das Professoras que criaram Boletim do Centro de Ci\u00eancias Pedag\u00f3gicas que mais tarde possibilitou a cria\u00e7\u00e3o da revista Educa\u00e7\u00e3o (Santa Maria. Online)<\/span><\/span><span style=\"font-family: Times New Roman, serif\"><span style=\"font-size: medium\">.\u00a0<\/span><\/span><\/p>\n<p align=\"justify\"><span style=\"font-family: Times New Roman, serif\"><span style=\"font-size: medium\">Participaram do encontro como convidadas externas as Professoras Clair In\u00eas do Nascimento Mutti, Cleuza Alonso, bem como as professoras da UFSM Valeska Fortes de Oliveira e Claudia Robeiro Bellochio; pessoas que tiveram um papel muito importante para a revista chegar ao estrato Qualis A2<\/span><\/span><span style=\"font-family: Times New Roman, serif\"><span style=\"font-size: medium\">. Atualmente a chefia de editoria est\u00e1 a cargo da professora Sueli Salva.\u00a0<\/span><\/span><\/p>\n<p align=\"justify\"><img fetchpriority=\"high\" decoding=\"async\" class=\"alignnone wp-image-7761 size-large\" src=\"https:\/\/www.ufsm.br\/app\/uploads\/sites\/373\/2023\/08\/Pioneirismo-em-divulgacao-Tecnico-Cientifica-em-Educacao-no-CE-1024x1024.jpg\" alt=\"\" width=\"1024\" height=\"1024\" srcset=\"https:\/\/www.ufsm.br\/app\/uploads\/sites\/373\/2023\/08\/Pioneirismo-em-divulgacao-Tecnico-Cientifica-em-Educacao-no-CE-1024x1024.jpg 1024w, https:\/\/www.ufsm.br\/app\/uploads\/sites\/373\/2023\/08\/Pioneirismo-em-divulgacao-Tecnico-Cientifica-em-Educacao-no-CE-300x300.jpg 300w, https:\/\/www.ufsm.br\/app\/uploads\/sites\/373\/2023\/08\/Pioneirismo-em-divulgacao-Tecnico-Cientifica-em-Educacao-no-CE-150x150.jpg 150w, https:\/\/www.ufsm.br\/app\/uploads\/sites\/373\/2023\/08\/Pioneirismo-em-divulgacao-Tecnico-Cientifica-em-Educacao-no-CE-768x768.jpg 768w, https:\/\/www.ufsm.br\/app\/uploads\/sites\/373\/2023\/08\/Pioneirismo-em-divulgacao-Tecnico-Cientifica-em-Educacao-no-CE.jpg 1080w\" sizes=\"(max-width: 1024px) 100vw, 1024px\" \/><\/p>\n<p class=\"western\" align=\"justify\"><strong><span style=\"font-family: Times New Roman, serif\"><span style=\"font-size: medium\">Escopo da Revista<\/span><\/span><\/strong><\/p>\n<div id=\"sdfootnote1\">\n<p class=\"western\" align=\"justify\"><span style=\"font-family: Times New Roman, serif\"><span style=\"font-size: medium\">A Revista Educa\u00e7\u00e3o (Santa Maria. Online) tem como escopo a publica\u00e7\u00e3o de trabalhos in\u00e9ditos e originais na \u00e1rea de Educa\u00e7\u00e3o, resultantes de pesquisas cient\u00edficas e reflex\u00f5es te\u00f3ricas sobre pr\u00e1ticas e pol\u00edticas educacionais. O p\u00fablico-alvo s\u00e3o estudantes, professores, pesquisadores da \u00e1rea da educa\u00e7\u00e3o, al\u00e9m do p\u00fablico interessado na \u00e1rea em geral.<\/span><\/span><\/p>\n<p class=\"western\" align=\"justify\"><span style=\"font-family: Times New Roman, serif\"><span style=\"font-size: medium\">A Educa\u00e7\u00e3o (Santa Maria. Online) tem objetivo veicular estudos, pesquisas e experi\u00eancias na \u00e1rea da educa\u00e7\u00e3o, para a amplia\u00e7\u00e3o e aprofundamento de tem\u00e1ticas concernentes ao campo educacional.\u00a0A revista come\u00e7ou a ser impressa em 1970 e, atualmente publica aproximadamente 120 artigos por ano. Um volume de artigos bastante significativo alinhado com a qualidade tem se constitu\u00eddo como uma importante ferramenta de consulta e refer\u00eancia da institui\u00e7\u00e3o e de outras IES. A Educa\u00e7\u00e3o disponibiliza um conjunto de escritos que abordam diferentes tem\u00e1ticas do campo educacional atendendo dimens\u00f5es epistemol\u00f3gicas da pesquisa, contribuindo para amplia\u00e7\u00e3o do conhecimento. Buscamos continuamente alternativas para a ado\u00e7\u00e3o de publica\u00e7\u00e3o de artigos na l\u00edngua inglesa, o que exige a disponibilidade de um revisor, atualmente inexistente. Ainda assim seguimos buscando alternativas para maior abrang\u00eancia internacional. <\/span><\/span><\/p>\n<p class=\"western\" align=\"justify\"><span style=\"font-family: Times New Roman, serif\"><span style=\"font-size: medium\"><b>Hist\u00f3rico e Desenvolvimento <\/b><\/span><\/span><\/p>\n<p class=\"western\" align=\"justify\"><span style=\"font-family: Times New Roman, serif\"><span style=\"font-size: medium\">A revista\u00a0<\/span><\/span><em><span style=\"font-family: Times New Roman, serif\"><span style=\"font-size: medium\">Educa\u00e7\u00e3o <\/span><\/span><\/em><em><span style=\"font-family: Times New Roman, serif\"><span style=\"font-size: medium\">(Santa Maria. Online<\/span><\/span><\/em><em><span style=\"font-family: Times New Roman, serif\"><span style=\"font-size: medium\">)<\/span><\/span><\/em><span style=\"font-family: Times New Roman, serif\"><span style=\"font-size: medium\">\u00a0tem sido publicada de forma ininterrupta e busca sempre a pontualidade. Itens como car\u00e1ter cient\u00edfico, avalia\u00e7\u00e3o por pares, conselho editorial, periodicidade, dura\u00e7\u00e3o, pontualidade, resumo, palavras-chave e t\u00edtulo em ingl\u00eas, portugu\u00eas e espanhol, afilia\u00e7\u00e3o de autores e procedimentos do processo de admiss\u00e3o j\u00e1 s\u00e3o pr\u00e1ticas incorporadas pelo Conselho Editorial na editora\u00e7\u00e3o da revista. Constantemente, projetam-se a\u00e7\u00f5es de melhorias para a constru\u00e7\u00e3o do peri\u00f3dico, buscando sua maior visibilidade acad\u00eamica na \u00e1rea de Educa\u00e7\u00e3o em n\u00edvel internacional. A revista percorreu um longo caminho e cresceu muito, sendo hoje uma refer\u00eancia no contexto das produ\u00e7\u00f5es acad\u00eamicas de sua \u00e1rea, obtendo o conceito A2 do Qualis\/CAPES. Em 2019 passou a publicar volume \u00fanico anual, publica\u00e7\u00e3o cont\u00ednua. <\/span><\/span><\/p>\n<p class=\"western\" align=\"justify\"><span style=\"font-family: Times New Roman, serif\"><span style=\"font-size: medium\">A partir do ano de 2017 o peri\u00f3dico passou a ser publicado apenas de forma eletr\u00f4nica. <\/span><\/span><span style=\"font-family: Times New Roman, serif\"><span style=\"font-size: medium\">A Universidade Federal de Santa Maria em seu guia para desenvolvimento sustent\u00e1vel<\/span><\/span><sup><span style=\"font-family: Times New Roman, serif\"><span style=\"font-size: medium\"><a class=\"sdfootnoteanc\" href=\"#sdfootnote1sym\" name=\"sdfootnote1anc\">1<\/a><\/span><\/span><\/sup><span style=\"font-family: Times New Roman, serif\"><span style=\"font-size: medium\"> incentiva e orienta modos ader\u00eancia de todas as a\u00e7\u00f5es da UFSM. Em rela\u00e7\u00e3o ao peri\u00f3dico Educa\u00e7\u00e3o (Santa Maria. Online) nos alinhamos ao Objetivo de Desenvolvimento Sustent\u00e1vel (ODS) quatro (4) que prev\u00ea: \u201cEduca\u00e7\u00e3o de qualidade\u201d que tem como objetivo \u201cAssegurar a educa\u00e7\u00e3o tanto inclusiva quanto equitativa de qualidade e promover oportunidades de aprendizagem ao longo da vida para todas e todos\u201d. Entendemos que o acesso aberto e gratuito de nosso peri\u00f3dico contribui para a dissemina\u00e7\u00e3o do conhecimento. J\u00e1 o ODS 11 \u201cCidades e comunidades sustent\u00e1veis\u201d, prev\u00ea \u201cTornar as cidades e os assentamentos humanos inclusivos, seguros, resilientes e <\/span><\/span><span style=\"font-size: medium;font-family: 'Times New Roman', serif;color: initial\">sustent\u00e1veis\u201d. Consideramos que no momento em que o peri\u00f3dico deixou de publicar de forma impressa materializa-se a ader\u00eancia a preserva\u00e7\u00e3o ambiental e atitude sustent\u00e1vel.<\/span><\/p>\n<div id=\"sdfootnote1\">\n<p class=\"western\" align=\"justify\"><span style=\"font-family: Times New Roman, serif\"><span style=\"font-size: medium\">A revista Educa\u00e7\u00e3o (Santa Maria. Online) cumpre um importante papel para o Centro de Educa\u00e7\u00e3o, para o Programa de P\u00f3s-Gradua\u00e7\u00e3o em Educa\u00e7\u00e3o e para o processo de Internacionaliza\u00e7\u00e3o, em nosso conselho editorial figuram Professores e Professoras de institui\u00e7\u00f5es estrangeiras, bem como nos editores de se\u00e7\u00e3o. A revista \u00e9 um importante recurso que pode estimular e atrair professores estrangeiros para o PPGE, bem como estimular estudantes a se aperfei\u00e7oarem em outras l\u00ednguas, tanto para que o conhecimento cient\u00edfico produzido no pa\u00eds seja difundido, como para participar de projetos e discuss\u00f5es na comunidade internacional. <\/span><\/span><\/p>\n<p class=\"western\" align=\"justify\"><span style=\"font-family: Times New Roman, serif\"><span style=\"font-size: medium\">At\u00e9 este momento todo o trabalho de manuten\u00e7\u00e3o e publica\u00e7\u00e3o est\u00e1 sendo realizado pelos editores gerentes, chefia de editoria, editores de se\u00e7\u00e3o e bolsistas do curso de Produ\u00e7\u00e3o Editorial e de Letras. A alta demanda de artigos recebidos, tem efeito no aumento do n\u00famero de artigos aprovados e publicados. <\/span><\/span><\/p>\n<p class=\"western\" align=\"justify\"><span style=\"font-family: Times New Roman, serif\"><span style=\"font-size: medium\">Nosso peri\u00f3dico est\u00e1 indexado em 14 bases de dados, sendo elas: WEB OF SCIENCE \u2013 CLARIVATE; DOAJ; DRJI; INEP; EZB; LATINDEX; REDALYC; EDUC@; REDIB; OAJI; DIADORIM; SUMARIOS; CLASE <\/span><\/span><\/p>\n<p class=\"western\" align=\"justify\"><span style=\"font-family: Times New Roman, serif\"><span style=\"font-size: medium\">At\u00e9 o momento, em 2023 a revista Educa\u00e7\u00e3o (Santa Maria. Online) publicou 47 artigos, sendo oito deles em se\u00e7\u00e3o especial contemplando publica\u00e7\u00f5es de Pesquisadores da Argentina, Espanha, Portugal, M\u00e9xico e Brasil. <\/span><\/span><\/p>\n<p class=\"western\" align=\"justify\"><span style=\"font-family: Times New Roman, serif\"><span style=\"font-size: medium\">Convidamos toda a comunidade da UFSM a navegar e ser parceiro na divulga\u00e7\u00e3o e cita\u00e7\u00e3o de artigos, e assim colaborar na difus\u00e3o e visibilidade da Revista.<\/span><\/span><\/p>\n<p align=\"justify\"><span style=\"font-family: Times New Roman, serif\"><span style=\"font-size: medium\">Confira o v\u00eddeo realizado com a editora-chefe da Revista Educa\u00e7\u00e3o (Santa Maria. Online), professora Sueli Salva.\u00a0<\/span><\/span><\/p>\n<p><iframe title=\"Mat\u00e9ria Especial: 53 anos da Revista Educa\u00e7\u00e3o\" width=\"500\" height=\"281\" src=\"https:\/\/www.youtube.com\/embed\/ORzMse1TSBQ?feature=oembed\" frameborder=\"0\" allow=\"accelerometer; autoplay; clipboard-write; encrypted-media; gyroscope; picture-in-picture; web-share\" referrerpolicy=\"strict-origin-when-cross-origin\" allowfullscreen><\/iframe><\/p>\n<\/div>\n<\/div>\n","protected":false},"excerpt":{"rendered":"<p>A Revista Educa\u00e7\u00e3o (Santa Maria. Online), no ano de 2023, completa 53 anos de exist\u00eancia de publica\u00e7\u00e3o ininterrupta. No ano de 2021, embora com um ano de atraso, foi realizado o evento \u201cMem\u00f3rias e Palavras: Tra\u00e7os hist\u00f3ricos da revista Educa\u00e7\u00e3o\u201d comemorativo aos 50 anos da Revista com a participa\u00e7\u00e3o das Professoras que criaram Boletim do [&hellip;]<\/p>\n","protected":false},"author":3869,"featured_media":7760,"comment_status":"closed","ping_status":"closed","sticky":true,"template":"","format":"standard","meta":{"footnotes":""},"categories":[19],"tags":[],"class_list":["post-7759","post","type-post","status-publish","format-standard","has-post-thumbnail","hentry","category-banner"],"acf":[],"_links":{"self":[{"href":"https:\/\/www.ufsm.br\/unidades-universitarias\/ce\/wp-json\/wp\/v2\/posts\/7759","targetHints":{"allow":["GET"]}}],"collection":[{"href":"https:\/\/www.ufsm.br\/unidades-universitarias\/ce\/wp-json\/wp\/v2\/posts"}],"about":[{"href":"https:\/\/www.ufsm.br\/unidades-universitarias\/ce\/wp-json\/wp\/v2\/types\/post"}],"author":[{"embeddable":true,"href":"https:\/\/www.ufsm.br\/unidades-universitarias\/ce\/wp-json\/wp\/v2\/users\/3869"}],"replies":[{"embeddable":true,"href":"https:\/\/www.ufsm.br\/unidades-universitarias\/ce\/wp-json\/wp\/v2\/comments?post=7759"}],"version-history":[{"count":0,"href":"https:\/\/www.ufsm.br\/unidades-universitarias\/ce\/wp-json\/wp\/v2\/posts\/7759\/revisions"}],"wp:featuredmedia":[{"embeddable":true,"href":"https:\/\/www.ufsm.br\/unidades-universitarias\/ce\/wp-json\/wp\/v2\/media\/7760"}],"wp:attachment":[{"href":"https:\/\/www.ufsm.br\/unidades-universitarias\/ce\/wp-json\/wp\/v2\/media?parent=7759"}],"wp:term":[{"taxonomy":"category","embeddable":true,"href":"https:\/\/www.ufsm.br\/unidades-universitarias\/ce\/wp-json\/wp\/v2\/categories?post=7759"},{"taxonomy":"post_tag","embeddable":true,"href":"https:\/\/www.ufsm.br\/unidades-universitarias\/ce\/wp-json\/wp\/v2\/tags?post=7759"}],"curies":[{"name":"wp","href":"https:\/\/api.w.org\/{rel}","templated":true}]}}