{"id":9518,"date":"2024-03-25T11:17:43","date_gmt":"2024-03-25T14:17:43","guid":{"rendered":"https:\/\/www.ufsm.br\/unidades-universitarias\/ce\/?p=9518"},"modified":"2024-03-25T11:17:45","modified_gmt":"2024-03-25T14:17:45","slug":"mocao-de-apoio-a-greve-dos-tecnico-administrativos-em-educacao","status":"publish","type":"post","link":"https:\/\/www.ufsm.br\/unidades-universitarias\/ce\/2024\/03\/25\/mocao-de-apoio-a-greve-dos-tecnico-administrativos-em-educacao","title":{"rendered":"Mo\u00e7\u00e3o de apoio \u00e0 Greve dos T\u00e9cnico-administrativos em Educa\u00e7\u00e3o"},"content":{"rendered":"\n<p><strong>Mo\u00e7\u00e3o de apoio \u00e0 Greve dos T\u00e9cnico<\/strong><strong>&#8211;<\/strong><strong>administrativos em Educa\u00e7\u00e3o <\/strong><\/p>\n<p>O Conselho do Centro de Educa\u00e7\u00e3o, composto por docentes, t\u00e9cnicos administrativos e estudantes, vem a p\u00fablico manifestar <strong>apoio e solidariedade \u00e0 greve dos t\u00e9cnico<\/strong><strong>&#8211;<\/strong><strong>administrativos em educa\u00e7\u00e3o<\/strong>.<\/p>\n<p>Nos \u00faltimos anos temos visto a queda dos investimentos na educa\u00e7\u00e3o superior p\u00fablica federal, o que tem resultado no corte de investimentos na assist\u00eancia estudantil al\u00e9m da pesquisa e extens\u00e3o.<\/p>\n<p>A crescente terceiriza\u00e7\u00e3o das atividades dos t\u00e9cnico-administrativos em educa\u00e7\u00e3o vem promovendo a precariza\u00e7\u00e3o das universidades federais, pois a instabilidade dos v\u00ednculos decorrentes da terceiriza\u00e7\u00e3o diminui a efici\u00eancia, a efic\u00e1cia e a efetividade das atividades de ensino, pesquisa e extens\u00e3o das IFEs.<\/p>\n<p>Assim, apoiamos\u00a0os\u00a0t\u00e9cnico-administrativos em greve na luta por uma universidade p\u00fablica, gratuita, de qualidade e na valoriza\u00e7\u00e3o dos trabalhadores da educa\u00e7\u00e3o.<\/p>\n<p style=\"text-align: right\">Santa Maria, 25 de mar\u00e7o de 2024.<\/p>\n<p style=\"text-align: right\">Conselho do Centro de Educa\u00e7\u00e3o &#8211; UFSM<\/p>\n","protected":false},"excerpt":{"rendered":"<p>Mo\u00e7\u00e3o de apoio \u00e0 Greve dos T\u00e9cnico&#8211;administrativos em Educa\u00e7\u00e3o O Conselho do Centro de Educa\u00e7\u00e3o, composto por docentes, t\u00e9cnicos administrativos e estudantes, vem a p\u00fablico manifestar apoio e solidariedade \u00e0 greve dos t\u00e9cnico&#8211;administrativos em educa\u00e7\u00e3o. Nos \u00faltimos anos temos visto a queda dos investimentos na educa\u00e7\u00e3o superior p\u00fablica federal, o que tem resultado no corte [&hellip;]<\/p>\n","protected":false},"author":477,"featured_media":0,"comment_status":"closed","ping_status":"closed","sticky":false,"template":"","format":"standard","meta":{"footnotes":""},"categories":[1],"tags":[],"class_list":["post-9518","post","type-post","status-publish","format-standard","hentry","category-noticias"],"acf":[],"_links":{"self":[{"href":"https:\/\/www.ufsm.br\/unidades-universitarias\/ce\/wp-json\/wp\/v2\/posts\/9518","targetHints":{"allow":["GET"]}}],"collection":[{"href":"https:\/\/www.ufsm.br\/unidades-universitarias\/ce\/wp-json\/wp\/v2\/posts"}],"about":[{"href":"https:\/\/www.ufsm.br\/unidades-universitarias\/ce\/wp-json\/wp\/v2\/types\/post"}],"author":[{"embeddable":true,"href":"https:\/\/www.ufsm.br\/unidades-universitarias\/ce\/wp-json\/wp\/v2\/users\/477"}],"replies":[{"embeddable":true,"href":"https:\/\/www.ufsm.br\/unidades-universitarias\/ce\/wp-json\/wp\/v2\/comments?post=9518"}],"version-history":[{"count":0,"href":"https:\/\/www.ufsm.br\/unidades-universitarias\/ce\/wp-json\/wp\/v2\/posts\/9518\/revisions"}],"wp:attachment":[{"href":"https:\/\/www.ufsm.br\/unidades-universitarias\/ce\/wp-json\/wp\/v2\/media?parent=9518"}],"wp:term":[{"taxonomy":"category","embeddable":true,"href":"https:\/\/www.ufsm.br\/unidades-universitarias\/ce\/wp-json\/wp\/v2\/categories?post=9518"},{"taxonomy":"post_tag","embeddable":true,"href":"https:\/\/www.ufsm.br\/unidades-universitarias\/ce\/wp-json\/wp\/v2\/tags?post=9518"}],"curies":[{"name":"wp","href":"https:\/\/api.w.org\/{rel}","templated":true}]}}