{"id":270,"date":"2015-08-21T17:09:43","date_gmt":"2015-08-21T20:09:43","guid":{"rendered":"https:\/\/www.ufsm.br\/unidades-universitarias\/ct\/2015\/08\/21\/seminario-de-aulas-inovadoras\/"},"modified":"2015-08-21T17:09:43","modified_gmt":"2015-08-21T20:09:43","slug":"seminario-de-aulas-inovadoras","status":"publish","type":"post","link":"https:\/\/www.ufsm.br\/unidades-universitarias\/ct\/2015\/08\/21\/seminario-de-aulas-inovadoras","title":{"rendered":"Semin\u00e1rio de Aulas Inovadoras"},"content":{"rendered":"<div style=\"color: #222222; font-family: arial, sans-serif; font-size: small;\">O Diretor do Centro de Tecnologia, Prof. Luciano Schuch, convida professores, alunos e servidores t\u00e9cnico-administrativos para participar do Semin\u00e1rio de Aulas Inovadoras, no dia 27 de agosto de 2015, \u00e0s 14h, no Audit\u00f3rio do Anexo C do CT. No evento, ser\u00e3o discutidas formas de atua\u00e7\u00e3o em sala de aula, que visam tornar o ensino mais atrativo e proveitoso aos alunos, contribuindo para a forma\u00e7\u00e3o de profissionais diferenciados para o atual&nbsp;mercado de trabalho.<\/div>\n<div style=\"color: #222222; font-family: arial, sans-serif; font-size: small;\">&nbsp;<\/div>\n<div style=\"color: #222222; font-family: arial, sans-serif; font-size: small;\">\n<div>Programa\u00e7\u00e3o:<\/div>\n<div>&nbsp;<\/div>\n<div>-14h \u2013 Abertura &#8211; Prof. Luciano Schuch \u2013 Diretor do Centro de Tecnologia &#8211; UFSM;<\/div>\n<div>&nbsp;<\/div>\n<div>-14h10mim \u2013 Palestra do Prof. Gustavo Borba \u2013 Diretor da Unidade Acad\u00eamica de Gradua\u00e7\u00e3o \u2013 Unisinos;<\/div>\n<div>&nbsp;<\/div>\n<div>-14h40mim \u2013 Palestra do Prof. F\u00e1bio Garcia Reis &#8211; Diretor do Centro UNISAL &#8211; Unidade de Lorena<\/div>\n<div>&nbsp;<\/div>\n<div>-15h20mim &#8211; Coffee-break<\/div>\n<div>&nbsp;<\/div>\n<div>-15h40mim \u2013 Mesa redonda: Como inovar em sala de aula?<\/div>\n<div>&nbsp;<\/div>\n<div>Prof. Luciano Schuch (UFSM) &#8211; mediador; Prof. Alexandre Campos (UFSM); Prof. Gustavo Borba (Unisinos); Prof. F\u00e1bio Garcia Reis (UNISAL) &nbsp; &nbsp; &nbsp; &nbsp; &nbsp; &nbsp; &nbsp; &nbsp;&nbsp;<\/div>\n<div>&nbsp;<\/div>\n<div>&#8211; 17h \u2013 Encerramento<\/div>\n<\/p><\/div>\n<div style=\"color: #222222; font-family: arial, sans-serif; font-size: small;\">&nbsp;<\/div>\n<p>&nbsp;<\/p>\n<p><img fetchpriority=\"high\" decoding=\"async\" class=\" size-full wp-image-269\" src=\"https:\/\/www.ufsm.br\/unidades-universitarias\/ct\/wp-content\/uploads\/sites\/375\/2015\/08\/CONVITE_CT_ACAO.png\" alt=\"CONVITE CT A\u00c7\u00c3O\" width=\"750\" height=\"910\" srcset=\"https:\/\/www.ufsm.br\/app\/uploads\/sites\/375\/2015\/08\/CONVITE_CT_ACAO.png 750w, https:\/\/www.ufsm.br\/app\/uploads\/sites\/375\/2015\/08\/CONVITE_CT_ACAO-247x300.png 247w\" sizes=\"(max-width: 750px) 100vw, 750px\" \/><\/p>\n","protected":false},"excerpt":{"rendered":"<p>O Diretor do Centro de Tecnologia, Prof. Luciano Schuch, convida professores, alunos e servidores t\u00e9cnico-administrativos para participar do Semin\u00e1rio de Aulas Inovadoras, no dia 27 de agosto de 2015, \u00e0s 14h, no Audit\u00f3rio do Anexo C do CT. No evento, ser\u00e3o discutidas formas de atua\u00e7\u00e3o em sala de aula, que visam tornar o ensino mais [&hellip;]<\/p>\n","protected":false},"author":47,"featured_media":269,"comment_status":"closed","ping_status":"closed","sticky":false,"template":"","format":"standard","meta":{"footnotes":""},"categories":[1],"tags":[],"class_list":["post-270","post","type-post","status-publish","format-standard","has-post-thumbnail","hentry","category-geral"],"acf":[],"_links":{"self":[{"href":"https:\/\/www.ufsm.br\/unidades-universitarias\/ct\/wp-json\/wp\/v2\/posts\/270","targetHints":{"allow":["GET"]}}],"collection":[{"href":"https:\/\/www.ufsm.br\/unidades-universitarias\/ct\/wp-json\/wp\/v2\/posts"}],"about":[{"href":"https:\/\/www.ufsm.br\/unidades-universitarias\/ct\/wp-json\/wp\/v2\/types\/post"}],"author":[{"embeddable":true,"href":"https:\/\/www.ufsm.br\/unidades-universitarias\/ct\/wp-json\/wp\/v2\/users\/47"}],"replies":[{"embeddable":true,"href":"https:\/\/www.ufsm.br\/unidades-universitarias\/ct\/wp-json\/wp\/v2\/comments?post=270"}],"version-history":[{"count":0,"href":"https:\/\/www.ufsm.br\/unidades-universitarias\/ct\/wp-json\/wp\/v2\/posts\/270\/revisions"}],"wp:featuredmedia":[{"embeddable":true,"href":"https:\/\/www.ufsm.br\/unidades-universitarias\/ct\/wp-json\/wp\/v2\/media\/269"}],"wp:attachment":[{"href":"https:\/\/www.ufsm.br\/unidades-universitarias\/ct\/wp-json\/wp\/v2\/media?parent=270"}],"wp:term":[{"taxonomy":"category","embeddable":true,"href":"https:\/\/www.ufsm.br\/unidades-universitarias\/ct\/wp-json\/wp\/v2\/categories?post=270"},{"taxonomy":"post_tag","embeddable":true,"href":"https:\/\/www.ufsm.br\/unidades-universitarias\/ct\/wp-json\/wp\/v2\/tags?post=270"}],"curies":[{"name":"wp","href":"https:\/\/api.w.org\/{rel}","templated":true}]}}