{"id":275,"date":"2015-09-04T12:03:43","date_gmt":"2015-09-04T15:03:43","guid":{"rendered":"https:\/\/www.ufsm.br\/unidades-universitarias\/ct\/2015\/09\/04\/foi-dada-a-largada-no-projeto-ct-acao-que-ainda-trara-diversas-acoes-e-seminarios-para-movimentar-o-centro-de-tecnologia\/"},"modified":"2015-09-04T12:03:43","modified_gmt":"2015-09-04T15:03:43","slug":"foi-dada-a-largada-no-projeto-ct-acao-que-ainda-trara-diversas-acoes-e-seminarios-para-movimentar-o-centro-de-tecnologia","status":"publish","type":"post","link":"https:\/\/www.ufsm.br\/unidades-universitarias\/ct\/2015\/09\/04\/foi-dada-a-largada-no-projeto-ct-acao-que-ainda-trara-diversas-acoes-e-seminarios-para-movimentar-o-centro-de-tecnologia","title":{"rendered":"Inovar em sala de aula: uma miss\u00e3o para toda a UFSM"},"content":{"rendered":"<p style=\"text-align: justify;\"><span style=\"font-family: helvetica; color: #000000; font-size: 10pt; background-image: initial; background-attachment: initial; background-position: initial; background-repeat: initial;\">Trabalhar o modo de dar aulas e plantar a sementinha da inova\u00e7\u00e3o em sala de aula a partir do Centro de Tecnologia, esta \u00e9 a ideia do Diretor da Unidade, Luciano Schuch, ao iniciar o CT A\u00e7\u00e3o com o \u201cSemin\u00e1rio de Aulas Inovadoras\u201d, nessa quinta-feira, 27 de agosto. Para al\u00e9m do que j\u00e1 \u00e9 feito pelos professores nos Cursos da UFSM com muito brilhantismo, o plano \u00e9 reestruturar salas, incentivar mais os professores a terem o esp\u00edrito inovador e repensar o modelo de ensino aplicado. <\/span><\/p>\n<p style=\"text-align: justify;\"><span style=\"font-family: helvetica; color: #000000; font-size: 10pt;\">&nbsp;&nbsp;&nbsp;&nbsp;&nbsp;&nbsp;&nbsp;&nbsp;&nbsp;&nbsp;&nbsp; Com audit\u00f3rio cheio, entre estudantes, t\u00e9cnicos-administrativos em educa\u00e7\u00e3o, professores, diretores de unidades da Universidade e pr\u00f3-reitores, o primeiro semin\u00e1rio do CT A\u00e7\u00e3o recebeu mais de 200 pessoas. Os convidados que vieram apresentar suas experi\u00eancias foram o <span style=\"background-image: initial; background-attachment: initial; background-position: initial; background-repeat: initial;\">Gustavo Borba, formado pela UFSM e atualmente Diretor da Unidade Acad\u00eamica de Gradua\u00e7\u00e3o &#8211; Unisinos, e o F\u00e1bio Garcia Reis, Diretor do Centro UNISAL \u2013 Unidade de Lorena. <\/span><\/span><\/p>\n<p style=\"text-align: justify;\"><span style=\"font-family: helvetica; color: #000000; font-size: 10pt; background-image: initial; background-attachment: initial; background-position: initial; background-repeat: initial;\">&nbsp;&nbsp;&nbsp;&nbsp;&nbsp;&nbsp;&nbsp;&nbsp;&nbsp;&nbsp;&nbsp; Com a miss\u00e3o de trazer exemplos do que tem sido feito e compartilhar o que mobiliza a mudan\u00e7a dos paradigmas em sala de aula, os palestrantes instigaram os professores presentes a repensarem suas pr\u00e1ticas de ensino. A discuss\u00e3o em torno do papel do professor em sala de aula e qual o futuro dela daqui h\u00e1 10 anos, em uma gera\u00e7\u00e3o onde a informa\u00e7\u00e3o \u00e9 de f\u00e1cil acesso, tamb\u00e9m foi ponto forte de argumenta\u00e7\u00e3o para a necessidade de reciclagem eminente nos padr\u00f5es de ensino brasileiros. \u201cO que torna a gente professores que tem uma conex\u00e3o mais pr\u00f3xima com os alunos?\u201d e \u201cO que faz com que estes estejam mais presentes em sala de aula?\u201d foram algumas das perguntas que o professor Gustavo trouxe para instigar a plateia. <\/span><\/p>\n<p style=\"text-align: justify;\"><span style=\"font-family: helvetica; color: #000000; font-size: 10pt; background-image: initial; background-attachment: initial; background-position: initial; background-repeat: initial;\">&nbsp;&nbsp;&nbsp;&nbsp;&nbsp;&nbsp;&nbsp;&nbsp;&nbsp;&nbsp;&nbsp; Tirar os professores e os alunos da zona de conforto <span class=\"apple-converted-space\">\u00e9 a miss\u00e3o do CT A\u00e7\u00e3o, que engloba tamb\u00e9m pesquisa, extens\u00e3o e gest\u00e3o, que juntamente com o ensino s\u00e3o os quatro pilares da Universidade. Ao longo dos pr\u00f3ximos cinco anos, diversas a\u00e7\u00f5es ser\u00e3o realizadas a fim de trazer o empreendedorismo, a inova\u00e7\u00e3o e o desenvolvimento para o Centro, que visa a ir al\u00e9m da divulga\u00e7\u00e3o para toda a comunidade acad\u00eamica e a cidade de Santa Maria, mas tem pretens\u00f5es de expandir suas boas pr\u00e1ticas a n\u00edvel nacional e internacional. <\/span><\/span><\/p>\n<p style=\"text-align: justify;\"><span style=\"font-family: helvetica; color: #000000; font-size: 10pt; background-image: initial; background-attachment: initial; background-position: initial; background-repeat: initial;\">&nbsp;&nbsp;&nbsp;&nbsp;&nbsp;&nbsp;&nbsp;&nbsp;&nbsp;&nbsp;&nbsp; Formar alunos e professores com o esp\u00edrito inovador, em voga na atualidade, essa \u00e9 miss\u00e3o do Centro de Tecnologia, e qui\u00e7\u00e1 se expanda para toda a UFSM. Para isso, os primeiros passos j\u00e1 est\u00e3o sendo dados no sentido de fazer a\u00e7\u00f5es mais articuladas, com um objetivo maior de propor\u00e7\u00e3o a longo prazo. <\/span><\/p>\n<p style=\"text-align: justify;\"><span style=\"font-family: helvetica; color: #000000; font-size: 10pt; background-image: initial; background-attachment: initial; background-position: initial; background-repeat: initial;\">&nbsp;&nbsp;&nbsp;&nbsp;&nbsp;&nbsp;&nbsp;&nbsp;&nbsp;&nbsp;&nbsp; Na \u00e1rea de pesquisa, uma das metas \u00e9 ampliar o n\u00famero de pesquisadores, atrav\u00e9s do incentivo para os professores interessados em compor o time da p\u00f3s-gradua\u00e7\u00e3o. J\u00e1 na \u00e1rea de extens\u00e3o, a ousadia vem de propor um grande desafio de busca de solu\u00e7\u00f5es com os alunos, juntamente com o AGITTEC-CT, e tamb\u00e9m se articular melhor com as Empresas Juniores para que estas cumpram a meta da extens\u00e3o, de estar aliada ao desenvolvimento da sociedade que investe nas Universidades Federais. No pilar de gest\u00e3o, a miss\u00e3o \u00e9 ainda mais ampla, al\u00e9m avaliar constantemente o desempenho das a\u00e7\u00f5es, ela ir\u00e1 garantir que o planejamento do projeto <em>CT A\u00e7\u00e3o<\/em> seja cumprido em um ciclo coerente e definitivo de avan\u00e7o e desenvolvimento, a fim de mudar a realidade da&nbsp;<span style=\"text-align: justify; font-family: helvetica; font-size: 10pt; background-image: initial; background-attachment: initial; background-position: initial; background-repeat: initial;\">Universidade e da unidad<\/span><span style=\"text-align: justify; font-family: helvetica; font-size: 10pt;\">e acad\u00eamica.&nbsp;<\/span><\/span><\/p>\n<p style=\"text-align: justify;\"><img fetchpriority=\"high\" decoding=\"async\" class=\" size-full wp-image-274\" src=\"https:\/\/www.ufsm.br\/unidades-universitarias\/ct\/wp-content\/uploads\/sites\/375\/2015\/09\/2015-08-24-23.30.34.jpg\" alt=\"\" width=\"664\" height=\"499\" srcset=\"https:\/\/www.ufsm.br\/app\/uploads\/sites\/375\/2015\/09\/2015-08-24-23.30.34.jpg 2560w, https:\/\/www.ufsm.br\/app\/uploads\/sites\/375\/2015\/09\/2015-08-24-23.30.34-300x225.jpg 300w, https:\/\/www.ufsm.br\/app\/uploads\/sites\/375\/2015\/09\/2015-08-24-23.30.34-768x576.jpg 768w, https:\/\/www.ufsm.br\/app\/uploads\/sites\/375\/2015\/09\/2015-08-24-23.30.34-1024x768.jpg 1024w\" sizes=\"(max-width: 664px) 100vw, 664px\" \/><span style=\"font-family: helvetica; font-size: 10pt; background-image: initial; background-attachment: initial; background-position: initial; background-repeat: initial;\"><br \/><\/span><\/p>\n","protected":false},"excerpt":{"rendered":"<p>Trabalhar o modo de dar aulas e plantar a sementinha da inova\u00e7\u00e3o em sala de aula a partir do Centro de Tecnologia, esta \u00e9 a ideia do Diretor da Unidade, Luciano Schuch, ao iniciar o CT A\u00e7\u00e3o com o \u201cSemin\u00e1rio de Aulas Inovadoras\u201d, nessa quinta-feira, 27 de agosto. Para al\u00e9m do que j\u00e1 \u00e9 feito [&hellip;]<\/p>\n","protected":false},"author":47,"featured_media":274,"comment_status":"closed","ping_status":"closed","sticky":false,"template":"","format":"standard","meta":{"footnotes":""},"categories":[1],"tags":[],"class_list":["post-275","post","type-post","status-publish","format-standard","has-post-thumbnail","hentry","category-geral"],"acf":[],"_links":{"self":[{"href":"https:\/\/www.ufsm.br\/unidades-universitarias\/ct\/wp-json\/wp\/v2\/posts\/275","targetHints":{"allow":["GET"]}}],"collection":[{"href":"https:\/\/www.ufsm.br\/unidades-universitarias\/ct\/wp-json\/wp\/v2\/posts"}],"about":[{"href":"https:\/\/www.ufsm.br\/unidades-universitarias\/ct\/wp-json\/wp\/v2\/types\/post"}],"author":[{"embeddable":true,"href":"https:\/\/www.ufsm.br\/unidades-universitarias\/ct\/wp-json\/wp\/v2\/users\/47"}],"replies":[{"embeddable":true,"href":"https:\/\/www.ufsm.br\/unidades-universitarias\/ct\/wp-json\/wp\/v2\/comments?post=275"}],"version-history":[{"count":0,"href":"https:\/\/www.ufsm.br\/unidades-universitarias\/ct\/wp-json\/wp\/v2\/posts\/275\/revisions"}],"wp:featuredmedia":[{"embeddable":true,"href":"https:\/\/www.ufsm.br\/unidades-universitarias\/ct\/wp-json\/wp\/v2\/media\/274"}],"wp:attachment":[{"href":"https:\/\/www.ufsm.br\/unidades-universitarias\/ct\/wp-json\/wp\/v2\/media?parent=275"}],"wp:term":[{"taxonomy":"category","embeddable":true,"href":"https:\/\/www.ufsm.br\/unidades-universitarias\/ct\/wp-json\/wp\/v2\/categories?post=275"},{"taxonomy":"post_tag","embeddable":true,"href":"https:\/\/www.ufsm.br\/unidades-universitarias\/ct\/wp-json\/wp\/v2\/tags?post=275"}],"curies":[{"name":"wp","href":"https:\/\/api.w.org\/{rel}","templated":true}]}}