{"id":280,"date":"2015-09-16T15:45:45","date_gmt":"2015-09-16T18:45:45","guid":{"rendered":"https:\/\/www.ufsm.br\/unidades-universitarias\/ct\/2015\/09\/16\/engenharia-acustica-promove-i-semana-academica\/"},"modified":"2015-09-16T15:45:45","modified_gmt":"2015-09-16T18:45:45","slug":"engenharia-acustica-promove-i-semana-academica","status":"publish","type":"post","link":"https:\/\/www.ufsm.br\/unidades-universitarias\/ct\/2015\/09\/16\/engenharia-acustica-promove-i-semana-academica","title":{"rendered":"Curso de Engenharia Ac\u00fastica promove I Semana Acad\u00eamica"},"content":{"rendered":"<p style=\"margin: 0px 0px 6px; color: #141823; font-family: helvetica, arial, sans-serif; font-size: 14px; line-height: 19.32px;\">Curso de Engenharia Ac\u00fastica promove a I Semana Acad\u00eamica da Engenharia Ac\u00fastica!<br \/>Ser\u00e1 de 19 a 23 de Outubro de 2015 no Audit\u00f3rio Anexo C do Centro de Tecnologia.<\/p>\n<p style=\"margin: 6px 0px; color: #141823; font-family: helvetica, arial, sans-serif; font-size: 14px; line-height: 19.32px;\">Fa\u00e7a sua inscri\u00e7\u00e3o e saiba mais pelo link:&nbsp;<span style=\"color: #3b5998;\"><span style=\"cursor: pointer;\"><a href=\"http:\/\/www.sacademica.eac.ufsm.br\/\">http:\/\/www.sacademica.eac.ufsm.br\/<\/a><\/span><\/span><a href=\"http:\/\/www.sacademica.eac.ufsm.br\/\" target=\"_blank\" rel=\"nofollow\"><\/a><\/p>\n<p style=\"margin: 6px 0px; color: #141823; font-family: helvetica, arial, sans-serif; font-size: 14px; line-height: 19.32px;\"><img fetchpriority=\"high\" decoding=\"async\" class=\" size-full wp-image-279\" src=\"https:\/\/www.ufsm.br\/unidades-universitarias\/ct\/wp-content\/uploads\/sites\/375\/2015\/09\/post.jpg\" alt=\"\" width=\"636\" height=\"727\" srcset=\"https:\/\/www.ufsm.br\/app\/uploads\/sites\/375\/2015\/09\/post.jpg 840w, https:\/\/www.ufsm.br\/app\/uploads\/sites\/375\/2015\/09\/post-263x300.jpg 263w, https:\/\/www.ufsm.br\/app\/uploads\/sites\/375\/2015\/09\/post-768x878.jpg 768w\" sizes=\"(max-width: 636px) 100vw, 636px\" \/><\/p>\n","protected":false},"excerpt":{"rendered":"<p>Curso de Engenharia Ac\u00fastica promove a I Semana Acad\u00eamica da Engenharia Ac\u00fastica!Ser\u00e1 de 19 a 23 de Outubro de 2015 no Audit\u00f3rio Anexo C do Centro de Tecnologia. Fa\u00e7a sua inscri\u00e7\u00e3o e saiba mais pelo link:&nbsp;http:\/\/www.sacademica.eac.ufsm.br\/<\/p>\n","protected":false},"author":47,"featured_media":279,"comment_status":"closed","ping_status":"closed","sticky":false,"template":"","format":"standard","meta":{"footnotes":""},"categories":[1],"tags":[],"class_list":["post-280","post","type-post","status-publish","format-standard","has-post-thumbnail","hentry","category-geral"],"acf":[],"_links":{"self":[{"href":"https:\/\/www.ufsm.br\/unidades-universitarias\/ct\/wp-json\/wp\/v2\/posts\/280","targetHints":{"allow":["GET"]}}],"collection":[{"href":"https:\/\/www.ufsm.br\/unidades-universitarias\/ct\/wp-json\/wp\/v2\/posts"}],"about":[{"href":"https:\/\/www.ufsm.br\/unidades-universitarias\/ct\/wp-json\/wp\/v2\/types\/post"}],"author":[{"embeddable":true,"href":"https:\/\/www.ufsm.br\/unidades-universitarias\/ct\/wp-json\/wp\/v2\/users\/47"}],"replies":[{"embeddable":true,"href":"https:\/\/www.ufsm.br\/unidades-universitarias\/ct\/wp-json\/wp\/v2\/comments?post=280"}],"version-history":[{"count":0,"href":"https:\/\/www.ufsm.br\/unidades-universitarias\/ct\/wp-json\/wp\/v2\/posts\/280\/revisions"}],"wp:featuredmedia":[{"embeddable":true,"href":"https:\/\/www.ufsm.br\/unidades-universitarias\/ct\/wp-json\/wp\/v2\/media\/279"}],"wp:attachment":[{"href":"https:\/\/www.ufsm.br\/unidades-universitarias\/ct\/wp-json\/wp\/v2\/media?parent=280"}],"wp:term":[{"taxonomy":"category","embeddable":true,"href":"https:\/\/www.ufsm.br\/unidades-universitarias\/ct\/wp-json\/wp\/v2\/categories?post=280"},{"taxonomy":"post_tag","embeddable":true,"href":"https:\/\/www.ufsm.br\/unidades-universitarias\/ct\/wp-json\/wp\/v2\/tags?post=280"}],"curies":[{"name":"wp","href":"https:\/\/api.w.org\/{rel}","templated":true}]}}