{"id":282,"date":"2015-09-16T15:50:41","date_gmt":"2015-09-16T18:50:41","guid":{"rendered":"https:\/\/www.ufsm.br\/unidades-universitarias\/ct\/2015\/09\/16\/base-jr-realiza-iii-sabe-seminario-anual-base-jr-para-a-engenharia\/"},"modified":"2015-09-16T15:50:41","modified_gmt":"2015-09-16T18:50:41","slug":"base-jr-realiza-iii-sabe-seminario-anual-base-jr-para-a-engenharia","status":"publish","type":"post","link":"https:\/\/www.ufsm.br\/unidades-universitarias\/ct\/2015\/09\/16\/base-jr-realiza-iii-sabe-seminario-anual-base-jr-para-a-engenharia","title":{"rendered":"Base Jr. realiza III SABE &#8211; Semin\u00e1rio Anual Base Jr. para a Engenharia."},"content":{"rendered":"<p style=\"margin: 0px 0px 6px; color: #141823; font-family: helvetica, arial, sans-serif; font-size: 14px; line-height: 19.32px;\">A Base Jr. &#8211; Empresa Junior de Engenharia Civil da UFSM convida a todos para participarem do III SABE &#8211; Semin\u00e1rio Anual Base Jr. para a Engenharia.<br \/>Este ano, o tema ser\u00e1: Gerenciamento de Projetos, abrangendo todas as \u00e1reas da engenharia. O Evento ocorrer\u00e1 nos dias 2 e 3 de outubro (Per\u00edodo manh\u00e3 e tarde) no Hotel Itaimb\u00e9, em Santa Maria, e contar\u00e1 com a presen\u00e7a de ilustres palestrantes com experiencias na \u00e1rea.<\/p>\n<p style=\"margin: 6px 0px; color: #141823; font-family: helvetica, arial, sans-serif; font-size: 14px; line-height: 19.32px;\">O valor do investimento ser\u00e1 de R$ 45,00 para estudantes e R$&nbsp;<span class=\"text_exposed_show\" style=\"display: inline;\">60 reais para profissionais.<br \/>O pagamento pode ser feito via ANTECIPEI pelo link:&nbsp;<a href=\"https:\/\/www.antecipei.com.br\/seminario-sabe\" target=\"_blank\" rel=\"nofollow\" style=\"color: #3b5998; cursor: pointer; text-decoration: none;\">https:\/\/www.antecipei.com.br\/seminario-sabe<\/a>&nbsp;ou diretamente na sala da Base Jr. (CT, Anexo C, Sala 1103-A).<\/span><\/p>\n<div class=\"text_exposed_show\" style=\"display: inline; color: #141823; font-family: helvetica, arial, sans-serif; font-size: 14px; line-height: 19.32px;\">\n<p style=\"margin: 0px 0px 6px;\">*Inclui Certificado de participa\u00e7\u00e3o.<\/p>\n<p style=\"margin: 6px 0px;\">Mais informa\u00e7\u00f5es voc\u00ea encontra em:<span style=\"color: #3b5998;\"><span style=\"cursor: pointer;\"><a href=\"https:\/\/www.facebook.com\/sabessencial?fref=ts\">https:\/\/www.facebook.com\/sabessencial?fref=ts<\/a><\/span><\/span><a href=\"https:\/\/www.facebook.com\/sabessencial?fref=ts\"><\/a><\/p>\n<p style=\"margin: 6px 0px;\">&nbsp;<\/p>\n<p style=\"margin: 6px 0px;\"><img fetchpriority=\"high\" decoding=\"async\" class=\" size-full wp-image-281\" src=\"https:\/\/www.ufsm.br\/unidades-universitarias\/ct\/wp-content\/uploads\/sites\/375\/2015\/09\/Cartaz.jpg\" alt=\"\" width=\"643\" height=\"909\" srcset=\"https:\/\/www.ufsm.br\/app\/uploads\/sites\/375\/2015\/09\/Cartaz.jpg 1754w, https:\/\/www.ufsm.br\/app\/uploads\/sites\/375\/2015\/09\/Cartaz-212x300.jpg 212w, https:\/\/www.ufsm.br\/app\/uploads\/sites\/375\/2015\/09\/Cartaz-768x1086.jpg 768w, https:\/\/www.ufsm.br\/app\/uploads\/sites\/375\/2015\/09\/Cartaz-724x1024.jpg 724w\" sizes=\"(max-width: 643px) 100vw, 643px\" \/><\/p>\n<\/p><\/div>\n","protected":false},"excerpt":{"rendered":"<p>A Base Jr. &#8211; Empresa Junior de Engenharia Civil da UFSM convida a todos para participarem do III SABE &#8211; Semin\u00e1rio Anual Base Jr. para a Engenharia.Este ano, o tema ser\u00e1: Gerenciamento de Projetos, abrangendo todas as \u00e1reas da engenharia. O Evento ocorrer\u00e1 nos dias 2 e 3 de outubro (Per\u00edodo manh\u00e3 e tarde) no [&hellip;]<\/p>\n","protected":false},"author":47,"featured_media":281,"comment_status":"closed","ping_status":"closed","sticky":false,"template":"","format":"standard","meta":{"footnotes":""},"categories":[1],"tags":[],"class_list":["post-282","post","type-post","status-publish","format-standard","has-post-thumbnail","hentry","category-geral"],"acf":[],"_links":{"self":[{"href":"https:\/\/www.ufsm.br\/unidades-universitarias\/ct\/wp-json\/wp\/v2\/posts\/282","targetHints":{"allow":["GET"]}}],"collection":[{"href":"https:\/\/www.ufsm.br\/unidades-universitarias\/ct\/wp-json\/wp\/v2\/posts"}],"about":[{"href":"https:\/\/www.ufsm.br\/unidades-universitarias\/ct\/wp-json\/wp\/v2\/types\/post"}],"author":[{"embeddable":true,"href":"https:\/\/www.ufsm.br\/unidades-universitarias\/ct\/wp-json\/wp\/v2\/users\/47"}],"replies":[{"embeddable":true,"href":"https:\/\/www.ufsm.br\/unidades-universitarias\/ct\/wp-json\/wp\/v2\/comments?post=282"}],"version-history":[{"count":0,"href":"https:\/\/www.ufsm.br\/unidades-universitarias\/ct\/wp-json\/wp\/v2\/posts\/282\/revisions"}],"wp:featuredmedia":[{"embeddable":true,"href":"https:\/\/www.ufsm.br\/unidades-universitarias\/ct\/wp-json\/wp\/v2\/media\/281"}],"wp:attachment":[{"href":"https:\/\/www.ufsm.br\/unidades-universitarias\/ct\/wp-json\/wp\/v2\/media?parent=282"}],"wp:term":[{"taxonomy":"category","embeddable":true,"href":"https:\/\/www.ufsm.br\/unidades-universitarias\/ct\/wp-json\/wp\/v2\/categories?post=282"},{"taxonomy":"post_tag","embeddable":true,"href":"https:\/\/www.ufsm.br\/unidades-universitarias\/ct\/wp-json\/wp\/v2\/tags?post=282"}],"curies":[{"name":"wp","href":"https:\/\/api.w.org\/{rel}","templated":true}]}}