{"id":284,"date":"2015-09-16T17:01:48","date_gmt":"2015-09-16T20:01:48","guid":{"rendered":"https:\/\/www.ufsm.br\/unidades-universitarias\/ct\/2015\/09\/16\/clico-de-palestras-do-centro-de-tecnologia\/"},"modified":"2015-09-16T17:01:48","modified_gmt":"2015-09-16T20:01:48","slug":"clico-de-palestras-do-centro-de-tecnologia","status":"publish","type":"post","link":"https:\/\/www.ufsm.br\/unidades-universitarias\/ct\/2015\/09\/16\/clico-de-palestras-do-centro-de-tecnologia","title":{"rendered":"Clico de Palestras do Centro de Tecnologia"},"content":{"rendered":"<p><span style=\"color: #000000;\">Centro de Tecnologia promove Ciclo de Palestras, no pr\u00f3ximo dia 24\/09 o tema ser\u00e1 estressa e ansiedade, com o psic\u00f3logo Conrado Rezende Laranjeira no Audit\u00f3rio Percio Reis.<\/span><\/p>\n<p>&nbsp;<\/p>\n<p><img fetchpriority=\"high\" decoding=\"async\" class=\" size-full wp-image-283\" src=\"https:\/\/www.ufsm.br\/unidades-universitarias\/ct\/wp-content\/uploads\/sites\/375\/2015\/09\/12038177_848920975176371_8178984838896866619_n.jpg\" alt=\"\" width=\"509\" height=\"382\" srcset=\"https:\/\/www.ufsm.br\/app\/uploads\/sites\/375\/2015\/09\/12038177_848920975176371_8178984838896866619_n.jpg 960w, https:\/\/www.ufsm.br\/app\/uploads\/sites\/375\/2015\/09\/12038177_848920975176371_8178984838896866619_n-300x225.jpg 300w, https:\/\/www.ufsm.br\/app\/uploads\/sites\/375\/2015\/09\/12038177_848920975176371_8178984838896866619_n-768x576.jpg 768w\" sizes=\"(max-width: 509px) 100vw, 509px\" \/><\/p>\n","protected":false},"excerpt":{"rendered":"<p>Centro de Tecnologia promove Ciclo de Palestras, no pr\u00f3ximo dia 24\/09 o tema ser\u00e1 estressa e ansiedade, com o psic\u00f3logo Conrado Rezende Laranjeira no Audit\u00f3rio Percio Reis. &nbsp;<\/p>\n","protected":false},"author":47,"featured_media":283,"comment_status":"closed","ping_status":"closed","sticky":false,"template":"","format":"standard","meta":{"footnotes":""},"categories":[1],"tags":[],"class_list":["post-284","post","type-post","status-publish","format-standard","has-post-thumbnail","hentry","category-geral"],"acf":[],"_links":{"self":[{"href":"https:\/\/www.ufsm.br\/unidades-universitarias\/ct\/wp-json\/wp\/v2\/posts\/284","targetHints":{"allow":["GET"]}}],"collection":[{"href":"https:\/\/www.ufsm.br\/unidades-universitarias\/ct\/wp-json\/wp\/v2\/posts"}],"about":[{"href":"https:\/\/www.ufsm.br\/unidades-universitarias\/ct\/wp-json\/wp\/v2\/types\/post"}],"author":[{"embeddable":true,"href":"https:\/\/www.ufsm.br\/unidades-universitarias\/ct\/wp-json\/wp\/v2\/users\/47"}],"replies":[{"embeddable":true,"href":"https:\/\/www.ufsm.br\/unidades-universitarias\/ct\/wp-json\/wp\/v2\/comments?post=284"}],"version-history":[{"count":0,"href":"https:\/\/www.ufsm.br\/unidades-universitarias\/ct\/wp-json\/wp\/v2\/posts\/284\/revisions"}],"wp:featuredmedia":[{"embeddable":true,"href":"https:\/\/www.ufsm.br\/unidades-universitarias\/ct\/wp-json\/wp\/v2\/media\/283"}],"wp:attachment":[{"href":"https:\/\/www.ufsm.br\/unidades-universitarias\/ct\/wp-json\/wp\/v2\/media?parent=284"}],"wp:term":[{"taxonomy":"category","embeddable":true,"href":"https:\/\/www.ufsm.br\/unidades-universitarias\/ct\/wp-json\/wp\/v2\/categories?post=284"},{"taxonomy":"post_tag","embeddable":true,"href":"https:\/\/www.ufsm.br\/unidades-universitarias\/ct\/wp-json\/wp\/v2\/tags?post=284"}],"curies":[{"name":"wp","href":"https:\/\/api.w.org\/{rel}","templated":true}]}}