{"id":286,"date":"2015-09-17T19:10:56","date_gmt":"2015-09-17T22:10:56","guid":{"rendered":"https:\/\/www.ufsm.br\/unidades-universitarias\/ct\/2015\/09\/17\/painel-world-science-conference\/"},"modified":"2015-09-17T19:10:56","modified_gmt":"2015-09-17T22:10:56","slug":"painel-world-science-conference","status":"publish","type":"post","link":"https:\/\/www.ufsm.br\/unidades-universitarias\/ct\/2015\/09\/17\/painel-world-science-conference","title":{"rendered":"Painel &#8220;World Science Conference&#8221;"},"content":{"rendered":"<p><span style=\"font-family: helvetica; font-size: 10pt; color: #000000;\">Participe do Painel &#8220;World Science Conference&#8221;, que ser\u00e1 realizado no dia 29\/09 no audit\u00f3rio Anexo C no Centro de Tecnologia. O Painel visa a troca de experi\u00eancias dos alunos do Centro de Tecnologia e Centro de Ci\u00eancias Naturais e Exatas que participaram de uma confer\u00eancia em Israel em Agosto de 2015, representando todo o Brasil.<\/span><\/p>\n<p><span style=\"font-family: helvetica; font-size: 10pt; color: #000000;\">Confira a programa\u00e7\u00e3o e participe!<\/span><\/p>\n<p>&nbsp;<\/p>\n<p><img fetchpriority=\"high\" decoding=\"async\" class=\" size-full wp-image-285\" src=\"https:\/\/www.ufsm.br\/unidades-universitarias\/ct\/wp-content\/uploads\/sites\/375\/2015\/09\/Convite-WSCI-WEB.jpg\" alt=\"\" width=\"671\" height=\"416\" srcset=\"https:\/\/www.ufsm.br\/app\/uploads\/sites\/375\/2015\/09\/Convite-WSCI-WEB.jpg 2480w, https:\/\/www.ufsm.br\/app\/uploads\/sites\/375\/2015\/09\/Convite-WSCI-WEB-300x186.jpg 300w, https:\/\/www.ufsm.br\/app\/uploads\/sites\/375\/2015\/09\/Convite-WSCI-WEB-768x475.jpg 768w, https:\/\/www.ufsm.br\/app\/uploads\/sites\/375\/2015\/09\/Convite-WSCI-WEB-1024x634.jpg 1024w\" sizes=\"(max-width: 671px) 100vw, 671px\" \/><\/p>\n","protected":false},"excerpt":{"rendered":"<p>Participe do Painel &#8220;World Science Conference&#8221;, que ser\u00e1 realizado no dia 29\/09 no audit\u00f3rio Anexo C no Centro de Tecnologia. O Painel visa a troca de experi\u00eancias dos alunos do Centro de Tecnologia e Centro de Ci\u00eancias Naturais e Exatas que participaram de uma confer\u00eancia em Israel em Agosto de 2015, representando todo o Brasil. [&hellip;]<\/p>\n","protected":false},"author":47,"featured_media":285,"comment_status":"closed","ping_status":"closed","sticky":false,"template":"","format":"standard","meta":{"footnotes":""},"categories":[1],"tags":[],"class_list":["post-286","post","type-post","status-publish","format-standard","has-post-thumbnail","hentry","category-geral"],"acf":[],"_links":{"self":[{"href":"https:\/\/www.ufsm.br\/unidades-universitarias\/ct\/wp-json\/wp\/v2\/posts\/286","targetHints":{"allow":["GET"]}}],"collection":[{"href":"https:\/\/www.ufsm.br\/unidades-universitarias\/ct\/wp-json\/wp\/v2\/posts"}],"about":[{"href":"https:\/\/www.ufsm.br\/unidades-universitarias\/ct\/wp-json\/wp\/v2\/types\/post"}],"author":[{"embeddable":true,"href":"https:\/\/www.ufsm.br\/unidades-universitarias\/ct\/wp-json\/wp\/v2\/users\/47"}],"replies":[{"embeddable":true,"href":"https:\/\/www.ufsm.br\/unidades-universitarias\/ct\/wp-json\/wp\/v2\/comments?post=286"}],"version-history":[{"count":0,"href":"https:\/\/www.ufsm.br\/unidades-universitarias\/ct\/wp-json\/wp\/v2\/posts\/286\/revisions"}],"wp:featuredmedia":[{"embeddable":true,"href":"https:\/\/www.ufsm.br\/unidades-universitarias\/ct\/wp-json\/wp\/v2\/media\/285"}],"wp:attachment":[{"href":"https:\/\/www.ufsm.br\/unidades-universitarias\/ct\/wp-json\/wp\/v2\/media?parent=286"}],"wp:term":[{"taxonomy":"category","embeddable":true,"href":"https:\/\/www.ufsm.br\/unidades-universitarias\/ct\/wp-json\/wp\/v2\/categories?post=286"},{"taxonomy":"post_tag","embeddable":true,"href":"https:\/\/www.ufsm.br\/unidades-universitarias\/ct\/wp-json\/wp\/v2\/tags?post=286"}],"curies":[{"name":"wp","href":"https:\/\/api.w.org\/{rel}","templated":true}]}}