{"id":288,"date":"2015-09-21T12:56:55","date_gmt":"2015-09-21T15:56:55","guid":{"rendered":"https:\/\/www.ufsm.br\/unidades-universitarias\/ct\/2015\/09\/21\/painel-world-science-conference-wsci-internacionalizacao-da-ufsm\/"},"modified":"2015-09-21T12:56:55","modified_gmt":"2015-09-21T15:56:55","slug":"painel-world-science-conference-wsci-internacionalizacao-da-ufsm","status":"publish","type":"post","link":"https:\/\/www.ufsm.br\/unidades-universitarias\/ct\/2015\/09\/21\/painel-world-science-conference-wsci-internacionalizacao-da-ufsm","title":{"rendered":"Painel &#8220;World Science Conference&#8221; (WSCI): internacionaliza\u00e7\u00e3o da UFSM"},"content":{"rendered":"<p class=\"Standard\"><span style=\"font-family: helvetica; font-size: 10pt;\"><em>Alunos do Centro de Tecnologia &#8211; UFSM estiveram entre os 400 jovens cientistas na Confer\u00eancia Mundial de Ci\u00eancia, realizada em Israel. Os relatos da experi\u00eancia ser\u00e3o contados em um evento no dia 29 de Setembro.<\/em><\/span><\/p>\n<p class=\"Standard\" style=\"text-align: justify;\"><span style=\"font-family: helvetica; font-size: 10pt;\">&nbsp;&nbsp;&nbsp;&nbsp;&nbsp;&nbsp;&nbsp;&nbsp;&nbsp;&nbsp;&nbsp; Quatro alunos da UFSM, juntamente com o Professor do Centro de Tecnologia Tiago Bandeira Marchesan, estiveram presentes no &#8220;World Science Conference&#8221; (WSCI), evento realizado pelo Minist\u00e9rio dos Neg\u00f3cios Estrangeiros de Israel, em colabora\u00e7\u00e3o com a Universidade Hebraica de Jerusal\u00e9m, com o Pr\u00eamio Nobel Prof. Roger Kornberg e com o Minist\u00e9rio da Ci\u00eancia e Tecnologia daquele pa\u00eds. A Confer\u00eancia Mundial da Ci\u00eancia &#8211; Israel (WSCi)&nbsp; teve o ousado objetivo de trazer jovens estudantes de todo o mundo para um programa de uma semana intensiva, onde os 400 participantes tiveram a oportunidade de atuar em diversas atividades e&nbsp; projetos que perpassam os campos da ci\u00eancia e da tecnologia ao redor do mundo.<\/span><\/p>\n<p class=\"Standard\" style=\"text-align: justify;\"><span style=\"font-family: helvetica; font-size: 10pt;\">&nbsp;&nbsp;&nbsp;&nbsp;&nbsp;&nbsp;&nbsp;&nbsp;&nbsp;&nbsp;&nbsp; Considerada \u201cuma experi\u00eancia \u00fanica na vida\u201d, a ida dos alunos para a confer\u00eancia contribuiu para a reflex\u00e3o sobre a necessidade de se fomentar o estudo de l\u00ednguas estrangeiras pelos alunos e de se promover o interc\u00e2mbio de conhecimentos entre a UFSM e institui\u00e7\u00f5es de outros pa\u00edses, a fim de tornar a tem\u00e1tica da internacionaliza\u00e7\u00e3o uma realidade.<\/span><\/p>\n<p class=\"Standard\" style=\"text-align: justify;\"><span style=\"font-family: helvetica; font-size: 10pt;\">&nbsp;&nbsp;&nbsp;&nbsp;&nbsp;&nbsp;&nbsp;&nbsp;&nbsp;&nbsp;&nbsp; Comuns no contexto da comunidade acad\u00eamica do Centro de Tecnologia da UFSM, os termos mais fortemente presentes na confer\u00eancia foram o pioneirismo, a inova\u00e7\u00e3o e a criatividade. Com a presen\u00e7a de 15 ganhadores de Pr\u00eamio Nobel de diversas \u00e1reas da ci\u00eancia, a Confer\u00eancia foi mais um passo dado rumo ao incentivo \u00e0 pesquisa.<\/span><\/p>\n<p class=\"Standard\" style=\"text-align: justify;\"><span style=\"font-family: helvetica; font-size: 10pt;\">&nbsp;&nbsp;&nbsp;&nbsp;&nbsp;&nbsp;&nbsp;&nbsp;&nbsp;&nbsp;&nbsp; Os alunos do Curso de Engenharia El\u00e9trica do CT, Raissa Raimundo da Silva, Ciro Alberto Dias Perez Junior, F\u00e1bio Brandolt Baldissera, a aluna do Curso de Qu\u00edmica do CCNE, C\u00e1ssia Pereira Delgado e o Prof. Dr. Tiago Bandeira Marchesan, conversar\u00e3o sobre a&nbsp;<em>World Science Conference<\/em>&nbsp;no Painel que ser\u00e1 realizado no dia 29 de setembro, \u00e0s 10h15min no Audit\u00f3rio do Anexo C do Centro de Tecnologia.<\/span><\/p>\n<p class=\"Standard\" style=\"text-align: justify;\"><span style=\"font-family: helvetica; font-size: 10pt;\">Conhe\u00e7a os perfis dos alunos que representaram a UFSM na WSCi em Israel:<\/span><\/p>\n<p class=\"Standard\"><img fetchpriority=\"high\" decoding=\"async\" class=\" size-full wp-image-287\" src=\"https:\/\/www.ufsm.br\/unidades-universitarias\/ct\/wp-content\/uploads\/sites\/375\/2015\/09\/Biografia-alunos-WSCIiiiiiiiiiii.jpg\" alt=\"\" width=\"902\" height=\"517\" srcset=\"https:\/\/www.ufsm.br\/app\/uploads\/sites\/375\/2015\/09\/Biografia-alunos-WSCIiiiiiiiiiii.jpg 2560w, https:\/\/www.ufsm.br\/app\/uploads\/sites\/375\/2015\/09\/Biografia-alunos-WSCIiiiiiiiiiii-300x172.jpg 300w, https:\/\/www.ufsm.br\/app\/uploads\/sites\/375\/2015\/09\/Biografia-alunos-WSCIiiiiiiiiiii-768x440.jpg 768w, https:\/\/www.ufsm.br\/app\/uploads\/sites\/375\/2015\/09\/Biografia-alunos-WSCIiiiiiiiiiii-1024x586.jpg 1024w\" sizes=\"(max-width: 902px) 100vw, 902px\" \/><\/p>\n","protected":false},"excerpt":{"rendered":"<p>Alunos do Centro de Tecnologia &#8211; UFSM estiveram entre os 400 jovens cientistas na Confer\u00eancia Mundial de Ci\u00eancia, realizada em Israel. Os relatos da experi\u00eancia ser\u00e3o contados em um evento no dia 29 de Setembro. &nbsp;&nbsp;&nbsp;&nbsp;&nbsp;&nbsp;&nbsp;&nbsp;&nbsp;&nbsp;&nbsp; Quatro alunos da UFSM, juntamente com o Professor do Centro de Tecnologia Tiago Bandeira Marchesan, estiveram presentes no &#8220;World [&hellip;]<\/p>\n","protected":false},"author":47,"featured_media":287,"comment_status":"closed","ping_status":"closed","sticky":false,"template":"","format":"standard","meta":{"footnotes":""},"categories":[1],"tags":[],"class_list":["post-288","post","type-post","status-publish","format-standard","has-post-thumbnail","hentry","category-geral"],"acf":[],"_links":{"self":[{"href":"https:\/\/www.ufsm.br\/unidades-universitarias\/ct\/wp-json\/wp\/v2\/posts\/288","targetHints":{"allow":["GET"]}}],"collection":[{"href":"https:\/\/www.ufsm.br\/unidades-universitarias\/ct\/wp-json\/wp\/v2\/posts"}],"about":[{"href":"https:\/\/www.ufsm.br\/unidades-universitarias\/ct\/wp-json\/wp\/v2\/types\/post"}],"author":[{"embeddable":true,"href":"https:\/\/www.ufsm.br\/unidades-universitarias\/ct\/wp-json\/wp\/v2\/users\/47"}],"replies":[{"embeddable":true,"href":"https:\/\/www.ufsm.br\/unidades-universitarias\/ct\/wp-json\/wp\/v2\/comments?post=288"}],"version-history":[{"count":0,"href":"https:\/\/www.ufsm.br\/unidades-universitarias\/ct\/wp-json\/wp\/v2\/posts\/288\/revisions"}],"wp:featuredmedia":[{"embeddable":true,"href":"https:\/\/www.ufsm.br\/unidades-universitarias\/ct\/wp-json\/wp\/v2\/media\/287"}],"wp:attachment":[{"href":"https:\/\/www.ufsm.br\/unidades-universitarias\/ct\/wp-json\/wp\/v2\/media?parent=288"}],"wp:term":[{"taxonomy":"category","embeddable":true,"href":"https:\/\/www.ufsm.br\/unidades-universitarias\/ct\/wp-json\/wp\/v2\/categories?post=288"},{"taxonomy":"post_tag","embeddable":true,"href":"https:\/\/www.ufsm.br\/unidades-universitarias\/ct\/wp-json\/wp\/v2\/tags?post=288"}],"curies":[{"name":"wp","href":"https:\/\/api.w.org\/{rel}","templated":true}]}}