{"id":2991,"date":"2019-11-01T17:33:23","date_gmt":"2019-11-01T20:33:23","guid":{"rendered":"https:\/\/www.ufsm.br\/unidades-universitarias\/ct\/?p=2991"},"modified":"2020-01-15T13:54:46","modified_gmt":"2020-01-15T16:54:46","slug":"jai-concede-premio-destaque-em-ensino-para-equipe-do-ct","status":"publish","type":"post","link":"https:\/\/www.ufsm.br\/unidades-universitarias\/ct\/2019\/11\/01\/jai-concede-premio-destaque-em-ensino-para-equipe-do-ct","title":{"rendered":"JAI concede Pr\u00eamio Destaque em Ensino para Equipe do CT"},"content":{"rendered":"\n<p style=\"text-align: justify\">A 34\u00ba Jornada Acad\u00eamica Integrada, que aconteceu dos dias 21 a 25 de outubro, teve a sua abertura com a entrega dos Pr\u00eamios Destaque em Pesquisa, Ensino e Extens\u00e3o. O Pr\u00eamio Destaque em Ensino foi concedido ao Professor M\u00e1rio Eduardo dos Santos Martins e sua equipe <a href=\"https:\/\/www.facebook.com\/FormulaUFSM\/\">Formula UFSM<\/a>. O projeto premiado visa a dissemina\u00e7\u00e3o de conhecimentos empregados no setor automotivo mediante a execu\u00e7\u00e3o de mini-cursos especializados.&nbsp;<\/p>\n<p style=\"text-align: justify\">A equipe surgiu em 2010, visando representar a UFSM no projeto Formula SAE (Sociedade dos Engenheiros da Mobilidade). E desde a sua cria\u00e7\u00e3o, tem colecionado diversos pr\u00eamios e resultados para a Universidade. <em>&#8220;Esse pr\u00eamio \u00e9 importante porque apresenta o reconhecimento pelo trabalho executado pela Formula. In\u00fameros alunos trabalharam nela e com ela se capacitaram para o mercado de trabalho em um experi\u00eancia \u00fanica e marcante de enorme aprendizado e desenvolvimento de habilidades&#8221;<\/em>, compartilha o professor M\u00e1rio Martins.&nbsp;<\/p>\n<p style=\"text-align: justify\">Mas essa n\u00e3o \u00e9 a primeira vez que o Centro de Tecnologia \u00e9 reconhecido pelo evento. No ano passado, a 33\u00b0 edi\u00e7\u00e3o da JAI reconheceu a contribui\u00e7\u00e3o de professores e t\u00e9cnicos-administrativos a partir das seguintes premia\u00e7\u00f5es: Pesquisador Destaque, Professor Destaque e Destaque Extensionista. O professor Frederico Menine Shaf, do Departamento de Processamento em Engenharia El\u00e9trica, ganhou o <a href=\"https:\/\/www.ufsm.br\/2018\/10\/22\/33-jai-abertura\/\" target=\"_blank\" rel=\"noopener noreferrer\">pr\u00eamio de Professor Destaque<\/a>. O projeto de 2018 do qual foi coordenador &#8220;Proposta de Sala de Aula Modelo para Incentivo Mudan\u00e7a de Metodologias de Ensino&#8221;, foi o 1\u00b0 lugar do edital do Fundo do Incentivo ao Ensino (FIEN).&nbsp;&nbsp;<\/p>\n<p><strong>EXTENS\u00c3O<\/strong><\/p>\n<p style=\"text-align: justify\">Na tarde da segunda-feira (21), foi realizada a solenidade de entrega do Certificado de Melhor Trabalho de Extens\u00e3o e de Men\u00e7\u00e3o Honrosa para os trabalhos que se destacaram durante a Jornada Acad\u00eamica Integrada de 2018. O Melhor Trabalho de Extens\u00e3o do Centro de Tecnologia foi <em>&#8220;<a href=\"https:\/\/www.facebook.com\/emauperspectiva\/\" target=\"_blank\" rel=\"noopener noreferrer\">Perspectiva EMAU &#8211; Arquitetura, Sociedade e A\u00e7\u00e3o<\/a>&#8220;,<\/em> orientado pelo professor F\u00e1bio M\u00fcller e dos autores Cristian Ribeiro Peglow, Danilo Loiola De Jesus, Thais Cristina Weber Port, Juana Mariah Basso Gruber, Heloisa De Araujo Goncalves Dias e Giovana Deltregia Martinelli.<\/p>\n<p style=\"text-align: justify\">O EMAU \u00e9 um Escrit\u00f3rio Modelo de Arquitetura e Urbanismo da UFSM, e trata-se de um projeto de extens\u00e3o fundamentado no processo projetual, que visa contribuir para a forma\u00e7\u00e3o profissional do estudante, buscando o complemento na aprendizagem, e o compromisso com a realidade sociocultural brasileira. O desenvolvimento dos projetos vai ao encontro da quest\u00e3o de direito \u00e0 cidade,&nbsp;<span class=\"null\">bem como para refor\u00e7ar o sentimento de preserva\u00e7\u00e3o. Parte do pressuposto da utiliza\u00e7\u00e3o das a\u00e7\u00f5es como meio para a educa\u00e7\u00e3o patrimonial, a conscientiza\u00e7\u00e3o, a valoriza\u00e7\u00e3o e para gerar impacto positivo na comunidade local.<\/span>&nbsp;<\/p>\n<p>&nbsp;<\/p>\n<div>\n<p><sub><em>Texto por J\u00e9ssica Medeiros, acad\u00eamica de Jornalismo \u2013 Divulga\u00e7\u00e3o Institucional do CT\/UFSM.<\/em><\/sub><\/p>\n<hr>\n<p><strong>Quer divulgar seu projeto ou evento no nosso site? Fez uma viagem t\u00e9cnica<\/strong><strong>? Teve seu trabalho premiado? Participa de uma iniciativa bacana?<\/strong>&nbsp;<a href=\"https:\/\/forms.gle\/yHcxDvrCeEF1nCoU6\" target=\"_blank\" rel=\"noopener noreferrer\"><strong>Clique aqui e deixa a tua sugest\u00e3o de not\u00edcia!<\/strong><\/a><\/p>\n<p><strong>Entre em contato pelo e-mail<\/strong>: noticiasct@ufsm.br.<\/p>\n<p><strong>Siga o CT nas redes sociais<\/strong>:&nbsp;<a href=\"https:\/\/www.facebook.com\/ctufsm\/\">Facebook<\/a>,&nbsp;<a href=\"https:\/\/www.instagram.com\/ctufsm\/\">Instagram<\/a>&nbsp;e&nbsp;<a href=\"https:\/\/twitter.com\/ctufsm\">Twitter<\/a>.<\/p>\n<\/div>\n<p>&nbsp;<\/p>\n<p>&nbsp;<\/p>\n<p>&nbsp;<\/p>\n<p>&nbsp;<\/p>\n<div>&nbsp;<\/div>\n<div>&nbsp;<\/div>\n<p>&nbsp;<\/p>\n","protected":false},"excerpt":{"rendered":"<p>A 34\u00ba Jornada Acad\u00eamica Integrada, que aconteceu dos dias 21 a 25 de outubro, teve a sua abertura com a entrega dos Pr\u00eamios Destaque em Pesquisa, Ensino e Extens\u00e3o. O Pr\u00eamio Destaque em Ensino foi concedido ao Professor M\u00e1rio Eduardo dos Santos Martins e sua equipe Formula UFSM. O projeto premiado visa a dissemina\u00e7\u00e3o de [&hellip;]<\/p>\n","protected":false},"author":668,"featured_media":3000,"comment_status":"closed","ping_status":"closed","sticky":false,"template":"","format":"standard","meta":{"footnotes":""},"categories":[1],"tags":[798,142,796,797,189,26,92,790],"class_list":["post-2991","post","type-post","status-publish","format-standard","has-post-thumbnail","hentry","category-geral","tag-emau-perspectiva","tag-engenharia-mecanica","tag-ensino","tag-formula","tag-jai","tag-premiacao","tag-projeto-de-extensao","tag-sae-brasil"],"acf":[],"_links":{"self":[{"href":"https:\/\/www.ufsm.br\/unidades-universitarias\/ct\/wp-json\/wp\/v2\/posts\/2991","targetHints":{"allow":["GET"]}}],"collection":[{"href":"https:\/\/www.ufsm.br\/unidades-universitarias\/ct\/wp-json\/wp\/v2\/posts"}],"about":[{"href":"https:\/\/www.ufsm.br\/unidades-universitarias\/ct\/wp-json\/wp\/v2\/types\/post"}],"author":[{"embeddable":true,"href":"https:\/\/www.ufsm.br\/unidades-universitarias\/ct\/wp-json\/wp\/v2\/users\/668"}],"replies":[{"embeddable":true,"href":"https:\/\/www.ufsm.br\/unidades-universitarias\/ct\/wp-json\/wp\/v2\/comments?post=2991"}],"version-history":[{"count":0,"href":"https:\/\/www.ufsm.br\/unidades-universitarias\/ct\/wp-json\/wp\/v2\/posts\/2991\/revisions"}],"wp:featuredmedia":[{"embeddable":true,"href":"https:\/\/www.ufsm.br\/unidades-universitarias\/ct\/wp-json\/wp\/v2\/media\/3000"}],"wp:attachment":[{"href":"https:\/\/www.ufsm.br\/unidades-universitarias\/ct\/wp-json\/wp\/v2\/media?parent=2991"}],"wp:term":[{"taxonomy":"category","embeddable":true,"href":"https:\/\/www.ufsm.br\/unidades-universitarias\/ct\/wp-json\/wp\/v2\/categories?post=2991"},{"taxonomy":"post_tag","embeddable":true,"href":"https:\/\/www.ufsm.br\/unidades-universitarias\/ct\/wp-json\/wp\/v2\/tags?post=2991"}],"curies":[{"name":"wp","href":"https:\/\/api.w.org\/{rel}","templated":true}]}}