{"id":301,"date":"2015-09-24T17:28:57","date_gmt":"2015-09-24T20:28:57","guid":{"rendered":"https:\/\/www.ufsm.br\/unidades-universitarias\/ct\/2015\/09\/24\/agittec-traz-curso-para-a-ufsm\/"},"modified":"2015-09-24T17:28:57","modified_gmt":"2015-09-24T20:28:57","slug":"agittec-traz-curso-para-a-ufsm","status":"publish","type":"post","link":"https:\/\/www.ufsm.br\/unidades-universitarias\/ct\/2015\/09\/24\/agittec-traz-curso-para-a-ufsm","title":{"rendered":"AGITTEC traz curso para a UFSM"},"content":{"rendered":"<p style=\"margin: 0px; color: #222222; font-family: arial, sans-serif; font-size: 12.8px; text-align: justify;\"><span style=\"font-size: 10pt; font-family: helvetica;\">A Ag\u00eancia de Inova\u00e7\u00e3o e Transfer\u00eancia de Tecnologia (AGITTEC), dentro da programa\u00e7\u00e3o do&nbsp;<strong>Sal\u00e3o de Inova\u00e7\u00e3o e Empreendedorismo 2015<\/strong>, traz novamente para a UFSM o&nbsp;curso&nbsp;<strong>&#8220;Uso Estrat\u00e9gico de&nbsp;Patentes&nbsp;em Projetos de P&amp;D e Neg\u00f3cios, com Foco em Informa\u00e7\u00f5es Tecnol\u00f3gicas&#8221;.&nbsp;<br \/><\/strong><\/span><\/p>\n<p style=\"margin: 0px; color: #222222; font-family: arial, sans-serif; font-size: 12.8px; text-align: justify;\"><span style=\"font-size: 10pt; font-family: helvetica;\"><strong>&nbsp;<\/strong><\/span><\/p>\n<p style=\"margin: 0px; color: #222222; font-family: arial, sans-serif; font-size: 12.8px; text-align: justify;\"><span style=\"font-family: helvetica; font-size: 10pt;\">O curso tem como objetivo capacitar pesquisadores, alunos de gradua\u00e7\u00e3o e&nbsp;p\u00f3s-gradua\u00e7\u00e3o e profissionais da iniciativa privada&nbsp;a utilizarem&nbsp;patentes&nbsp;e as informa\u00e7\u00f5es contidas nas&nbsp;patentes&nbsp;de forma estrat\u00e9gica na defini\u00e7\u00e3o de seus &nbsp;projetos de pesquisa com foco em inova\u00e7\u00e3o, neg\u00f3cios e&nbsp;transfer\u00eancia&nbsp;de tecnologia. Para tanto, abordar\u00e1 n\u00e3o s\u00f3 como as informa\u00e7\u00f5es t\u00e9cnicas contidas em&nbsp;patentes&nbsp;individuais podem ser utilizadas, mas como grandes conjuntos de informa\u00e7\u00f5es podem ser explorados para a identifica\u00e7\u00e3o de oportunidades e defini\u00e7\u00e3o de estrat\u00e9gias. Ao final do&nbsp;curso, os participantes ter\u00e3o oportunidade de utilizar uma ferramenta comercial, bem como diversas bases gratuitas, para colocar em pr\u00e1tica os conhecimentos adquiridos.<\/span><\/p>\n<p style=\"margin: 0px; color: #222222; font-family: arial, sans-serif; font-size: 12.8px; text-align: justify;\"><span style=\"font-size: 10pt; font-family: helvetica;\">&nbsp;<\/span><\/p>\n<p style=\"margin: 0px; color: #222222; font-family: arial, sans-serif; font-size: 12.8px; text-align: justify;\"><span style=\"font-family: helvetica; font-size: 10pt;\"><strong>Ministrante:<\/strong>&nbsp;Henry Suzuki \u00e9 S\u00f3cio Diretor da Axonal Consultoria Tecnol\u00f3gica. Principal Consultant da Innovalyst (US), Consultor Colaborador da Avenium Consulting (FR). Agente da Propriedade Industrial. Especialista em bases de dados t\u00e9cnicas, patent\u00e1rias e cient\u00edficas. Graduado em Farm\u00e1cia e Bioqu\u00edmica pela USP e p\u00f3s- graduado em administra\u00e7\u00e3o de empresas pela ESPM. Agente do Questel Orbit no Brasil e na Am\u00e9rica do Sul. Inventor. Empreendedor.<\/span><\/p>\n<p style=\"margin: 0px; color: #222222; font-family: arial, sans-serif; font-size: 12.8px; text-align: justify;\"><span style=\"font-size: 10pt; font-family: helvetica;\">&nbsp;<\/span><\/p>\n<p style=\"margin: 0px; color: #222222; font-family: arial, sans-serif; font-size: 12.8px;\"><span style=\"font-family: helvetica; font-size: 10pt;\"><strong>&nbsp;O evento \u00e9 gratuito e o n\u00famero de vagas \u00e9 limitado.<\/strong><\/span><\/p>\n<p style=\"margin: 0px; color: #222222; font-family: arial, sans-serif; font-size: 12.8px; text-align: center;\" align=\"center\"><span style=\"font-family: helvetica; font-size: 10pt;\"><strong>&nbsp;<\/strong><\/span><\/p>\n<p style=\"margin: 0px; color: #222222; font-family: arial, sans-serif; font-size: 12.8px; text-align: center;\" align=\"center\"><span style=\"font-family: helvetica; font-size: 10pt;\"><strong>Programa\u00e7\u00e3o:<\/strong><\/span><\/p>\n<p style=\"margin: 0px; color: #222222; font-family: arial, sans-serif; font-size: 12.8px; text-align: center;\" align=\"center\"><span style=\"font-family: helvetica; font-size: 10pt;\"><strong>M\u00f3dulo 1:<\/strong><\/span><\/p>\n<p style=\"margin: 0px; color: #222222; font-family: arial, sans-serif; font-size: 12.8px; text-align: center;\" align=\"center\"><span style=\"font-family: helvetica; font-size: 10pt;\"><strong>&#8211;<\/strong><span style=\"background-image: none; background-attachment: scroll; background-position: 0% 0%; background-repeat: repeat;\">Revis\u00e3o de fundamentos sobre&nbsp;patentes&nbsp;e sua aplica\u00e7\u00e3o pr\u00e1tica em neg\u00f3cios.&nbsp;<\/span><br \/><span style=\"background-image: none; background-attachment: scroll; background-position: 0% 0%; background-repeat: repeat;\">-Uso estrat\u00e9gico de&nbsp;patentes&nbsp;e informa\u00e7\u00f5es patent\u00e1rias.<\/span><\/span><\/p>\n<p style=\"margin: 0px; color: #222222; font-family: arial, sans-serif; font-size: 12.8px; text-align: center;\" align=\"center\"><span style=\"font-family: helvetica; font-size: 10pt;\"><strong>Data\/Hor\u00e1rio:&nbsp;<\/strong>04\/11\/2015 &#8211; 9h \u00e0s 12h<\/span><\/p>\n<p style=\"margin: 0px; color: #222222; font-family: arial, sans-serif; font-size: 12.8px; text-align: center;\" align=\"center\"><span style=\"font-family: helvetica; font-size: 10pt;\"><strong>Local:&nbsp;<\/strong>Audit\u00f3rio do Centro de Tecnologia &#8211; Anexo C&nbsp;<\/span><\/p>\n<p style=\"margin: 0px; color: #222222; font-family: arial, sans-serif; font-size: 12.8px; text-align: center;\" align=\"center\"><span style=\"font-family: helvetica; font-size: 10pt;\"><strong>M\u00f3dulo 2: &nbsp;<\/strong><\/span><\/p>\n<p style=\"margin: 0px; color: #222222; font-family: arial, sans-serif; font-size: 12.8px; text-align: center;\" align=\"center\"><span style=\"font-family: helvetica; font-size: 10pt;\"><strong>&#8211;<\/strong><span style=\"background-image: none; background-attachment: scroll; background-position: 0% 0%; background-repeat: repeat;\">Fontes, sistemas de busca e an\u00e1lise de informa\u00e7\u00f5es gratuitos e comerciais.<\/span><br \/><span style=\"background-image: none; background-attachment: scroll; background-position: 0% 0%; background-repeat: repeat;\">-Oficina pr\u00e1tica com o uso do sistema comercial Questel Orbit. Apresenta\u00e7\u00e3o de fontes gratuitas (USPTO, Espacenet, INPI, etc).<\/span><\/span><\/p>\n<p style=\"margin: 0px; color: #222222; font-family: arial, sans-serif; font-size: 12.8px; text-align: center;\" align=\"center\"><span style=\"font-family: helvetica; font-size: 10pt;\"><strong>Data\/Hor\u00e1rio:&nbsp;<\/strong>05\/11\/2015 &#8211; &nbsp;9h \u00e0s 12h<\/span><\/p>\n<p style=\"margin: 0px; color: #222222; font-family: arial, sans-serif; font-size: 12.8px; text-align: center;\" align=\"center\"><span style=\"font-family: helvetica; font-size: 10pt;\"><strong>Local:&nbsp;<\/strong>Audit\u00f3rio do Centro de Tecnologia &#8211; Anexo C<\/span><\/p>\n<p style=\"margin: 0px; color: #222222; font-family: arial, sans-serif; font-size: 12.8px; text-align: center;\" align=\"center\"><span style=\"font-family: helvetica; font-size: 10pt;\"><strong>M\u00f3dulo 3<span style=\"color: black;\">:<\/span><\/strong><\/span><\/p>\n<p style=\"margin: 0px; color: #222222; font-family: arial, sans-serif; font-size: 12.8px; text-align: center;\" align=\"center\"><span style=\"font-family: helvetica; font-size: 10pt;\"><span style=\"color: black;\">&#8211;<span style=\"background-image: none; background-attachment: scroll; background-position: 0% 0%; background-repeat: repeat;\">Ferramentas e t\u00e9cnicas de busca e an\u00e1lise de informa\u00e7\u00f5es patent\u00e1rias.<\/span><\/span><br \/><span style=\"background-image: none; background-attachment: scroll; background-position: 0% 0%; background-repeat: repeat;\">&#8211; Oficina pr\u00e1tica sobre estrat\u00e9gias de busca. Exemplo de mapeamento de segmento tecnol\u00f3gico.<\/span><\/span><\/p>\n<p style=\"margin: 0px; color: #222222; font-family: arial, sans-serif; font-size: 12.8px; text-align: center;\" align=\"center\"><span style=\"font-family: helvetica; font-size: 10pt;\"><strong>Data\/Hor\u00e1rio:&nbsp;<\/strong>06\/11\/2015 &#8211; &nbsp;9h \u00e0s 12h<\/span><\/p>\n<p style=\"margin: 0px; color: #222222; font-family: arial, sans-serif; font-size: 12.8px; text-align: center;\" align=\"center\"><span style=\"font-family: helvetica; font-size: 10pt;\"><strong>Local:&nbsp;<\/strong>Audit\u00f3rio do Centro de Tecnologia &#8211; Anexo C<\/span><\/p>\n<p style=\"margin: 0px; color: #222222; font-family: arial, sans-serif; font-size: 12.8px;\"><span style=\"font-family: helvetica; font-size: 10pt;\"><strong>P\u00fablico-alvo<\/strong>:<\/span><\/p>\n<p style=\"margin: 0px; color: #222222; font-family: arial, sans-serif; font-size: 12.8px; text-align: justify;\"><span style=\"font-size: 10pt; font-family: helvetica;\">Estudantes de gradua\u00e7\u00e3o e p\u00f3s-gradua\u00e7\u00e3o, professores, servidores t\u00e9cnicos-administrativos e representantes de empresas locais e regionais.<\/span><\/p>\n<p style=\"margin: 0px; color: #222222; font-family: arial, sans-serif; font-size: 12.8px; text-align: justify;\"><span style=\"font-size: 10pt; font-family: helvetica;\">&nbsp;<\/span><\/p>\n<p style=\"margin: 0px; color: #222222; font-family: arial, sans-serif; font-size: 12.8px;\"><span style=\"font-family: helvetica; font-size: 10pt;\"><strong>Inscri\u00e7\u00e3o:<\/strong><\/span><\/p>\n<p style=\"margin: 0px; color: #222222; font-family: arial, sans-serif; font-size: 12.8px;\"><span style=\"font-size: 10pt; font-family: helvetica;\">As inscri\u00e7\u00f5es est\u00e3o abertas at\u00e9 o dia&nbsp;<strong>17\/10\/2015<\/strong>. Aten\u00e7\u00e3o: O n\u00famero de vagas \u00e9 limitado!<br \/><\/span><\/p>\n<p style=\"margin: 0px; color: #222222; font-family: arial, sans-serif; font-size: 12.8px;\"><span style=\"font-size: 10pt; font-family: helvetica;\">Para realizar sua inscri\u00e7\u00e3o, clique em&nbsp;<a href=\"http:\/\/axonal.com.br\/inscricoes.php?evento=118\">http:\/\/axonal.com.br\/inscricoes.php?evento=118<\/a><\/span><\/p>\n<p style=\"margin: 0px; color: #222222; font-family: arial, sans-serif; font-size: 12.8px;\">&nbsp;<\/p>\n<p style=\"margin: 0px; color: #222222; font-family: arial, sans-serif; font-size: 12.8px;\"><span style=\"font-family: helvetica; font-size: 10pt;\"><strong>Informa\u00e7\u00f5es:<\/strong><\/span><\/p>\n<p style=\"margin: 0px; color: #222222; font-family: arial, sans-serif; font-size: 12.8px;\"><span style=\"font-size: 10pt; font-family: helvetica;\">Para mais informa\u00e7\u00f5es, entre em contato pelo e-mail:&nbsp;<span style=\"color: #00b0f0;\"><a href=\"mailto:sie-agittec@ufsm.br\" target=\"_blank\" style=\"color: #1155cc;\"><span style=\"color: #00b0f0; letter-spacing: 0.2pt;\">sie-agittec@ufsm.br<\/span><\/a><\/span><\/span><\/p>\n<p style=\"margin: 0px; color: #222222; font-family: arial, sans-serif; font-size: 12.8px;\"><span style=\"font-size: 10pt; font-family: helvetica;\"><span style=\"color: #00b0f0;\"><a href=\"mailto:sie-agittec@ufsm.br\" target=\"_blank\" style=\"color: #1155cc;\"><span style=\"color: #00b0f0; letter-spacing: 0.2pt;\">&nbsp;<\/span><\/a><\/span><\/span><\/p>\n<p style=\"margin: 0px; color: #222222; font-family: arial, sans-serif; font-size: 12.8px; text-align: justify;\"><span style=\"font-size: 10pt; font-family: helvetica;\">No mesmo&nbsp;per\u00edodo&nbsp;e local, no turno da tarde&nbsp;ser\u00e3o promovidas as palestras e pain\u00e9is do&nbsp;<strong>Sal\u00e3o de<\/strong>&nbsp;<strong>Inova\u00e7\u00e3o e Empreendedorismo<\/strong>&nbsp;onde ser\u00e3o abordadas tem\u00e1ticas de inova\u00e7\u00e3o,&nbsp;empreendedorismo e coopera\u00e7\u00e3o universidade-empresa. Veja mais&nbsp;informa\u00e7\u00f5es no site:&nbsp;<a href=\"http:\/\/w3.ufsm.br\/sie-agittec\/2015\" target=\"_blank\" style=\"color: #1155cc;\"><span style=\"color: blue;\">http:\/\/w3.ufsm.br\/sie-agittec\/2015<\/span><\/a>&nbsp;e tamb\u00e9m acompanhe a programa\u00e7\u00e3o pelo perfil do Facebook da AGITTEC:&nbsp;<a href=\"https:\/\/www.facebook.com\/agittec.ufsm?fref=ts\">https:\/\/www.facebook.com\/agittec.ufsm?fref=ts<\/a><\/span><\/p>\n","protected":false},"excerpt":{"rendered":"<p>A Ag\u00eancia de Inova\u00e7\u00e3o e Transfer\u00eancia de Tecnologia (AGITTEC), dentro da programa\u00e7\u00e3o do&nbsp;Sal\u00e3o de Inova\u00e7\u00e3o e Empreendedorismo 2015, traz novamente para a UFSM o&nbsp;curso&nbsp;&#8220;Uso Estrat\u00e9gico de&nbsp;Patentes&nbsp;em Projetos de P&amp;D e Neg\u00f3cios, com Foco em Informa\u00e7\u00f5es Tecnol\u00f3gicas&#8221;.&nbsp; &nbsp; O curso tem como objetivo capacitar pesquisadores, alunos de gradua\u00e7\u00e3o e&nbsp;p\u00f3s-gradua\u00e7\u00e3o e profissionais da iniciativa privada&nbsp;a utilizarem&nbsp;patentes&nbsp;e as [&hellip;]<\/p>\n","protected":false},"author":47,"featured_media":0,"comment_status":"closed","ping_status":"closed","sticky":false,"template":"","format":"standard","meta":{"footnotes":""},"categories":[1],"tags":[],"class_list":["post-301","post","type-post","status-publish","format-standard","hentry","category-geral"],"acf":[],"_links":{"self":[{"href":"https:\/\/www.ufsm.br\/unidades-universitarias\/ct\/wp-json\/wp\/v2\/posts\/301","targetHints":{"allow":["GET"]}}],"collection":[{"href":"https:\/\/www.ufsm.br\/unidades-universitarias\/ct\/wp-json\/wp\/v2\/posts"}],"about":[{"href":"https:\/\/www.ufsm.br\/unidades-universitarias\/ct\/wp-json\/wp\/v2\/types\/post"}],"author":[{"embeddable":true,"href":"https:\/\/www.ufsm.br\/unidades-universitarias\/ct\/wp-json\/wp\/v2\/users\/47"}],"replies":[{"embeddable":true,"href":"https:\/\/www.ufsm.br\/unidades-universitarias\/ct\/wp-json\/wp\/v2\/comments?post=301"}],"version-history":[{"count":0,"href":"https:\/\/www.ufsm.br\/unidades-universitarias\/ct\/wp-json\/wp\/v2\/posts\/301\/revisions"}],"wp:attachment":[{"href":"https:\/\/www.ufsm.br\/unidades-universitarias\/ct\/wp-json\/wp\/v2\/media?parent=301"}],"wp:term":[{"taxonomy":"category","embeddable":true,"href":"https:\/\/www.ufsm.br\/unidades-universitarias\/ct\/wp-json\/wp\/v2\/categories?post=301"},{"taxonomy":"post_tag","embeddable":true,"href":"https:\/\/www.ufsm.br\/unidades-universitarias\/ct\/wp-json\/wp\/v2\/tags?post=301"}],"curies":[{"name":"wp","href":"https:\/\/api.w.org\/{rel}","templated":true}]}}