{"id":305,"date":"2015-09-28T12:42:26","date_gmt":"2015-09-28T15:42:26","guid":{"rendered":"https:\/\/www.ufsm.br\/unidades-universitarias\/ct\/2015\/09\/28\/curso-de-engenharia-acustica-realiza-1-semana-academica\/"},"modified":"2015-09-28T12:42:26","modified_gmt":"2015-09-28T15:42:26","slug":"curso-de-engenharia-acustica-realiza-1-semana-academica","status":"publish","type":"post","link":"https:\/\/www.ufsm.br\/unidades-universitarias\/ct\/2015\/09\/28\/curso-de-engenharia-acustica-realiza-1-semana-academica","title":{"rendered":"Curso de Engenharia Ac\u00fastica realiza 1\u00b0 Semana Acad\u00eamica"},"content":{"rendered":"<p style=\"margin: 0px; color: #222222; font-family: arial, sans-serif; font-size: 12.8px; text-align: justify; text-indent: 35.45pt; line-height: 19.2px;\"><span style=\"font-size: 12pt; line-height: 24px; font-family: 'Times New Roman', serif;\">O curso de Engenharia Ac\u00fastica do Centro de Tecnologia promove a sua 1\u00b0 Semana Acad\u00eamica. A 1\u00b0 Semana Acad\u00eamica da Engenharia Ac\u00fastica acontece entre os dias 19 e 23 de outubro nas depend\u00eancias do CT. Na programa\u00e7\u00e3o, constam minicursos, workshops e mostra de trabalhos.<\/span><\/p>\n<p style=\"margin: 0px; color: #222222; font-family: arial, sans-serif; font-size: 12.8px; text-align: justify; text-indent: 35.45pt; line-height: 19.2px;\"><span style=\"font-size: 12pt; line-height: 24px; font-family: 'Times New Roman', serif;\">Com o objetivo de criar um espa\u00e7o de aprendizado, experi\u00eancias diferenciadas e constru\u00e7\u00e3o de conhecimento, cria-se a 1\u00b0 Semana Acad\u00eamica realizada pelos alunos e professores do curso.<\/span><\/p>\n<p style=\"margin: 0px; color: #222222; font-family: arial, sans-serif; font-size: 12.8px; text-align: justify; text-indent: 35.45pt; line-height: 19.2px;\"><span style=\"font-size: 12pt; line-height: 24px; font-family: 'Times New Roman', serif;\">Para al\u00e9m de trazer minicursos e palestras de interesse afim, o intuito \u00e9 de integrar, unir e colocar em pr\u00e1tica formas alternativas de aprendizado e outras op\u00e7\u00f5es de viv\u00eancia que se acredita fazer parte do conceito de forma\u00e7\u00e3o do aluno e futuro profissional.<\/span><\/p>\n<p style=\"margin: 0px; color: #222222; font-family: arial, sans-serif; font-size: 12.8px; text-align: justify; text-indent: 35.45pt; line-height: 19.2px;\"><span style=\"font-size: 12pt; line-height: 24px; font-family: 'Times New Roman', serif;\">Mais informa\u00e7\u00f5es podem ser encontradas na <a href=\"https:\/\/www.facebook.com\/ISA.EAC\">p\u00e1gina do facebook<\/a>&nbsp;ou no <a href=\"http:\/\/www.sacademica.eac.ufsm.br\/\">site.<\/a><a href=\"http:\/\/www.sacademica.eac.ufsm.br\/\" target=\"_blank\" style=\"color: #1155cc;\"><br \/><\/a><\/span><\/p>\n<p style=\"margin: 0px; color: #222222; font-family: arial, sans-serif; font-size: 12.8px; text-align: justify; text-indent: 35.45pt; line-height: 19.2px;\"><span style=\"font-size: 12pt; line-height: 24px; font-family: 'Times New Roman', serif;\">Confira abaixo alguns dos minicursos que ser\u00e3o ofertados:<\/span><\/p>\n<p style=\"margin: 0px; color: #222222; font-family: arial, sans-serif; font-size: 12.8px; text-align: justify; text-indent: 35.45pt; line-height: 19.2px;\"><strong><span style=\"font-size: 12pt; line-height: 24px; font-family: 'Times New Roman', serif;\">Caixas Ac\u00fasticas e auto falantes (Homero Sette)<\/span><\/strong><span style=\"font-size: 12pt; line-height: 24px; font-family: 'Times New Roman', serif;\">&nbsp;&#8211; O Curso ser\u00e1 sobre&nbsp;projeto de alto-falantes e caixas ac\u00fasticas, medi\u00e7\u00e3o e avalia\u00e7\u00e3o dos produtos e a utiliza\u00e7\u00e3o dos<\/span><\/p>\n<p style=\"margin: 0px; color: #222222; font-family: arial, sans-serif; font-size: 12.8px; text-align: justify; line-height: 19.2px;\"><span style=\"font-size: 12pt; line-height: 24px; font-family: 'Times New Roman', serif;\">mesmos, em&nbsp;equipamentos residenciais,&nbsp;profissionais e em projetos de sonoriza\u00e7\u00e3o.<\/span><\/p>\n<p style=\"margin: 0px; color: #222222; font-family: arial, sans-serif; font-size: 12.8px; text-align: justify; text-indent: 35.45pt; line-height: 19.2px;\"><strong><span style=\"font-size: 12pt; line-height: 24px; font-family: 'Times New Roman', serif;\">LabVIEW para Ac\u00fastica e Vibra\u00e7\u00f5es (Jo\u00e3o Paulo Ristow)<\/span><\/strong><span style=\"font-size: 12pt; line-height: 24px; font-family: 'Times New Roman', serif;\">&nbsp;&#8211; Este curso abordar\u00e1 de forma te\u00f3rica e pr\u00e1tica o uso do LabVIEW, uma linguagem gr\u00e1fica de alto n\u00edvel, em aplica\u00e7\u00f5es de ac\u00fastica e vibra\u00e7\u00f5es. Na parte te\u00f3rica ser\u00e3o discutidos os conceitos b\u00e1sicos da linguagem e a parte pr\u00e1tica abordar\u00e1 a interface com hardwares, arquiteturas de medi\u00e7\u00e3o e exemplos de aquisi\u00e7\u00e3o e processamento utilizando a placa de som do computador.<\/span><\/p>\n<p style=\"margin: 0px; color: #222222; font-family: arial, sans-serif; font-size: 12.8px; text-align: justify; text-indent: 35.45pt; line-height: 19.2px;\"><strong><span style=\"font-size: 12pt; line-height: 24px; font-family: 'Times New Roman', serif;\">Ac\u00fastica Subaqu\u00e1tica (Jo\u00e3o Paulo Ristow)<\/span><\/strong><span style=\"font-size: 12pt; line-height: 24px; font-family: 'Times New Roman', serif;\">&nbsp;&#8211; O curso abordar\u00e1 os conceitos b\u00e1sicos em ac\u00fastica subaqu\u00e1tica que ser\u00e3o utilizados em exemplos de aplica\u00e7\u00e3o envolvendo sonares. Os principais conceitos e o principio de funcionamento de sonares tamb\u00e9m ser\u00e3o descritos.<\/span><\/p>\n<p style=\"margin: 0px; color: #222222; font-family: arial, sans-serif; font-size: 12.8px; text-align: justify; text-indent: 35.45pt; line-height: 19.2px;\"><strong><span style=\"font-size: 12pt; line-height: 24px; font-family: 'Times New Roman', serif;\">&nbsp;Sistemas de reprodu\u00e7\u00e3o de \u00e1udio (Bruno Masiero)<\/span><\/strong><span style=\"font-size: 12pt; line-height: 24px; font-family: 'Times New Roman', serif;\">&nbsp;\u2013 Neste curso ser\u00e3o abordadas as caracter\u00edsticas psicoac\u00fasticas ligadas \u00e0 imers\u00e3o e localiza\u00e7\u00e3o na cena ac\u00fastica. Diferentes tecnologias de reprodu\u00e7\u00e3o espacial ser\u00e3o apresentadas, especificamente o panorama de intensidade, o biauricular, o ambisonics e a s\u00edntese de campo sonoro.<\/span><\/p>\n<p style=\"margin: 0px; color: #222222; font-family: arial, sans-serif; font-size: 12.8px; text-align: justify; text-indent: 35.45pt; line-height: 19.2px;\">&nbsp;<\/p>\n<p style=\"margin: 0px; color: #222222; font-family: arial, sans-serif; font-size: 12.8px; text-align: justify; text-indent: 35.45pt; line-height: 19.2px;\"><span style=\"font-size: 12pt; line-height: 24px; font-family: 'Times New Roman', serif;\"><img fetchpriority=\"high\" decoding=\"async\" class=\" size-full wp-image-304\" src=\"https:\/\/www.ufsm.br\/unidades-universitarias\/ct\/wp-content\/uploads\/sites\/375\/2015\/09\/imagem.jpg\" alt=\"\" width=\"749\" height=\"421\" srcset=\"https:\/\/www.ufsm.br\/app\/uploads\/sites\/375\/2015\/09\/imagem.jpg 2560w, https:\/\/www.ufsm.br\/app\/uploads\/sites\/375\/2015\/09\/imagem-300x169.jpg 300w, https:\/\/www.ufsm.br\/app\/uploads\/sites\/375\/2015\/09\/imagem-768x432.jpg 768w, https:\/\/www.ufsm.br\/app\/uploads\/sites\/375\/2015\/09\/imagem-1024x576.jpg 1024w\" sizes=\"(max-width: 749px) 100vw, 749px\" \/><\/span><\/p>\n","protected":false},"excerpt":{"rendered":"<p>O curso de Engenharia Ac\u00fastica do Centro de Tecnologia promove a sua 1\u00b0 Semana Acad\u00eamica. A 1\u00b0 Semana Acad\u00eamica da Engenharia Ac\u00fastica acontece entre os dias 19 e 23 de outubro nas depend\u00eancias do CT. Na programa\u00e7\u00e3o, constam minicursos, workshops e mostra de trabalhos. Com o objetivo de criar um espa\u00e7o de aprendizado, experi\u00eancias diferenciadas [&hellip;]<\/p>\n","protected":false},"author":47,"featured_media":304,"comment_status":"closed","ping_status":"closed","sticky":false,"template":"","format":"standard","meta":{"footnotes":""},"categories":[1],"tags":[],"class_list":["post-305","post","type-post","status-publish","format-standard","has-post-thumbnail","hentry","category-geral"],"acf":[],"_links":{"self":[{"href":"https:\/\/www.ufsm.br\/unidades-universitarias\/ct\/wp-json\/wp\/v2\/posts\/305","targetHints":{"allow":["GET"]}}],"collection":[{"href":"https:\/\/www.ufsm.br\/unidades-universitarias\/ct\/wp-json\/wp\/v2\/posts"}],"about":[{"href":"https:\/\/www.ufsm.br\/unidades-universitarias\/ct\/wp-json\/wp\/v2\/types\/post"}],"author":[{"embeddable":true,"href":"https:\/\/www.ufsm.br\/unidades-universitarias\/ct\/wp-json\/wp\/v2\/users\/47"}],"replies":[{"embeddable":true,"href":"https:\/\/www.ufsm.br\/unidades-universitarias\/ct\/wp-json\/wp\/v2\/comments?post=305"}],"version-history":[{"count":0,"href":"https:\/\/www.ufsm.br\/unidades-universitarias\/ct\/wp-json\/wp\/v2\/posts\/305\/revisions"}],"wp:featuredmedia":[{"embeddable":true,"href":"https:\/\/www.ufsm.br\/unidades-universitarias\/ct\/wp-json\/wp\/v2\/media\/304"}],"wp:attachment":[{"href":"https:\/\/www.ufsm.br\/unidades-universitarias\/ct\/wp-json\/wp\/v2\/media?parent=305"}],"wp:term":[{"taxonomy":"category","embeddable":true,"href":"https:\/\/www.ufsm.br\/unidades-universitarias\/ct\/wp-json\/wp\/v2\/categories?post=305"},{"taxonomy":"post_tag","embeddable":true,"href":"https:\/\/www.ufsm.br\/unidades-universitarias\/ct\/wp-json\/wp\/v2\/tags?post=305"}],"curies":[{"name":"wp","href":"https:\/\/api.w.org\/{rel}","templated":true}]}}