{"id":307,"date":"2015-09-30T16:34:00","date_gmt":"2015-09-30T19:34:00","guid":{"rendered":"https:\/\/www.ufsm.br\/unidades-universitarias\/ct\/2015\/09\/30\/divulgacao-do-calendario-das-defesas-do-projetos-de-aulas-inovadoras\/"},"modified":"2015-09-30T16:34:00","modified_gmt":"2015-09-30T19:34:00","slug":"divulgacao-do-calendario-das-defesas-do-projetos-de-aulas-inovadoras","status":"publish","type":"post","link":"https:\/\/www.ufsm.br\/unidades-universitarias\/ct\/2015\/09\/30\/divulgacao-do-calendario-das-defesas-do-projetos-de-aulas-inovadoras","title":{"rendered":"Divulga\u00e7\u00e3o do Calend\u00e1rio das Defesas do Projetos de Aulas Inovadoras"},"content":{"rendered":"<p style=\"margin: 0px 0px 6px; color: #141823; font-family: helvetica, arial, sans-serif; font-size: 14px; line-height: 19.32px;\">Sele\u00e7\u00e3o de Projetos de Ensino voltados para Aulas Inovadoras<br \/>Divulga\u00e7\u00e3o do Calend\u00e1rio das Defesas dos Projetos<\/p>\n<p style=\"margin: 6px 0px 0px; display: inline; color: #141823; font-family: helvetica, arial, sans-serif; font-size: 14px; line-height: 19.32px;\">Confira:<\/p>\n<p style=\"margin: 6px 0px 0px; display: inline; color: #141823; font-family: helvetica, arial, sans-serif; font-size: 14px; line-height: 19.32px;\">&nbsp;<\/p>\n<p style=\"margin: 6px 0px 0px; display: inline; color: #141823; font-family: helvetica, arial, sans-serif; font-size: 14px; line-height: 19.32px;\">&nbsp;<\/p>\n<p><img fetchpriority=\"high\" decoding=\"async\" class=\" size-full wp-image-306\" src=\"https:\/\/www.ufsm.br\/unidades-universitarias\/ct\/wp-content\/uploads\/sites\/375\/2015\/09\/EDITAL-AULAS-INOVADORAS.jpg\" alt=\"\" width=\"629\" height=\"829\" srcset=\"https:\/\/www.ufsm.br\/app\/uploads\/sites\/375\/2015\/09\/EDITAL-AULAS-INOVADORAS.jpg 2480w, https:\/\/www.ufsm.br\/app\/uploads\/sites\/375\/2015\/09\/EDITAL-AULAS-INOVADORAS-228x300.jpg 228w, https:\/\/www.ufsm.br\/app\/uploads\/sites\/375\/2015\/09\/EDITAL-AULAS-INOVADORAS-768x1012.jpg 768w, https:\/\/www.ufsm.br\/app\/uploads\/sites\/375\/2015\/09\/EDITAL-AULAS-INOVADORAS-777x1024.jpg 777w\" sizes=\"(max-width: 629px) 100vw, 629px\" \/><\/p>\n","protected":false},"excerpt":{"rendered":"<p>Sele\u00e7\u00e3o de Projetos de Ensino voltados para Aulas InovadorasDivulga\u00e7\u00e3o do Calend\u00e1rio das Defesas dos Projetos Confira: &nbsp; &nbsp;<\/p>\n","protected":false},"author":47,"featured_media":306,"comment_status":"closed","ping_status":"closed","sticky":false,"template":"","format":"standard","meta":{"footnotes":""},"categories":[1],"tags":[],"class_list":["post-307","post","type-post","status-publish","format-standard","has-post-thumbnail","hentry","category-geral"],"acf":[],"_links":{"self":[{"href":"https:\/\/www.ufsm.br\/unidades-universitarias\/ct\/wp-json\/wp\/v2\/posts\/307","targetHints":{"allow":["GET"]}}],"collection":[{"href":"https:\/\/www.ufsm.br\/unidades-universitarias\/ct\/wp-json\/wp\/v2\/posts"}],"about":[{"href":"https:\/\/www.ufsm.br\/unidades-universitarias\/ct\/wp-json\/wp\/v2\/types\/post"}],"author":[{"embeddable":true,"href":"https:\/\/www.ufsm.br\/unidades-universitarias\/ct\/wp-json\/wp\/v2\/users\/47"}],"replies":[{"embeddable":true,"href":"https:\/\/www.ufsm.br\/unidades-universitarias\/ct\/wp-json\/wp\/v2\/comments?post=307"}],"version-history":[{"count":0,"href":"https:\/\/www.ufsm.br\/unidades-universitarias\/ct\/wp-json\/wp\/v2\/posts\/307\/revisions"}],"wp:featuredmedia":[{"embeddable":true,"href":"https:\/\/www.ufsm.br\/unidades-universitarias\/ct\/wp-json\/wp\/v2\/media\/306"}],"wp:attachment":[{"href":"https:\/\/www.ufsm.br\/unidades-universitarias\/ct\/wp-json\/wp\/v2\/media?parent=307"}],"wp:term":[{"taxonomy":"category","embeddable":true,"href":"https:\/\/www.ufsm.br\/unidades-universitarias\/ct\/wp-json\/wp\/v2\/categories?post=307"},{"taxonomy":"post_tag","embeddable":true,"href":"https:\/\/www.ufsm.br\/unidades-universitarias\/ct\/wp-json\/wp\/v2\/tags?post=307"}],"curies":[{"name":"wp","href":"https:\/\/api.w.org\/{rel}","templated":true}]}}