{"id":309,"date":"2015-09-30T18:14:47","date_gmt":"2015-09-30T21:14:47","guid":{"rendered":"https:\/\/www.ufsm.br\/unidades-universitarias\/ct\/2015\/09\/30\/selecao-de-bolsista-administrativo-para-secretaria-da-ccsi\/"},"modified":"2015-09-30T18:14:47","modified_gmt":"2015-09-30T21:14:47","slug":"selecao-de-bolsista-administrativo-para-secretaria-da-ccsi","status":"publish","type":"post","link":"https:\/\/www.ufsm.br\/unidades-universitarias\/ct\/2015\/09\/30\/selecao-de-bolsista-administrativo-para-secretaria-da-ccsi","title":{"rendered":"Sele\u00e7\u00e3o de Bolsista Administrativo para Secretaria da CCSI"},"content":{"rendered":"<p><span style=\"color: #141823; font-family: helvetica, arial, sans-serif; font-size: 14px; line-height: 17.5636px;\">Est\u00e1 aberto o edital para a Sele\u00e7\u00e3o de Bolsista Administrativo para a Secretaria da Coordena\u00e7\u00e3o do Curso de Sistemas de Informa\u00e7\u00e3o, as inscri\u00e7\u00f5es ser\u00e3o recebidas pelo e-mail <a href=\"mailto:coord-bsi@inf.ufsm.br\">coord-bsi@inf.ufsm.br<\/a>, nos dias 06 a 09 de Outubro de 2015. Ser\u00e1 uma vaga no valor de $300,00 e o candidato dever\u00e1 ter disponibilidade de 16h semanais.<\/span><\/p>\n<p><img fetchpriority=\"high\" decoding=\"async\" class=\" size-full wp-image-308\" src=\"https:\/\/www.ufsm.br\/unidades-universitarias\/ct\/wp-content\/uploads\/sites\/375\/2015\/09\/Sem-ttulohggg.jpg\" alt=\"\" width=\"598\" height=\"726\" srcset=\"https:\/\/www.ufsm.br\/app\/uploads\/sites\/375\/2015\/09\/Sem-ttulohggg.jpg 598w, https:\/\/www.ufsm.br\/app\/uploads\/sites\/375\/2015\/09\/Sem-ttulohggg-247x300.jpg 247w\" sizes=\"(max-width: 598px) 100vw, 598px\" \/><\/p>\n","protected":false},"excerpt":{"rendered":"<p>Est\u00e1 aberto o edital para a Sele\u00e7\u00e3o de Bolsista Administrativo para a Secretaria da Coordena\u00e7\u00e3o do Curso de Sistemas de Informa\u00e7\u00e3o, as inscri\u00e7\u00f5es ser\u00e3o recebidas pelo e-mail coord-bsi@inf.ufsm.br, nos dias 06 a 09 de Outubro de 2015. Ser\u00e1 uma vaga no valor de $300,00 e o candidato dever\u00e1 ter disponibilidade de 16h semanais.<\/p>\n","protected":false},"author":47,"featured_media":308,"comment_status":"closed","ping_status":"closed","sticky":false,"template":"","format":"standard","meta":{"footnotes":""},"categories":[1],"tags":[],"class_list":["post-309","post","type-post","status-publish","format-standard","has-post-thumbnail","hentry","category-geral"],"acf":[],"_links":{"self":[{"href":"https:\/\/www.ufsm.br\/unidades-universitarias\/ct\/wp-json\/wp\/v2\/posts\/309","targetHints":{"allow":["GET"]}}],"collection":[{"href":"https:\/\/www.ufsm.br\/unidades-universitarias\/ct\/wp-json\/wp\/v2\/posts"}],"about":[{"href":"https:\/\/www.ufsm.br\/unidades-universitarias\/ct\/wp-json\/wp\/v2\/types\/post"}],"author":[{"embeddable":true,"href":"https:\/\/www.ufsm.br\/unidades-universitarias\/ct\/wp-json\/wp\/v2\/users\/47"}],"replies":[{"embeddable":true,"href":"https:\/\/www.ufsm.br\/unidades-universitarias\/ct\/wp-json\/wp\/v2\/comments?post=309"}],"version-history":[{"count":0,"href":"https:\/\/www.ufsm.br\/unidades-universitarias\/ct\/wp-json\/wp\/v2\/posts\/309\/revisions"}],"wp:featuredmedia":[{"embeddable":true,"href":"https:\/\/www.ufsm.br\/unidades-universitarias\/ct\/wp-json\/wp\/v2\/media\/308"}],"wp:attachment":[{"href":"https:\/\/www.ufsm.br\/unidades-universitarias\/ct\/wp-json\/wp\/v2\/media?parent=309"}],"wp:term":[{"taxonomy":"category","embeddable":true,"href":"https:\/\/www.ufsm.br\/unidades-universitarias\/ct\/wp-json\/wp\/v2\/categories?post=309"},{"taxonomy":"post_tag","embeddable":true,"href":"https:\/\/www.ufsm.br\/unidades-universitarias\/ct\/wp-json\/wp\/v2\/tags?post=309"}],"curies":[{"name":"wp","href":"https:\/\/api.w.org\/{rel}","templated":true}]}}