{"id":312,"date":"2015-10-02T16:23:45","date_gmt":"2015-10-02T19:23:45","guid":{"rendered":"https:\/\/www.ufsm.br\/unidades-universitarias\/ct\/2015\/10\/02\/equipe-formula-ufsm-acelera-outra-vez\/"},"modified":"2015-10-02T16:23:45","modified_gmt":"2015-10-02T19:23:45","slug":"equipe-formula-ufsm-acelera-outra-vez","status":"publish","type":"post","link":"https:\/\/www.ufsm.br\/unidades-universitarias\/ct\/2015\/10\/02\/equipe-formula-ufsm-acelera-outra-vez","title":{"rendered":"\u200bEquipe Formula UFSM acelera outra vez"},"content":{"rendered":"<p style=\"margin: 0px 0px 10px; color: #666666; font-family: Helvetica, Arial, sans-serif; font-size: 13px; line-height: 23px; text-align: justify;\">Depois do desafio em solo estadunidense, a equipe Formula UFSM disputa a&nbsp;<a href=\"http:\/\/saebrasil.org.br\/eventos\/programas_estudantis\/formula2015\/Default.aspx\" style=\"color: #4782b2; text-decoration: none; background: 0px 0px;\">12\u00aa Competi\u00e7\u00e3o SAE Brasil \u2013 Petrobras de Formula SAE<\/a>, que acontece desta quinta-feira (1\u00ba) at\u00e9 domingo (4), em Piracicaba (SP). Para a competi\u00e7\u00e3o, um novo carro foi desenvolvido, o que tornou 2015 um ano muito particular para a equipe.<\/p>\n<p><img decoding=\"async\" style=\"vertical-align: middle; color: #4782b2; font-family: Helvetica, Arial, sans-serif; font-size: 13px; line-height: 23px; text-align: justify; width: 362px; float: right; margin: 0px 0px 10px 10px;\" title=\"Silver (FU-15\/2)\" src=\"http:\/\/site.ufsm.br\/arquivos\/uploaded\/uploads\/e5db88b5-f64f-4624-9ec3-1403201b3d98.JPG.500x375_q85_crop-scale.jpg\" alt=\"Silver (FU-15\/2)\" \/><\/p>\n<p>&nbsp;<\/p>\n<p style=\"margin: 0px 0px 10px; color: #666666; font-family: Helvetica, Arial, sans-serif; font-size: 13px; line-height: 23px; text-align: justify;\">Isso porque a ida para a&nbsp;<a href=\"http:\/\/site.ufsm.br\/noticias\/exibir\/prototipo-da-ufsm-embarca-para-os-estados-unidos\" style=\"color: #4782b2; text-decoration: none; background: 0px 0px;\">competi\u00e7\u00e3o nos Estados Unidos<\/a>, que aconteceu de&nbsp;17 a 20 de junho em Lincoln, no estado de Nebraska, exigiu da equipe a constru\u00e7\u00e3o de dois carros. Segundo o capit\u00e3o da equipe, Lucas Iensen Bortoluzzi, o primeiro motivo para construir um novo carro foi n\u00e3o ter a certeza se o ve\u00edculo que foi para os EUA retornaria a tempo para a competi\u00e7\u00e3o de Piracicaba. \u201cA outra vez que n\u00f3s fomos, tivemos problemas no retorno do carro e n\u00e3o conseguimos aproveitar diversas pe\u00e7as que estavam no outro&nbsp;carro para a competi\u00e7\u00e3o brasileira\u201d, disse.<\/p>\n<p style=\"margin: 0px 0px 10px; color: #666666; font-family: Helvetica, Arial, sans-serif; font-size: 13px; line-height: 23px; text-align: justify;\">Al\u00e9m disso, neste ano a competi\u00e7\u00e3o acontece no in\u00edcio de outubro, antecipando-se aos outros anos em quase um m\u00eas e meio. \u201cTinha esse risco muito grande de o carro n\u00e3o chegar. Por isso, a gente optou por desenvolver um carro novo, com pe\u00e7as melhoradas, com projetos novos, j\u00e1 que n\u00f3s ter\u00edamos que fabricar algumas pe\u00e7as por precau\u00e7\u00e3o\u201d, diz Lucas.<\/p>\n<p style=\"margin: 0px 0px 10px; color: #666666; font-family: Helvetica, Arial, sans-serif; font-size: 13px; line-height: 23px; text-align: justify;\"><span style=\"font-weight: bold; color: #004074;\">O novo carro<\/span><\/p>\n<p style=\"margin: 0px 0px 10px; color: #666666; font-family: Helvetica, Arial, sans-serif; font-size: 13px; line-height: 23px; text-align: justify;\">O&nbsp;<a href=\"http:\/\/site.ufsm.br\/noticias\/exibir\/formula-ufsm-apresenta-o-celeris-seu-novo-prototip\" style=\"color: #4782b2; text-decoration: none; background: 0px 0px;\">Celeris<\/a>&nbsp;(FU-15), carro que foi constru\u00eddo para o evento nos Estados Unidos, foi constru\u00eddo de novembro de&nbsp;2014 a maio de 2015. Logo ap\u00f3s a conclus\u00e3o do 6\u00ba prot\u00f3tipo, a equipe j\u00e1 iniciou a constru\u00e7\u00e3o do carro que vai a Piracicaba.<\/p>\n<p style=\"margin: 0px 0px 10px; color: #666666; font-family: Helvetica, Arial, sans-serif; font-size: 13px; line-height: 23px; text-align: justify;\">Mesmo mantendo o mesmo conceito, com rodas aro 13 e o kit aerodin\u00e2mico, a&nbsp;engenharia mudou bastante. A meta era diminuir a massa do ve\u00edculo em&nbsp;15%. Para isso, em muitos componentes o a\u00e7o foi trocado pelo alum\u00ednio.<\/p>\n<p style=\"margin: 0px 0px 10px; color: #666666; font-family: Helvetica, Arial, sans-serif; font-size: 13px; line-height: 23px; text-align: justify;\">Al\u00e9m disso, a estrutura est\u00e1 menor, com o kit aerodin\u00e2mico menor do que o anterior,&nbsp;com novo projeto que altera os artpoints, pontos de fixa\u00e7\u00e3o da suspens\u00e3o, de&nbsp;amortecedores.<\/p>\n<p style=\"margin: 0px 0px 10px; color: #666666; font-family: Helvetica, Arial, sans-serif; font-size: 13px; line-height: 23px; text-align: justify;\">O sistema de dire\u00e7\u00e3o tamb\u00e9m \u00e9 totalmente novo, das mangas de eixo aos cubos de roda. O chassi tamb\u00e9m mudou, se adequando \u00e0 estrutura. Com isso, o piloto ficou numa posi\u00e7\u00e3o diferente em rela\u00e7\u00e3o \u00e0s rodas, mas mais confort\u00e1vel, porque o seu espa\u00e7o tamb\u00e9m foi mudado para se tornar mais c\u00f4modo. O motor continua o mesmo, um Honda CBR 600RR de quatro cilindros, que vai de&nbsp;0 a 100km\/h em 3,9 segundos.<\/p>\n<p style=\"margin: 0px 0px 10px; color: #666666; font-family: Helvetica, Arial, sans-serif; font-size: 13px; line-height: 23px;\"><a href=\"http:\/\/site.ufsm.br\/arquivos\/uploaded\/uploads\/2bdcf8c5-41a4-44a7-a61a-c8892619b24b.JPG\" target=\"_blank\" rel=\"galeria\" class=\"fotos\" style=\"color: #4782b2; text-decoration: none; background: 0px 0px;\" title=\"Silver (FU-15\/2)\"><img decoding=\"async\" style=\"vertical-align: middle; width: 351px; float: left; margin: 0px 10px 10px 0px;\" title=\"Silver (FU-15\/2)\" src=\"http:\/\/site.ufsm.br\/arquivos\/uploaded\/uploads\/2bdcf8c5-41a4-44a7-a61a-c8892619b24b.JPG.500x375_q85_crop-scale.jpg\" alt=\"Silver (FU-15\/2)\" \/><\/a><\/p>\n<p style=\"margin: 0px 0px 10px; color: #666666; font-family: Helvetica, Arial, sans-serif; font-size: 13px; line-height: 23px; text-align: justify;\"><span style=\"font-weight: bold; color: #004074;\">Experi\u00eancia nos Estados Unidos<\/span><\/p>\n<p style=\"margin: 0px 0px 10px; color: #666666; font-family: Helvetica, Arial, sans-serif; font-size: 13px; line-height: 23px; text-align: justify;\">\u201cOs ju\u00edzes nos falaram que a \u00fanica coisa que nos tirou do Design Finals foi o fato de que nosso carro tinha uma massa muito elevada. Estava muito pesado. Mas, tirando isso, nosso projeto era muito bom\u201d, afirma Lucas.<\/p>\n<p style=\"margin: 0px 0px 10px; color: #666666; font-family: Helvetica, Arial, sans-serif; font-size: 13px; line-height: 23px; text-align: justify;\">O Design Finals, uma das etapas no evento dos EUA, consistiu na escolha dos 10 melhores prot\u00f3tipos apresentados entre os 80 que participaram do evento.<\/p>\n<p style=\"margin: 0px 0px 10px; color: #666666; font-family: Helvetica, Arial, sans-serif; font-size: 13px; line-height: 23px; text-align: justify;\">O projeto da equipe brasileira foi muito elogiado. \u201cO projeto que levamos aos EUA foi desenvolvido num espa\u00e7o muito curto de tempo. Quando falamos o tempo de projeto eles at\u00e9 se impressionaram com quanto de melhorias e conte\u00fado a gente apresentou\u201d, refor\u00e7a o capit\u00e3o.<\/p>\n<p style=\"margin: 0px 0px 10px; color: #666666; font-family: Helvetica, Arial, sans-serif; font-size: 13px; line-height: 23px; text-align: justify;\">O feedback dado pela equipe de engenheiros no evento dos Estados Unidos, para&nbsp;Fernando Leal, ex-capit\u00e3o da equipe, \u00e9 muito proveitoso. Na disputa pelos primeiros&nbsp;lugares, os competidores s\u00e3o tratados, acima de tudo, como alunos.&nbsp;<\/p>\n<p style=\"margin: 0px 0px 10px; color: #666666; font-family: Helvetica, Arial, sans-serif; font-size: 13px; line-height: 23px; text-align: justify;\">Por isso, o grupo de&nbsp;inspetores avaliam o projeto dando \u00eanfase \u00e0s falas dos membros das equipes. \u201cEles&nbsp;analisam se o aluno domina o conte\u00fado, domina a engenharia e sabe passar ela, explicar&nbsp;e mostrar o que foi feito\u201d, destaca Fernando.<\/p>\n<p style=\"margin: 0px 0px 10px; color: #666666; font-family: Helvetica, Arial, sans-serif; font-size: 13px; line-height: 23px; text-align: justify;\">Al\u00e9m disso, ressalta Lucas, \u201cl\u00e1 eles parecem ter uma preocupa\u00e7\u00e3o maior com o&nbsp;estudante. Quando a gente apresenta o projeto, eles n\u00e3o ficam fixados no cron\u00f4metro\u201d.<\/p>\n<p style=\"margin: 0px 0px 10px; color: #666666; font-family: Helvetica, Arial, sans-serif; font-size: 13px; line-height: 23px; text-align: justify;\">Os engenheiros que avaliavam, segundo relatam os capit\u00e3es, ficavam at\u00e9 que houvesse&nbsp;algo a ser apresentado e mostravam interesse pelos projetos. \u201cN\u00e3o s\u00e3o apenas&nbsp;avaliadores que d\u00e3o uma nota, eles indicam v\u00e1rias melhorias\u201d, ressalta Lucas.<\/p>\n<p style=\"margin: 0px 0px 10px; color: #666666; font-family: Helvetica, Arial, sans-serif; font-size: 13px; line-height: 23px; text-align: justify;\">A busca pela diminui\u00e7\u00e3o da massa do ve\u00edculo, por exemplo, foi uma melhoria buscada pela equipe gra\u00e7as ao feedback dado pela equipe de avalia\u00e7\u00e3o na viagem. O Silver (FU-15\/2) ficou com 240 quilos,&nbsp;40 a menos do que o Celeris (FU-15), primeiro prot\u00f3tipo de 2015.<\/p>\n<p style=\"margin: 0px 0px 10px; color: #666666; font-family: Helvetica, Arial, sans-serif; font-size: 13px; line-height: 23px; text-align: justify;\"><span style=\"font-weight: bold; color: #004074;\">Preparativos para a competi\u00e7\u00e3o<\/span><\/p>\n<p style=\"margin: 0px 0px 10px; color: #666666; font-family: Helvetica, Arial, sans-serif; font-size: 13px; line-height: 23px; text-align: justify;\">Nos Estados Unidos, a equipe conseguiu passar pelas inspe\u00e7\u00f5es t\u00e9cnicas sem grandes problemas. No entanto, um problema interno no motor durante uma das provas acabou retirando a equipe da competi\u00e7\u00e3o.<\/p>\n<p style=\"margin: 0px 0px 10px; color: #666666; font-family: Helvetica, Arial, sans-serif; font-size: 13px; line-height: 23px; text-align: justify;\">Al\u00e9m das modifica\u00e7\u00f5es na engenharia, o grupo decidiu mudar o processo de constru\u00e7\u00e3o do carro, que foi dividido em mais partes e subpartes, para que os membros fossem designados a essas partes e dessa forma conseguissem dar mais aten\u00e7\u00e3o a essas&nbsp;subpartes. Tudo para preparar o ve\u00edculo da melhor forma poss\u00edvel para os quatro dias de competi\u00e7\u00e3o.<\/p>\n<p style=\"margin: 0px 0px 10px; color: #666666; font-family: Helvetica, Arial, sans-serif; font-size: 13px; line-height: 23px; text-align: justify;\">O evento tem, no seu primeiro dia, nesta quinta (1\u00ba), a inspe\u00e7\u00e3o t\u00e9cnica do ve\u00edculo, que vai at\u00e9 a sexta, quando acontecem tamb\u00e9m as provas de seguran\u00e7a. Esses testes examinam emiss\u00e3o de ru\u00eddos, al\u00e9m de garantirem a sa\u00edda do piloto a tempo em caso de acidente. Al\u00e9m disso, existe tamb\u00e9m a&nbsp;<em>tilt table<\/em>, uma mesa inclinada em que \u00e9 verificada a exist\u00eancia de vazamentos no carro e tamb\u00e9m se o carro se mant\u00e9m sobre quatro rodas na superf\u00edcie, o que garante o n\u00e3o capotamento do ve\u00edculo em curvas.<\/p>\n<p style=\"margin: 0px 0px 10px; color: #666666; font-family: Helvetica, Arial, sans-serif; font-size: 13px; line-height: 23px; text-align: justify;\">No s\u00e1bado, acontecem as provas de acelera\u00e7\u00e3o, em que o carro percorre&nbsp;75 metros buscando o menor tempo; a prova de autocross, em que dois pilotos participam por equipe, dando duas voltas cada em que s\u00f3 a segunda delas vale \u2013 a prova \u00e9 uma tomada de tempo r\u00e1pida em que o melhor tempo ganha; a&nbsp;<em>skidpad<\/em>, tamb\u00e9m com dois pilotos por equipe dando duas voltas cada \u2013 valendo apenas a \u00faltima de cada \u2013 simula a acelera\u00e7\u00e3o lateral. Uma pista em forma de 8 \u00e9 percorrida e duas voltas s\u00e3o dadas para a direita e duas para esquerda, ganhando o menor tempo.<\/p>\n<p style=\"margin: 0px 0px 10px; color: #666666; font-family: Helvetica, Arial, sans-serif; font-size: 13px; line-height: 23px; text-align: justify;\">No \u00faltimo dia, domingo, geralmente pela manh\u00e3, acontece a enduro, tamb\u00e9m com dois pilotos, que percorrem um total de 22km. A prova visa avaliar a confiabilidade do ve\u00edculo, j\u00e1 que a prova de longa dura\u00e7\u00e3o permite ver se o seu ve\u00edculo resiste at\u00e9 o final sem que pe\u00e7as se desprendam dele. Al\u00e9m disso, \u00e9 uma prova em que, al\u00e9m de conquistar o menor tempo, o ve\u00edculo precisa apresentar efici\u00eancia energ\u00e9tica. Ou seja, precisa realizar a prova em pouco tempo gastando menos combust\u00edvel.<\/p>\n<p style=\"margin: 0px 0px 10px; color: #666666; font-family: Helvetica, Arial, sans-serif; font-size: 13px; line-height: 23px; text-align: justify;\">A viagem at\u00e9 Piracicaba, a estadia de aproximadamente 30 integrantes da equipe e o transporte do ve\u00edculo custam aproximadamente R$ 22 mil. A equipe j\u00e1 tem fornecidos, pela UFSM, R$ 18 mil, faltando apenas R$ 4 mil referentes \u00e0 estadia.<\/p>\n<p style=\"margin: 0px 0px 10px; color: #666666; font-family: Helvetica, Arial, sans-serif; font-size: 13px; line-height: 23px; text-align: justify;\">\u201cEsse ano a gente est\u00e1 enfrentando um pouco mais de dificuldade em conseguir esse&nbsp;valor. Mas a UFSM nunca nos deixou na m\u00e3o nesse quesito&#8221;, informa o capit\u00e3o, Lucas&nbsp;Iensen.<\/p>\n<p style=\"margin: 0px 0px 10px; color: #666666; font-family: Helvetica, Arial, sans-serif; font-size: 13px; line-height: 23px;\"><em>Texto e fotos: Germano Molardi, acad\u00eamico de Jornalismo, bolsista da Ag\u00eancia de Not\u00edcias<\/em><\/p>\n","protected":false},"excerpt":{"rendered":"<p>Depois do desafio em solo estadunidense, a equipe Formula UFSM disputa a&nbsp;12\u00aa Competi\u00e7\u00e3o SAE Brasil \u2013 Petrobras de Formula SAE, que acontece desta quinta-feira (1\u00ba) at\u00e9 domingo (4), em Piracicaba (SP). Para a competi\u00e7\u00e3o, um novo carro foi desenvolvido, o que tornou 2015 um ano muito particular para a equipe. &nbsp; Isso porque a ida [&hellip;]<\/p>\n","protected":false},"author":47,"featured_media":0,"comment_status":"closed","ping_status":"closed","sticky":false,"template":"","format":"standard","meta":{"footnotes":""},"categories":[1],"tags":[],"class_list":["post-312","post","type-post","status-publish","format-standard","hentry","category-geral"],"acf":[],"_links":{"self":[{"href":"https:\/\/www.ufsm.br\/unidades-universitarias\/ct\/wp-json\/wp\/v2\/posts\/312","targetHints":{"allow":["GET"]}}],"collection":[{"href":"https:\/\/www.ufsm.br\/unidades-universitarias\/ct\/wp-json\/wp\/v2\/posts"}],"about":[{"href":"https:\/\/www.ufsm.br\/unidades-universitarias\/ct\/wp-json\/wp\/v2\/types\/post"}],"author":[{"embeddable":true,"href":"https:\/\/www.ufsm.br\/unidades-universitarias\/ct\/wp-json\/wp\/v2\/users\/47"}],"replies":[{"embeddable":true,"href":"https:\/\/www.ufsm.br\/unidades-universitarias\/ct\/wp-json\/wp\/v2\/comments?post=312"}],"version-history":[{"count":0,"href":"https:\/\/www.ufsm.br\/unidades-universitarias\/ct\/wp-json\/wp\/v2\/posts\/312\/revisions"}],"wp:attachment":[{"href":"https:\/\/www.ufsm.br\/unidades-universitarias\/ct\/wp-json\/wp\/v2\/media?parent=312"}],"wp:term":[{"taxonomy":"category","embeddable":true,"href":"https:\/\/www.ufsm.br\/unidades-universitarias\/ct\/wp-json\/wp\/v2\/categories?post=312"},{"taxonomy":"post_tag","embeddable":true,"href":"https:\/\/www.ufsm.br\/unidades-universitarias\/ct\/wp-json\/wp\/v2\/tags?post=312"}],"curies":[{"name":"wp","href":"https:\/\/api.w.org\/{rel}","templated":true}]}}