{"id":322,"date":"2015-10-09T19:33:38","date_gmt":"2015-10-09T22:33:38","guid":{"rendered":"https:\/\/www.ufsm.br\/unidades-universitarias\/ct\/2015\/10\/09\/projeto-carancho-aerodesign-lancou-novo-prototipo-nesta-semana\/"},"modified":"2015-10-09T19:33:38","modified_gmt":"2015-10-09T22:33:38","slug":"projeto-carancho-aerodesign-lancou-novo-prototipo-nesta-semana","status":"publish","type":"post","link":"https:\/\/www.ufsm.br\/unidades-universitarias\/ct\/2015\/10\/09\/projeto-carancho-aerodesign-lancou-novo-prototipo-nesta-semana","title":{"rendered":"\u200bProjeto Carancho Aerodesign lan\u00e7ou novo prot\u00f3tipo nesta semana"},"content":{"rendered":"<p style=\"margin: 0px 0px 10px; color: #666666; font-family: Helvetica, Arial, sans-serif; font-size: 13px; line-height: 23px;\"><a href=\"http:\/\/site.ufsm.br\/arquivos\/uploaded\/uploads\/bc8bb99a-e7c2-4d18-b34d-af3944b8d34b.png\" target=\"_blank\" rel=\"galeria\" class=\"fotos\" style=\"color: #4782b2; text-decoration: none; background: 0px 0px;\" title=\"\"><img decoding=\"async\" style=\"vertical-align: middle; width: 397px; float: left; margin: 0px 10px 10px 0px;\" title=\"\" src=\"http:\/\/site.ufsm.br\/arquivos\/uploaded\/uploads\/bc8bb99a-e7c2-4d18-b34d-af3944b8d34b.png.500x375_q85_crop-scale.jpg\" alt=\"\" \/><\/a><\/p>\n<p style=\"margin: 0px 0px 10px; color: #666666; font-family: Helvetica, Arial, sans-serif; font-size: 13px; line-height: 23px; text-align: justify;\">A equipe do projeto&nbsp;<a href=\"http:\/\/w3.ufsm.br\/aerodesign\/site\/\" style=\"color: #4782b2; text-decoration: none; background: 0px 0px;\">Carancho Aerodesign<\/a>, da UFSM, encerra nesta sexta-feira (9) a 2\u00aa edi\u00e7\u00e3o do Ciclo de Palestras. O evento acontece no Centro de Tecnologia e conta com a participa\u00e7\u00e3o de autoridades da institui\u00e7\u00e3o, empresas apoiadoras e os alunos inscritos para o evento.<\/p>\n<p style=\"margin: 0px 0px 10px; color: #666666; font-family: Helvetica, Arial, sans-serif; font-size: 13px; line-height: 23px; text-align: justify;\">Durante a abertura do evento, na segunda (5), ocorreu o lan\u00e7amento oficial do novo prot\u00f3tipo da equipe, que participar\u00e1 da competi\u00e7\u00e3o SAE Brasil Aerodesign, no final de outubro, em S\u00e3o Jos\u00e9 dos Campos, S\u00e3o Paulo.<\/p>\n<p style=\"margin: 0px 0px 10px; color: #666666; font-family: Helvetica, Arial, sans-serif; font-size: 13px; line-height: 23px; text-align: justify;\">O ciclo contou com uma programa\u00e7\u00e3o variada, com palestras sobre estrutura, aerodin\u00e2mica, estabilidade, carga, desempenho, etc, al\u00e9m da apresenta\u00e7\u00e3o dos objetivos da equipe e do conceito da competi\u00e7\u00e3o.&nbsp;<\/p>\n<p style=\"margin: 0px 0px 10px; color: #666666; font-family: Helvetica, Arial, sans-serif; font-size: 13px; line-height: 23px; text-align: justify;\"><em>*Assessoria de Comunica\u00e7\u00e3o do Ctism<\/em><\/p>\n","protected":false},"excerpt":{"rendered":"<p>A equipe do projeto&nbsp;Carancho Aerodesign, da UFSM, encerra nesta sexta-feira (9) a 2\u00aa edi\u00e7\u00e3o do Ciclo de Palestras. O evento acontece no Centro de Tecnologia e conta com a participa\u00e7\u00e3o de autoridades da institui\u00e7\u00e3o, empresas apoiadoras e os alunos inscritos para o evento. Durante a abertura do evento, na segunda (5), ocorreu o lan\u00e7amento oficial [&hellip;]<\/p>\n","protected":false},"author":47,"featured_media":0,"comment_status":"closed","ping_status":"closed","sticky":false,"template":"","format":"standard","meta":{"footnotes":""},"categories":[1],"tags":[],"class_list":["post-322","post","type-post","status-publish","format-standard","hentry","category-geral"],"acf":[],"_links":{"self":[{"href":"https:\/\/www.ufsm.br\/unidades-universitarias\/ct\/wp-json\/wp\/v2\/posts\/322","targetHints":{"allow":["GET"]}}],"collection":[{"href":"https:\/\/www.ufsm.br\/unidades-universitarias\/ct\/wp-json\/wp\/v2\/posts"}],"about":[{"href":"https:\/\/www.ufsm.br\/unidades-universitarias\/ct\/wp-json\/wp\/v2\/types\/post"}],"author":[{"embeddable":true,"href":"https:\/\/www.ufsm.br\/unidades-universitarias\/ct\/wp-json\/wp\/v2\/users\/47"}],"replies":[{"embeddable":true,"href":"https:\/\/www.ufsm.br\/unidades-universitarias\/ct\/wp-json\/wp\/v2\/comments?post=322"}],"version-history":[{"count":0,"href":"https:\/\/www.ufsm.br\/unidades-universitarias\/ct\/wp-json\/wp\/v2\/posts\/322\/revisions"}],"wp:attachment":[{"href":"https:\/\/www.ufsm.br\/unidades-universitarias\/ct\/wp-json\/wp\/v2\/media?parent=322"}],"wp:term":[{"taxonomy":"category","embeddable":true,"href":"https:\/\/www.ufsm.br\/unidades-universitarias\/ct\/wp-json\/wp\/v2\/categories?post=322"},{"taxonomy":"post_tag","embeddable":true,"href":"https:\/\/www.ufsm.br\/unidades-universitarias\/ct\/wp-json\/wp\/v2\/tags?post=322"}],"curies":[{"name":"wp","href":"https:\/\/api.w.org\/{rel}","templated":true}]}}