{"id":323,"date":"2015-10-09T19:39:18","date_gmt":"2015-10-09T22:39:18","guid":{"rendered":"https:\/\/www.ufsm.br\/unidades-universitarias\/ct\/2015\/10\/09\/pet-si-promove-palestra-sobre-oportunidades-profissionais-na-area-de-ti\/"},"modified":"2015-10-09T19:39:18","modified_gmt":"2015-10-09T22:39:18","slug":"pet-si-promove-palestra-sobre-oportunidades-profissionais-na-area-de-ti","status":"publish","type":"post","link":"https:\/\/www.ufsm.br\/unidades-universitarias\/ct\/2015\/10\/09\/pet-si-promove-palestra-sobre-oportunidades-profissionais-na-area-de-ti","title":{"rendered":"PET-SI promove palestra sobre oportunidades profissionais na \u00e1rea de TI"},"content":{"rendered":"<p style=\"margin: 0px 0px 10px; color: #666666; font-family: Helvetica, Arial, sans-serif; font-size: 13px; line-height: 23px;\"><a href=\"http:\/\/site.ufsm.br\/arquivos\/uploaded\/uploads\/861bbb9c-c561-43e6-9809-8eaa744b1150.jpg\" target=\"_blank\" rel=\"galeria\" class=\"fotos\" style=\"color: #4782b2; text-decoration: none; background: 0px 0px;\" title=\"\"><img decoding=\"async\" style=\"vertical-align: middle; width: 313px; float: right; margin: 0px 0px 10px 10px;\" title=\"\" src=\"http:\/\/site.ufsm.br\/arquivos\/uploaded\/uploads\/861bbb9c-c561-43e6-9809-8eaa744b1150.jpg.500x375_q85_crop-scale.jpg\" alt=\"\" \/><\/a><\/p>\n<p style=\"margin: 0px 0px 10px; color: #666666; font-family: Helvetica, Arial, sans-serif; font-size: 13px; line-height: 23px;\">O grupo PET &#8211; Sistemas de Informa\u00e7\u00e3o, atrav\u00e9s da atividade Tutor Jr., promove a 3\u00aa edi\u00e7\u00e3o da palestra sobre as oportunidades profissionais na \u00e1rea de Tecnologia da Informa\u00e7\u00e3o.&nbsp;<\/p>\n<p style=\"margin: 0px 0px 10px; color: #666666; font-family: Helvetica, Arial, sans-serif; font-size: 13px; line-height: 23px;\">Ser\u00e1 na quarta-feira (14), das 13h \u00e0s 14h30min, na sala 355 do anexo A do Centro de Tecnologia.<\/p>\n<p>&nbsp;<\/p>\n<p>&nbsp;<\/p>\n<p>&nbsp;<\/p>\n<p>&nbsp;<\/p>\n<p>&nbsp;<\/p>\n<p>*<em>Ag\u00eancia de Not\u00edcias da UFSM<\/em><\/p>\n","protected":false},"excerpt":{"rendered":"<p>O grupo PET &#8211; Sistemas de Informa\u00e7\u00e3o, atrav\u00e9s da atividade Tutor Jr., promove a 3\u00aa edi\u00e7\u00e3o da palestra sobre as oportunidades profissionais na \u00e1rea de Tecnologia da Informa\u00e7\u00e3o.&nbsp; Ser\u00e1 na quarta-feira (14), das 13h \u00e0s 14h30min, na sala 355 do anexo A do Centro de Tecnologia. &nbsp; &nbsp; &nbsp; &nbsp; &nbsp; *Ag\u00eancia de Not\u00edcias da [&hellip;]<\/p>\n","protected":false},"author":47,"featured_media":0,"comment_status":"closed","ping_status":"closed","sticky":false,"template":"","format":"standard","meta":{"footnotes":""},"categories":[1],"tags":[],"class_list":["post-323","post","type-post","status-publish","format-standard","hentry","category-geral"],"acf":[],"_links":{"self":[{"href":"https:\/\/www.ufsm.br\/unidades-universitarias\/ct\/wp-json\/wp\/v2\/posts\/323","targetHints":{"allow":["GET"]}}],"collection":[{"href":"https:\/\/www.ufsm.br\/unidades-universitarias\/ct\/wp-json\/wp\/v2\/posts"}],"about":[{"href":"https:\/\/www.ufsm.br\/unidades-universitarias\/ct\/wp-json\/wp\/v2\/types\/post"}],"author":[{"embeddable":true,"href":"https:\/\/www.ufsm.br\/unidades-universitarias\/ct\/wp-json\/wp\/v2\/users\/47"}],"replies":[{"embeddable":true,"href":"https:\/\/www.ufsm.br\/unidades-universitarias\/ct\/wp-json\/wp\/v2\/comments?post=323"}],"version-history":[{"count":0,"href":"https:\/\/www.ufsm.br\/unidades-universitarias\/ct\/wp-json\/wp\/v2\/posts\/323\/revisions"}],"wp:attachment":[{"href":"https:\/\/www.ufsm.br\/unidades-universitarias\/ct\/wp-json\/wp\/v2\/media?parent=323"}],"wp:term":[{"taxonomy":"category","embeddable":true,"href":"https:\/\/www.ufsm.br\/unidades-universitarias\/ct\/wp-json\/wp\/v2\/categories?post=323"},{"taxonomy":"post_tag","embeddable":true,"href":"https:\/\/www.ufsm.br\/unidades-universitarias\/ct\/wp-json\/wp\/v2\/tags?post=323"}],"curies":[{"name":"wp","href":"https:\/\/api.w.org\/{rel}","templated":true}]}}