{"id":8188,"date":"2026-09-01T09:31:50","date_gmt":"2026-09-01T12:31:50","guid":{"rendered":"https:\/\/www.ufsm.br\/unidades-universitarias\/ct\/?p=8188"},"modified":"2026-09-01T09:34:43","modified_gmt":"2026-09-01T12:34:43","slug":"nota-de-falecimento-sr-sady-roque-bender-pai-do-professor-andre-rogerio-kinalski-bender","status":"publish","type":"post","link":"https:\/\/www.ufsm.br\/unidades-universitarias\/ct\/2026\/09\/01\/nota-de-falecimento-sr-sady-roque-bender-pai-do-professor-andre-rogerio-kinalski-bender","title":{"rendered":"Nota de falecimento: Sr. Sady Roque Bender, pai do professor Andr\u00e9 Rog\u00e9rio Kinalski Bender"},"content":{"rendered":"\t\t<div data-elementor-type=\"wp-post\" data-elementor-id=\"8188\" class=\"elementor elementor-8188\">\n\t\t\t\t\t\t<section class=\"elementor-section elementor-top-section elementor-element elementor-element-9f888d1 elementor-section-boxed elementor-section-height-default elementor-section-height-default\" data-id=\"9f888d1\" data-element_type=\"section\">\n\t\t\t\t\t\t<div class=\"elementor-container elementor-column-gap-default\">\n\t\t\t\t\t<div class=\"elementor-column elementor-col-100 elementor-top-column elementor-element elementor-element-7282ed0\" data-id=\"7282ed0\" data-element_type=\"column\">\n\t\t\t<div class=\"elementor-widget-wrap elementor-element-populated\">\n\t\t\t\t\t\t<div class=\"elementor-element elementor-element-99ed287 elementor-widget elementor-widget-text-editor\" data-id=\"99ed287\" data-element_type=\"widget\" data-widget_type=\"text-editor.default\">\n\t\t\t\t<div class=\"elementor-widget-container\">\n\t\t\t\t\t\t\t<p class=\"PDq2pG_selectionAnchorContainer\" data-start=\"268\" data-end=\"491\">O Centro de Tecnologia da Universidade Federal de Santa Maria (CT\/UFSM) manifesta, com pesar, o falecimento de Sady Roque Bender, pai do professor Andr\u00e9 Rog\u00e9rio Kinalski Bender, do Departamento de Express\u00e3o Gr\u00e1fica.<\/p><p data-start=\"493\" data-end=\"715\">A cerim\u00f4nia de despedida est\u00e1 sendo realizada na Sala Esmeralda, localizada na Avenida H\u00e9lvio Basso, n\u00ba 1319, desde as 7h desta segunda-feira, 1\u00ba de setembro, com encerramento previsto para as 16h do mesmo dia.<\/p><p data-start=\"717\" data-end=\"908\" data-is-last-node=\"\" data-is-only-node=\"\">A Dire\u00e7\u00e3o e toda a comunidade do Centro de Tecnologia expressam suas sinceras condol\u00eancias ao professor Andr\u00e9, seus familiares e amigos, desejando for\u00e7a e conforto neste momento de pesar.<\/p>\t\t\t\t\t\t<\/div>\n\t\t\t\t<\/div>\n\t\t\t\t\t<\/div>\n\t\t<\/div>\n\t\t\t\t\t<\/div>\n\t\t<\/section>\n\t\t\t\t<\/div>\n\t\t","protected":false},"excerpt":{"rendered":"<p>O Centro de Tecnologia da Universidade Federal de Santa Maria (CT\/UFSM) manifesta, com pesar, o falecimento de Sady Roque Bender, pai do professor Andr\u00e9 Rog\u00e9rio Kinalski Bender, do Departamento de Express\u00e3o Gr\u00e1fica. A cerim\u00f4nia de despedida est\u00e1 sendo realizada na Sala Esmeralda, localizada na Avenida H\u00e9lvio Basso, n\u00ba 1319, desde as 7h desta segunda-feira, 1\u00ba [&hellip;]<\/p>\n","protected":false},"author":7680,"featured_media":0,"comment_status":"closed","ping_status":"closed","sticky":false,"template":"","format":"standard","meta":{"footnotes":""},"categories":[1],"tags":[18],"class_list":["post-8188","post","type-post","status-publish","format-standard","hentry","category-geral","tag-nota-de-falecimento"],"acf":[],"_links":{"self":[{"href":"https:\/\/www.ufsm.br\/unidades-universitarias\/ct\/wp-json\/wp\/v2\/posts\/8188","targetHints":{"allow":["GET"]}}],"collection":[{"href":"https:\/\/www.ufsm.br\/unidades-universitarias\/ct\/wp-json\/wp\/v2\/posts"}],"about":[{"href":"https:\/\/www.ufsm.br\/unidades-universitarias\/ct\/wp-json\/wp\/v2\/types\/post"}],"author":[{"embeddable":true,"href":"https:\/\/www.ufsm.br\/unidades-universitarias\/ct\/wp-json\/wp\/v2\/users\/7680"}],"replies":[{"embeddable":true,"href":"https:\/\/www.ufsm.br\/unidades-universitarias\/ct\/wp-json\/wp\/v2\/comments?post=8188"}],"version-history":[{"count":0,"href":"https:\/\/www.ufsm.br\/unidades-universitarias\/ct\/wp-json\/wp\/v2\/posts\/8188\/revisions"}],"wp:attachment":[{"href":"https:\/\/www.ufsm.br\/unidades-universitarias\/ct\/wp-json\/wp\/v2\/media?parent=8188"}],"wp:term":[{"taxonomy":"category","embeddable":true,"href":"https:\/\/www.ufsm.br\/unidades-universitarias\/ct\/wp-json\/wp\/v2\/categories?post=8188"},{"taxonomy":"post_tag","embeddable":true,"href":"https:\/\/www.ufsm.br\/unidades-universitarias\/ct\/wp-json\/wp\/v2\/tags?post=8188"}],"curies":[{"name":"wp","href":"https:\/\/api.w.org\/{rel}","templated":true}]}}