{"id":8189,"date":"2026-09-01T09:46:29","date_gmt":"2026-09-01T12:46:29","guid":{"rendered":"https:\/\/www.ufsm.br\/unidades-universitarias\/ct\/?p=8189"},"modified":"2026-09-01T10:24:57","modified_gmt":"2026-09-01T13:24:57","slug":"professor-da-ufsm-e-unico-representante-de-instituicao-brasileira-entre-conferencistas-plenarios-do-fia2026","status":"publish","type":"post","link":"https:\/\/www.ufsm.br\/unidades-universitarias\/ct\/2026\/09\/01\/professor-da-ufsm-e-unico-representante-de-instituicao-brasileira-entre-conferencistas-plenarios-do-fia2026","title":{"rendered":"Professor da UFSM \u00e9 \u00fanico representante de institui\u00e7\u00e3o brasileira entre conferencistas plen\u00e1rios do FIA2026"},"content":{"rendered":"\t\t<div data-elementor-type=\"wp-post\" data-elementor-id=\"8189\" class=\"elementor elementor-8189\">\n\t\t\t\t\t\t<section class=\"elementor-section elementor-top-section elementor-element elementor-element-adeb063 elementor-section-boxed elementor-section-height-default elementor-section-height-default\" data-id=\"adeb063\" data-element_type=\"section\">\n\t\t\t\t\t\t<div class=\"elementor-container elementor-column-gap-default\">\n\t\t\t\t\t<div class=\"elementor-column elementor-col-100 elementor-top-column elementor-element elementor-element-d9632b1\" data-id=\"d9632b1\" data-element_type=\"column\">\n\t\t\t<div class=\"elementor-widget-wrap elementor-element-populated\">\n\t\t\t\t\t\t<div class=\"elementor-element elementor-element-2a03ee3 elementor-widget elementor-widget-heading\" data-id=\"2a03ee3\" data-element_type=\"widget\" data-widget_type=\"heading.default\">\n\t\t\t\t<div class=\"elementor-widget-container\">\n\t\t\t<h2 class=\"elementor-heading-title elementor-size-default\">William D\u2019Andrea Fonseca participou do congresso internacional de ac\u00fastica, realizado em Lima, no Peru, e apresentou palestra sobre imageamento ac\u00fastico e <em>beamforming<\/em><\/h2>\t\t<\/div>\n\t\t\t\t<\/div>\n\t\t\t\t\t<\/div>\n\t\t<\/div>\n\t\t\t\t\t<\/div>\n\t\t<\/section>\n\t\t\t\t<section class=\"elementor-section elementor-top-section elementor-element elementor-element-2daa00a elementor-section-boxed elementor-section-height-default elementor-section-height-default\" data-id=\"2daa00a\" data-element_type=\"section\">\n\t\t\t\t\t\t<div class=\"elementor-container elementor-column-gap-default\">\n\t\t\t\t\t<div class=\"elementor-column elementor-col-100 elementor-top-column elementor-element elementor-element-28520b5\" data-id=\"28520b5\" data-element_type=\"column\">\n\t\t\t<div class=\"elementor-widget-wrap elementor-element-populated\">\n\t\t\t\t\t\t<div class=\"elementor-element elementor-element-64eff7d elementor-widget elementor-widget-text-editor\" data-id=\"64eff7d\" data-element_type=\"widget\" data-widget_type=\"text-editor.default\">\n\t\t\t\t<div class=\"elementor-widget-container\">\n\t\t\t\t\t\t\t<p>O professor William D\u2019Andrea Fonseca, do Centro de Tecnologia (CT) da Universidade Federal de Santa Maria (UFSM), participou como conferencista plen\u00e1rio convidado do XIV Congresso Ibero-americano de Ac\u00fastica (FIA2026), realizado entre os dias 12 e 14 de agosto, em Lima, no Peru. O evento teve como sede o campus da Pontificia Universidad Cat\u00f3lica del Per\u00fa (PUCP) e foi realizado pela primeira vez no pa\u00eds.<\/p>\t\t\t\t\t\t<\/div>\n\t\t\t\t<\/div>\n\t\t\t\t\t<\/div>\n\t\t<\/div>\n\t\t\t\t\t<\/div>\n\t\t<\/section>\n\t\t\t\t<section class=\"elementor-section elementor-top-section elementor-element elementor-element-efa1ebc elementor-section-boxed elementor-section-height-default elementor-section-height-default\" data-id=\"efa1ebc\" data-element_type=\"section\">\n\t\t\t\t\t\t<div class=\"elementor-container elementor-column-gap-default\">\n\t\t\t\t\t<div class=\"elementor-column elementor-col-50 elementor-top-column elementor-element elementor-element-7aecf6c\" data-id=\"7aecf6c\" data-element_type=\"column\">\n\t\t\t<div class=\"elementor-widget-wrap elementor-element-populated\">\n\t\t\t\t\t\t<div class=\"elementor-element elementor-element-cc59541 elementor-widget elementor-widget-image\" data-id=\"cc59541\" data-element_type=\"widget\" data-widget_type=\"image.default\">\n\t\t\t\t<div class=\"elementor-widget-container\">\n\t\t\t\t\t\t\t\t\t\t<figure class=\"wp-caption\">\n\t\t\t\t\t\t\t\t\t\t<img fetchpriority=\"high\" decoding=\"async\" width=\"219\" height=\"300\" src=\"https:\/\/www.ufsm.br\/app\/uploads\/sites\/375\/2026\/09\/will-219x300.jpg\" class=\"attachment-medium size-medium wp-image-8197\" alt=\"\" srcset=\"https:\/\/www.ufsm.br\/app\/uploads\/sites\/375\/2026\/09\/will-219x300.jpg 219w, https:\/\/www.ufsm.br\/app\/uploads\/sites\/375\/2026\/09\/will.jpg 351w\" sizes=\"(max-width: 219px) 100vw, 219px\" \/>\t\t\t\t\t\t\t\t\t\t\t<figcaption class=\"widget-image-caption wp-caption-text\">Legenda sugerida: O professor William D\u2019Andrea Fonseca durante sua confer\u00eancia plen\u00e1ria no FIA2026, realizado em Lima, no Peru. Foto: arquivo pessoal.<\/figcaption>\n\t\t\t\t\t\t\t\t\t\t<\/figure>\n\t\t\t\t\t\t\t<\/div>\n\t\t\t\t<\/div>\n\t\t\t\t\t<\/div>\n\t\t<\/div>\n\t\t\t\t<div class=\"elementor-column elementor-col-50 elementor-top-column elementor-element elementor-element-4a2a358\" data-id=\"4a2a358\" data-element_type=\"column\">\n\t\t\t<div class=\"elementor-widget-wrap elementor-element-populated\">\n\t\t\t\t\t\t<div class=\"elementor-element elementor-element-4c3fd3f elementor-widget elementor-widget-image\" data-id=\"4c3fd3f\" data-element_type=\"widget\" data-widget_type=\"image.default\">\n\t\t\t\t<div class=\"elementor-widget-container\">\n\t\t\t\t\t\t\t\t\t\t\t\t\t<img decoding=\"async\" width=\"768\" height=\"432\" src=\"https:\/\/www.ufsm.br\/app\/uploads\/sites\/375\/2026\/09\/WhatsApp-Image-2026-08-28-at-18.15.14-768x432.jpeg\" class=\"attachment-medium_large size-medium_large wp-image-8196\" alt=\"\" srcset=\"https:\/\/www.ufsm.br\/app\/uploads\/sites\/375\/2026\/09\/WhatsApp-Image-2026-08-28-at-18.15.14-768x432.jpeg 768w, https:\/\/www.ufsm.br\/app\/uploads\/sites\/375\/2026\/09\/WhatsApp-Image-2026-08-28-at-18.15.14-300x169.jpeg 300w, https:\/\/www.ufsm.br\/app\/uploads\/sites\/375\/2026\/09\/WhatsApp-Image-2026-08-28-at-18.15.14-1024x576.jpeg 1024w, https:\/\/www.ufsm.br\/app\/uploads\/sites\/375\/2026\/09\/WhatsApp-Image-2026-08-28-at-18.15.14.jpeg 1280w\" sizes=\"(max-width: 768px) 100vw, 768px\" \/>\t\t\t\t\t\t\t\t\t\t\t\t\t<\/div>\n\t\t\t\t<\/div>\n\t\t\t\t\t<\/div>\n\t\t<\/div>\n\t\t\t\t\t<\/div>\n\t\t<\/section>\n\t\t\t\t<section class=\"elementor-section elementor-top-section elementor-element elementor-element-e0c4676 elementor-section-boxed elementor-section-height-default elementor-section-height-default\" data-id=\"e0c4676\" data-element_type=\"section\">\n\t\t\t\t\t\t<div class=\"elementor-container elementor-column-gap-default\">\n\t\t\t\t\t<div class=\"elementor-column elementor-col-100 elementor-top-column elementor-element elementor-element-7aadd75\" data-id=\"7aadd75\" data-element_type=\"column\">\n\t\t\t<div class=\"elementor-widget-wrap elementor-element-populated\">\n\t\t\t\t\t\t<div class=\"elementor-element elementor-element-0905b4e elementor-widget elementor-widget-text-editor\" data-id=\"0905b4e\" data-element_type=\"widget\" data-widget_type=\"text-editor.default\">\n\t\t\t\t<div class=\"elementor-widget-container\">\n\t\t\t\t\t\t\t<p class=\"PDq2pG_selectionAnchorContainer\" data-start=\"1298\" data-end=\"1659\">Entre os cinco conferencistas plen\u00e1rios da programa\u00e7\u00e3o oficial, Fonseca foi o \u00fanico vinculado a uma institui\u00e7\u00e3o brasileira, representando a UFSM nesse conjunto de convidados internacionais. A participa\u00e7\u00e3o contribuiu para ampliar a visibilidade das pesquisas desenvolvidas no CT e na Engenharia Ac\u00fastica da Universidade.<\/p><p data-start=\"1661\" data-end=\"2118\">A palestra apresentada pelo professor foi intitulada \u201cTornando o som vis\u00edvel: fundamentos, aplica\u00e7\u00f5es e perspectivas do imageamento ac\u00fastico\u201d. A tecnologia permite transformar informa\u00e7\u00f5es de um campo sonoro em representa\u00e7\u00f5es espaciais, ajudando a identificar de onde os sons est\u00e3o vindo. Para isso, s\u00e3o utilizados arranjos de microfones ou hidrofones e t\u00e9cnicas de processamento de sinais, como o <em data-start=\"2066\" data-end=\"2079\">beamforming<\/em>.<\/p>\t\t\t\t\t\t<\/div>\n\t\t\t\t<\/div>\n\t\t\t\t\t<\/div>\n\t\t<\/div>\n\t\t\t\t\t<\/div>\n\t\t<\/section>\n\t\t\t\t<section class=\"elementor-section elementor-top-section elementor-element elementor-element-e8609a5 elementor-section-boxed elementor-section-height-default elementor-section-height-default\" data-id=\"e8609a5\" data-element_type=\"section\">\n\t\t\t\t\t\t<div class=\"elementor-container elementor-column-gap-default\">\n\t\t\t\t\t<div class=\"elementor-column elementor-col-100 elementor-top-column elementor-element elementor-element-ffb07b1\" data-id=\"ffb07b1\" data-element_type=\"column\">\n\t\t\t<div class=\"elementor-widget-wrap elementor-element-populated\">\n\t\t\t\t\t\t<div class=\"elementor-element elementor-element-4f20637 elementor-widget elementor-widget-image\" data-id=\"4f20637\" data-element_type=\"widget\" data-widget_type=\"image.default\">\n\t\t\t\t<div class=\"elementor-widget-container\">\n\t\t\t\t\t\t\t\t\t\t<figure class=\"wp-caption\">\n\t\t\t\t\t\t\t\t\t\t<img decoding=\"async\" src=\"https:\/\/www.ufsm.br\/app\/uploads\/sites\/375\/elementor\/thumbs\/Carro-UFSM-rsrk4prs12ucg9ryk1e8k5xef9sm99kuan8bnpwkli.jpg\" title=\"Carro-UFSM\" alt=\"Carro-UFSM\" loading=\"lazy\" \/>\t\t\t\t\t\t\t\t\t\t\t<figcaption class=\"widget-image-caption wp-caption-text\">Exemplo de aplica\u00e7\u00e3o do imageamento ac\u00fastico na identifica\u00e7\u00e3o espacial de fontes sonoras em um ve\u00edculo.<\/figcaption>\n\t\t\t\t\t\t\t\t\t\t<\/figure>\n\t\t\t\t\t\t\t<\/div>\n\t\t\t\t<\/div>\n\t\t\t\t\t<\/div>\n\t\t<\/div>\n\t\t\t\t\t<\/div>\n\t\t<\/section>\n\t\t\t\t<section class=\"elementor-section elementor-top-section elementor-element elementor-element-64c86af elementor-section-boxed elementor-section-height-default elementor-section-height-default\" data-id=\"64c86af\" data-element_type=\"section\">\n\t\t\t\t\t\t<div class=\"elementor-container elementor-column-gap-default\">\n\t\t\t\t\t<div class=\"elementor-column elementor-col-100 elementor-top-column elementor-element elementor-element-6f399a7\" data-id=\"6f399a7\" data-element_type=\"column\">\n\t\t\t<div class=\"elementor-widget-wrap elementor-element-populated\">\n\t\t\t\t\t\t<div class=\"elementor-element elementor-element-87c6361 elementor-widget elementor-widget-text-editor\" data-id=\"87c6361\" data-element_type=\"widget\" data-widget_type=\"text-editor.default\">\n\t\t\t\t<div class=\"elementor-widget-container\">\n\t\t\t\t\t\t\t<p>Durante a confer\u00eancia, foram apresentadas aplica\u00e7\u00f5es em \u00e1reas como ind\u00fastria, ve\u00edculos, aeron\u00e1utica, arquitetura, constru\u00e7\u00e3o civil, ac\u00fastica de salas, aplica\u00e7\u00f5es subaqu\u00e1ticas e monitoramento ambiental. A t\u00e9cnica pode auxiliar na localiza\u00e7\u00e3o de fontes de ru\u00eddo, falhas e vazamentos, transformando medi\u00e7\u00f5es ac\u00fasticas em informa\u00e7\u00f5es que podem orientar interven\u00e7\u00f5es de engenharia.<\/p>\t\t\t\t\t\t<\/div>\n\t\t\t\t<\/div>\n\t\t\t\t\t<\/div>\n\t\t<\/div>\n\t\t\t\t\t<\/div>\n\t\t<\/section>\n\t\t\t\t<section class=\"elementor-section elementor-top-section elementor-element elementor-element-165d7f9 elementor-section-boxed elementor-section-height-default elementor-section-height-default\" data-id=\"165d7f9\" data-element_type=\"section\">\n\t\t\t\t\t\t<div class=\"elementor-container elementor-column-gap-default\">\n\t\t\t\t\t<div class=\"elementor-column elementor-col-100 elementor-top-column elementor-element elementor-element-5974c0f\" data-id=\"5974c0f\" data-element_type=\"column\">\n\t\t\t<div class=\"elementor-widget-wrap elementor-element-populated\">\n\t\t\t\t\t\t<div class=\"elementor-element elementor-element-a8b4df9 elementor-widget elementor-widget-image\" data-id=\"a8b4df9\" data-element_type=\"widget\" data-widget_type=\"image.default\">\n\t\t\t\t<div class=\"elementor-widget-container\">\n\t\t\t\t\t\t\t\t\t\t<figure class=\"wp-caption\">\n\t\t\t\t\t\t\t\t\t\t<img decoding=\"async\" width=\"768\" height=\"432\" src=\"https:\/\/www.ufsm.br\/app\/uploads\/sites\/375\/2026\/09\/Secador-UFSM-768x432.jpg\" class=\"attachment-medium_large size-medium_large wp-image-8194\" alt=\"\" srcset=\"https:\/\/www.ufsm.br\/app\/uploads\/sites\/375\/2026\/09\/Secador-UFSM-768x432.jpg 768w, https:\/\/www.ufsm.br\/app\/uploads\/sites\/375\/2026\/09\/Secador-UFSM-300x169.jpg 300w, https:\/\/www.ufsm.br\/app\/uploads\/sites\/375\/2026\/09\/Secador-UFSM.jpg 982w\" sizes=\"(max-width: 768px) 100vw, 768px\" \/>\t\t\t\t\t\t\t\t\t\t\t<figcaption class=\"widget-image-caption wp-caption-text\">O imageamento ac\u00fastico permite visualizar espacialmente a origem de uma fonte sonora.<\/figcaption>\n\t\t\t\t\t\t\t\t\t\t<\/figure>\n\t\t\t\t\t\t\t<\/div>\n\t\t\t\t<\/div>\n\t\t\t\t\t<\/div>\n\t\t<\/div>\n\t\t\t\t\t<\/div>\n\t\t<\/section>\n\t\t\t\t<section class=\"elementor-section elementor-top-section elementor-element elementor-element-a71c80e elementor-section-boxed elementor-section-height-default elementor-section-height-default\" data-id=\"a71c80e\" data-element_type=\"section\">\n\t\t\t\t\t\t<div class=\"elementor-container elementor-column-gap-default\">\n\t\t\t\t\t<div class=\"elementor-column elementor-col-100 elementor-top-column elementor-element elementor-element-7be7ab9\" data-id=\"7be7ab9\" data-element_type=\"column\">\n\t\t\t<div class=\"elementor-widget-wrap elementor-element-populated\">\n\t\t\t\t\t\t<div class=\"elementor-element elementor-element-2ab89fe elementor-widget elementor-widget-text-editor\" data-id=\"2ab89fe\" data-element_type=\"widget\" data-widget_type=\"text-editor.default\">\n\t\t\t\t<div class=\"elementor-widget-container\">\n\t\t\t\t\t\t\t<p class=\"PDq2pG_selectionAnchorContainer\" data-start=\"2812\" data-end=\"3087\">A palestra tamb\u00e9m abordou perspectivas futuras para a \u00e1rea, incluindo processamento em tempo real, intelig\u00eancia artificial, super-resolu\u00e7\u00e3o, reconstru\u00e7\u00f5es tridimensionais e integra\u00e7\u00e3o de dados ac\u00fasticos com imagens e outros sensores.<\/p><p data-start=\"3089\" data-end=\"3218\">Para Fonseca, participar do congresso foi uma oportunidade de compartilhar internacionalmente a experi\u00eancia desenvolvida na UFSM.<\/p>\t\t\t\t\t\t<\/div>\n\t\t\t\t<\/div>\n\t\t\t\t\t<\/div>\n\t\t<\/div>\n\t\t\t\t\t<\/div>\n\t\t<\/section>\n\t\t\t\t<section class=\"elementor-section elementor-top-section elementor-element elementor-element-2ffcd84 elementor-section-boxed elementor-section-height-default elementor-section-height-default\" data-id=\"2ffcd84\" data-element_type=\"section\">\n\t\t\t\t\t\t<div class=\"elementor-container elementor-column-gap-default\">\n\t\t\t\t\t<div class=\"elementor-column elementor-col-100 elementor-top-column elementor-element elementor-element-4751643\" data-id=\"4751643\" data-element_type=\"column\">\n\t\t\t<div class=\"elementor-widget-wrap elementor-element-populated\">\n\t\t\t\t\t\t<div class=\"elementor-element elementor-element-7cb985c elementor-widget elementor-widget-text-editor\" data-id=\"7cb985c\" data-element_type=\"widget\" data-widget_type=\"text-editor.default\">\n\t\t\t\t<div class=\"elementor-widget-container\">\n\t\t\t\t\t\t\t<p class=\"PDq2pG_selectionAnchorContainer\" data-start=\"1672\" data-end=\"1805\">Para Fonseca, a participa\u00e7\u00e3o no congresso foi uma oportunidade de compartilhar internacionalmente a experi\u00eancia desenvolvida na UFSM.<\/p><blockquote><p data-start=\"1810\" data-end=\"2102\">\u201cFoi uma grande honra representar a Universidade Federal de Santa Maria e o Brasil entre os conferencistas plen\u00e1rios do FIA2026. Levar ao congresso parte da experi\u00eancia de pesquisa constru\u00edda na UFSM e discuti-la com a comunidade ibero-americana foi especialmente significativo\u201d, destaca.<\/p><\/blockquote>\t\t\t\t\t\t<\/div>\n\t\t\t\t<\/div>\n\t\t\t\t\t<\/div>\n\t\t<\/div>\n\t\t\t\t\t<\/div>\n\t\t<\/section>\n\t\t\t\t<section class=\"elementor-section elementor-top-section elementor-element elementor-element-c6bd8d7 elementor-section-boxed elementor-section-height-default elementor-section-height-default\" data-id=\"c6bd8d7\" data-element_type=\"section\">\n\t\t\t\t\t\t<div class=\"elementor-container elementor-column-gap-default\">\n\t\t\t\t\t<div class=\"elementor-column elementor-col-100 elementor-top-column elementor-element elementor-element-b201b87\" data-id=\"b201b87\" data-element_type=\"column\">\n\t\t\t<div class=\"elementor-widget-wrap elementor-element-populated\">\n\t\t\t\t\t\t<div class=\"elementor-element elementor-element-9791454 elementor-widget elementor-widget-text-editor\" data-id=\"9791454\" data-element_type=\"widget\" data-widget_type=\"text-editor.default\">\n\t\t\t\t<div class=\"elementor-widget-container\">\n\t\t\t\t\t\t\t<p><em>Subdivis\u00e3o de Comunica\u00e7\u00e3o do CT\/UFSM<\/em>\u00a0|\u00a0<em>\u00a0<\/em><a href=\"https:\/\/www.ufsm.br\/unidades-universitarias\/ct\/servicos\"><em>Acesse os servi\u00e7os de Comunica\u00e7\u00e3o do CT-UFSM<\/em><\/a>\u00a0|\u00a0<em>Siga o CT nas redes sociais:\u00a0<\/em><a href=\"https:\/\/www.instagram.com\/ctufsm\/\" target=\"_blank\" rel=\"noreferrer noopener\"><em>Instagram<\/em><\/a><em>\u00a0e\u00a0<a href=\"https:\/\/www.linkedin.com\/company\/109683370\" target=\"_blank\" rel=\"noreferrer noopener\">LinkedIn<\/a><\/em><\/p>\t\t\t\t\t\t<\/div>\n\t\t\t\t<\/div>\n\t\t\t\t\t<\/div>\n\t\t<\/div>\n\t\t\t\t\t<\/div>\n\t\t<\/section>\n\t\t\t\t<\/div>\n\t\t","protected":false},"excerpt":{"rendered":"<p>William D\u2019Andrea Fonseca participou do congresso internacional de ac\u00fastica, realizado em Lima, no Peru, e apresentou palestra sobre imageamento ac\u00fastico e beamforming O professor William D\u2019Andrea Fonseca, do Centro de Tecnologia (CT) da Universidade Federal de Santa Maria (UFSM), participou como conferencista plen\u00e1rio convidado do XIV Congresso Ibero-americano de Ac\u00fastica (FIA2026), realizado entre os dias [&hellip;]<\/p>\n","protected":false},"author":7680,"featured_media":0,"comment_status":"closed","ping_status":"closed","sticky":false,"template":"","format":"standard","meta":{"footnotes":""},"categories":[1,1032],"tags":[845,72,207],"class_list":["post-8189","post","type-post","status-publish","format-standard","hentry","category-geral","category-internacionalizacao","tag-ct-2","tag-engenharia-acustica","tag-internacionalizacao"],"acf":[],"_links":{"self":[{"href":"https:\/\/www.ufsm.br\/unidades-universitarias\/ct\/wp-json\/wp\/v2\/posts\/8189","targetHints":{"allow":["GET"]}}],"collection":[{"href":"https:\/\/www.ufsm.br\/unidades-universitarias\/ct\/wp-json\/wp\/v2\/posts"}],"about":[{"href":"https:\/\/www.ufsm.br\/unidades-universitarias\/ct\/wp-json\/wp\/v2\/types\/post"}],"author":[{"embeddable":true,"href":"https:\/\/www.ufsm.br\/unidades-universitarias\/ct\/wp-json\/wp\/v2\/users\/7680"}],"replies":[{"embeddable":true,"href":"https:\/\/www.ufsm.br\/unidades-universitarias\/ct\/wp-json\/wp\/v2\/comments?post=8189"}],"version-history":[{"count":0,"href":"https:\/\/www.ufsm.br\/unidades-universitarias\/ct\/wp-json\/wp\/v2\/posts\/8189\/revisions"}],"wp:attachment":[{"href":"https:\/\/www.ufsm.br\/unidades-universitarias\/ct\/wp-json\/wp\/v2\/media?parent=8189"}],"wp:term":[{"taxonomy":"category","embeddable":true,"href":"https:\/\/www.ufsm.br\/unidades-universitarias\/ct\/wp-json\/wp\/v2\/categories?post=8189"},{"taxonomy":"post_tag","embeddable":true,"href":"https:\/\/www.ufsm.br\/unidades-universitarias\/ct\/wp-json\/wp\/v2\/tags?post=8189"}],"curies":[{"name":"wp","href":"https:\/\/api.w.org\/{rel}","templated":true}]}}