{"id":8199,"date":"2026-09-04T12:29:33","date_gmt":"2026-09-04T15:29:33","guid":{"rendered":"https:\/\/www.ufsm.br\/unidades-universitarias\/ct\/?p=8199"},"modified":"2026-09-04T12:35:32","modified_gmt":"2026-09-04T15:35:32","slug":"ix-segav-reune-comunidade-academica-para-ampliar-debates-sobre-engenharia-acustica","status":"publish","type":"post","link":"https:\/\/www.ufsm.br\/unidades-universitarias\/ct\/2026\/09\/04\/ix-segav-reune-comunidade-academica-para-ampliar-debates-sobre-engenharia-acustica","title":{"rendered":"IX SEGAV re\u00fane comunidade acad\u00eamica para ampliar debates sobre Engenharia Ac\u00fastica"},"content":{"rendered":"<div class=\"wp-block-image\">\n<figure class=\"aligncenter size-large\"><img fetchpriority=\"high\" decoding=\"async\" width=\"1024\" height=\"768\" src=\"https:\/\/www.ufsm.br\/app\/uploads\/sites\/375\/2026\/09\/IMG_8140-1024x768.jpg\" alt=\"\" class=\"wp-image-8200\" srcset=\"https:\/\/www.ufsm.br\/app\/uploads\/sites\/375\/2026\/09\/IMG_8140-1024x768.jpg 1024w, https:\/\/www.ufsm.br\/app\/uploads\/sites\/375\/2026\/09\/IMG_8140-300x225.jpg 300w, https:\/\/www.ufsm.br\/app\/uploads\/sites\/375\/2026\/09\/IMG_8140-768x576.jpg 768w, https:\/\/www.ufsm.br\/app\/uploads\/sites\/375\/2026\/09\/IMG_8140-1536x1152.jpg 1536w, https:\/\/www.ufsm.br\/app\/uploads\/sites\/375\/2026\/09\/IMG_8140-2048x1536.jpg 2048w\" sizes=\"(max-width: 1024px) 100vw, 1024px\" \/><\/figure>\n<\/div>\n\n\n<p><span style=\"font-weight: 400\">O Centro de Tecnologia da Universidade Federal de Santa Maria (CT\/UFSM) sediou, nos dias 24 e 25 de agosto, a nona edi\u00e7\u00e3o do Semin\u00e1rio Ga\u00facho de Ac\u00fastica e Vibra\u00e7\u00f5es (IX SEGAV). A programa\u00e7\u00e3o reuniu estudantes, professores e profissionais para discutir diferentes \u00e1reas da Engenharia Ac\u00fastica, compartilhar experi\u00eancias e aproximar a comunidade acad\u00eamica de conhecimentos relacionados \u00e0 atua\u00e7\u00e3o profissional.<\/span><\/p>\n<p><span style=\"font-weight: 400\">A diversidade de possibilidades dentro da Engenharia Ac\u00fastica foi um dos pontos destacados durante o semin\u00e1rio realizado no CT\/UFSM. Entre os temas abordados estiveram a ac\u00fastica de edifica\u00e7\u00f5es, ac\u00fastica veicular e aeron\u00e1utica, al\u00e9m de quest\u00f5es relacionadas a ru\u00eddo e vibra\u00e7\u00e3o na ind\u00fastria e no meio ambiente. Para o professor Paulo Henrique Mareze, do Departamento de Estruturas e Constru\u00e7\u00e3o Civil do CT\/UFSM, o principal objetivo do semin\u00e1rio foi ampliar a divulga\u00e7\u00e3o de conhecimentos produzidos na \u00e1rea. Segundo Mareze, a iniciativa permite que a comunidade acad\u00eamica de Santa Maria e do Rio Grande do Sul tenha contato com conhecimentos desenvolvidos nos \u00faltimos meses e anos nesses diferentes campos.<\/span><\/p>\n\n\n<div class=\"wp-block-image\">\n<figure class=\"aligncenter size-large\"><img decoding=\"async\" width=\"1024\" height=\"768\" src=\"https:\/\/www.ufsm.br\/app\/uploads\/sites\/375\/2026\/09\/IMG_8148-1024x768.jpg\" alt=\"Engenheiro ac\u00fastico Guilherme Deboni\" class=\"wp-image-8202\" srcset=\"https:\/\/www.ufsm.br\/app\/uploads\/sites\/375\/2026\/09\/IMG_8148-1024x768.jpg 1024w, https:\/\/www.ufsm.br\/app\/uploads\/sites\/375\/2026\/09\/IMG_8148-300x225.jpg 300w, https:\/\/www.ufsm.br\/app\/uploads\/sites\/375\/2026\/09\/IMG_8148-768x576.jpg 768w, https:\/\/www.ufsm.br\/app\/uploads\/sites\/375\/2026\/09\/IMG_8148-1536x1152.jpg 1536w, https:\/\/www.ufsm.br\/app\/uploads\/sites\/375\/2026\/09\/IMG_8148-2048x1536.jpg 2048w\" sizes=\"(max-width: 1024px) 100vw, 1024px\" \/><\/figure>\n<\/div>\n\n\n<p><span style=\"font-weight: 400\">Entre os assuntos apresentados esteve a sonoriza\u00e7\u00e3o de ambientes. O engenheiro ac\u00fastico Guilherme Deboni compartilhou experi\u00eancias relacionadas ao projeto de sistemas de sonoriza\u00e7\u00e3o para diferentes espa\u00e7os, incluindo um pub e um evento em \u00e1rea aberta. No primeiro caso, o objetivo era desenvolver um sistema compacto, com boa distribui\u00e7\u00e3o e qualidade sonora. No segundo, o projeto precisava garantir uma cobertura adequada sem prejudicar a vizinhan\u00e7a.<\/span><\/p>\n<p><span style=\"font-weight: 400\">Deboni explica que esse tipo de projeto precisa conciliar a qualidade da experi\u00eancia sonora com o impacto causado no entorno. \u201c\u00c9 importante trazer espa\u00e7os mais agrad\u00e1veis\u201d, resume. Para ele, um bom projeto deve permitir que o p\u00fablico escute a m\u00fasica e converse, ao mesmo tempo em que reduz os efeitos do som sobre os moradores pr\u00f3ximos.<\/span><\/p>\n<p><span style=\"font-weight: 400\">A atua\u00e7\u00e3o profissional tamb\u00e9m esteve presente nas discuss\u00f5es. Deboni \u00e9 egresso da Engenharia Ac\u00fastica e atuou durante seis anos como professor do curso. Atualmente, trabalha com isolamento e condicionamento ac\u00fastico, sistemas de sonoriza\u00e7\u00e3o e ac\u00fastica industrial. Para ele, compartilhar essas experi\u00eancias com os estudantes tamb\u00e9m contribui para apresentar possibilidades de carreira dentro da \u00e1rea.<\/span><\/p>\n<p><span style=\"font-weight: 400\">A percep\u00e7\u00e3o de quem acompanhou a programa\u00e7\u00e3o refor\u00e7ou a import\u00e2ncia desse contato com diferentes campos da Engenharia Ac\u00fastica. Uma estudante que est\u00e1 no segundo semestre do curso relatou que, antes do semin\u00e1rio, tinha uma vis\u00e3o mais restrita da \u00e1rea e a associava principalmente \u00e0 ac\u00fastica de edifica\u00e7\u00f5es. Ao conhecer os diferentes temas apresentados, percebeu que existem outras possibilidades de atua\u00e7\u00e3o que ainda n\u00e3o conhecia. Para ela, a experi\u00eancia \u201cabriu muito\u201d sua vis\u00e3o sobre a \u00e1rea.<\/span><\/p>\n<p><span style=\"font-weight: 400\">Ao longo da programa\u00e7\u00e3o, o IX SEGAV proporcionou momentos de troca entre estudantes, professores e profissionais, evidenciando a amplitude da Engenharia Ac\u00fastica e suas possibilidades de atua\u00e7\u00e3o em diferentes setores. Ao reunir profissionais, professores e estudantes, o evento tamb\u00e9m proporcionou um espa\u00e7o de troca de experi\u00eancias e aproxima\u00e7\u00e3o entre a forma\u00e7\u00e3o acad\u00eamica e diferentes realidades do mercado profissional.<\/span><\/p>\n\n\n<div class=\"wp-block-image\">\n<figure class=\"aligncenter size-large\"><img decoding=\"async\" width=\"1024\" height=\"768\" src=\"https:\/\/www.ufsm.br\/app\/uploads\/sites\/375\/2026\/09\/IMG_8166-1024x768.jpg\" alt=\"\" class=\"wp-image-8203\" srcset=\"https:\/\/www.ufsm.br\/app\/uploads\/sites\/375\/2026\/09\/IMG_8166-1024x768.jpg 1024w, https:\/\/www.ufsm.br\/app\/uploads\/sites\/375\/2026\/09\/IMG_8166-300x225.jpg 300w, https:\/\/www.ufsm.br\/app\/uploads\/sites\/375\/2026\/09\/IMG_8166-768x576.jpg 768w, https:\/\/www.ufsm.br\/app\/uploads\/sites\/375\/2026\/09\/IMG_8166-1536x1152.jpg 1536w, https:\/\/www.ufsm.br\/app\/uploads\/sites\/375\/2026\/09\/IMG_8166-2048x1536.jpg 2048w\" sizes=\"(max-width: 1024px) 100vw, 1024px\" \/><\/figure>\n<\/div>\n\n\n<hr class=\"wp-block-separator has-alpha-channel-opacity\" \/>\n\n\n\n<p><em>Texto por Lia Guerreiro, acad\u00eamica de jornalismo, com supervis\u00e3o da Subdivis\u00e3o de Comunica\u00e7\u00e3o do CT\/UFSM<br \/><\/em><em>Quer divulgar suas a\u00e7\u00f5es, pesquisas, projetos ou eventos no site?\u00a0<\/em><a href=\"https:\/\/www.ufsm.br\/unidades-universitarias\/ct\/servicos\"><em><strong>Acesse os servi\u00e7os de Comunica\u00e7\u00e3o do CT-UFSM<\/strong><\/em><\/a><em>!<\/em>\u00a0<em>Siga o CT nas redes sociais:\u00a0<\/em><a href=\"https:\/\/www.facebook.com\/ctufsm\"><em><strong>Facebook<\/strong><\/em><\/a><em>\u00a0e\u00a0<\/em><a href=\"https:\/\/www.instagram.com\/ctufsm\/\"><em><strong>Instagram<\/strong><\/em><\/a><em>!<\/em><\/p>\n","protected":false},"excerpt":{"rendered":"<p>Evento realizado no CT\/UFSM apresentou diferentes \u00e1reas de atua\u00e7\u00e3o e aproximou estudantes de conhecimentos desenvolvidos por profissionais e pesquisadores<\/p>\n","protected":false},"author":9023,"featured_media":8201,"comment_status":"closed","ping_status":"closed","sticky":false,"template":"","format":"standard","meta":{"footnotes":""},"categories":[1],"tags":[845,72,974],"class_list":["post-8199","post","type-post","status-publish","format-standard","has-post-thumbnail","hentry","category-geral","tag-ct-2","tag-engenharia-acustica","tag-graduacao"],"acf":[],"_links":{"self":[{"href":"https:\/\/www.ufsm.br\/unidades-universitarias\/ct\/wp-json\/wp\/v2\/posts\/8199","targetHints":{"allow":["GET"]}}],"collection":[{"href":"https:\/\/www.ufsm.br\/unidades-universitarias\/ct\/wp-json\/wp\/v2\/posts"}],"about":[{"href":"https:\/\/www.ufsm.br\/unidades-universitarias\/ct\/wp-json\/wp\/v2\/types\/post"}],"author":[{"embeddable":true,"href":"https:\/\/www.ufsm.br\/unidades-universitarias\/ct\/wp-json\/wp\/v2\/users\/9023"}],"replies":[{"embeddable":true,"href":"https:\/\/www.ufsm.br\/unidades-universitarias\/ct\/wp-json\/wp\/v2\/comments?post=8199"}],"version-history":[{"count":0,"href":"https:\/\/www.ufsm.br\/unidades-universitarias\/ct\/wp-json\/wp\/v2\/posts\/8199\/revisions"}],"wp:featuredmedia":[{"embeddable":true,"href":"https:\/\/www.ufsm.br\/unidades-universitarias\/ct\/wp-json\/wp\/v2\/media\/8201"}],"wp:attachment":[{"href":"https:\/\/www.ufsm.br\/unidades-universitarias\/ct\/wp-json\/wp\/v2\/media?parent=8199"}],"wp:term":[{"taxonomy":"category","embeddable":true,"href":"https:\/\/www.ufsm.br\/unidades-universitarias\/ct\/wp-json\/wp\/v2\/categories?post=8199"},{"taxonomy":"post_tag","embeddable":true,"href":"https:\/\/www.ufsm.br\/unidades-universitarias\/ct\/wp-json\/wp\/v2\/tags?post=8199"}],"curies":[{"name":"wp","href":"https:\/\/api.w.org\/{rel}","templated":true}]}}