{"id":8205,"date":"2026-09-04T14:03:29","date_gmt":"2026-09-04T17:03:29","guid":{"rendered":"https:\/\/www.ufsm.br\/unidades-universitarias\/ct\/?p=8205"},"modified":"2026-09-04T14:03:31","modified_gmt":"2026-09-04T17:03:31","slug":"aula-magna-do-ppgcc-discute-evolucao-e-futuro-da-engenharia-de-software","status":"publish","type":"post","link":"https:\/\/www.ufsm.br\/unidades-universitarias\/ct\/2026\/09\/04\/aula-magna-do-ppgcc-discute-evolucao-e-futuro-da-engenharia-de-software","title":{"rendered":"Aula Magna do PPGCC discute evolu\u00e7\u00e3o e futuro da Engenharia de Software"},"content":{"rendered":"\n<figure class=\"wp-block-image size-large\"><img fetchpriority=\"high\" decoding=\"async\" width=\"1024\" height=\"576\" src=\"https:\/\/www.ufsm.br\/app\/uploads\/sites\/375\/2026\/09\/IMG_8216-1024x576.jpg\" alt=\"\" class=\"wp-image-8206\" srcset=\"https:\/\/www.ufsm.br\/app\/uploads\/sites\/375\/2026\/09\/IMG_8216-1024x576.jpg 1024w, https:\/\/www.ufsm.br\/app\/uploads\/sites\/375\/2026\/09\/IMG_8216-300x169.jpg 300w, https:\/\/www.ufsm.br\/app\/uploads\/sites\/375\/2026\/09\/IMG_8216-768x432.jpg 768w, https:\/\/www.ufsm.br\/app\/uploads\/sites\/375\/2026\/09\/IMG_8216-1536x864.jpg 1536w, https:\/\/www.ufsm.br\/app\/uploads\/sites\/375\/2026\/09\/IMG_8216-2048x1152.jpg 2048w\" sizes=\"(max-width: 1024px) 100vw, 1024px\" \/><\/figure>\n\n\n\n<p class=\"isSelectedEnd\">O Programa de P\u00f3s-Gradua\u00e7\u00e3o em Ci\u00eancia da Computa\u00e7\u00e3o (PPGCC) promoveu, no dia 1\u00ba de setembro, uma Aula Magna com o tema \u201cEvolu\u00e7\u00e3o e Futuro da Engenharia de Software\u201d. A atividade foi ministrada pelo Prof. Ph.D. Vitor Manuel Basto Fernandes, Professor Associado com Agrega\u00e7\u00e3o do Iscte \u2013 Instituto Universit\u00e1rio de Lisboa, em Portugal. O encontro ocorreu \u00e0s 13h30, no Audit\u00f3rio P\u00e9rcio Reis, localizado no Pr\u00e9dio 7 do Centro de Tecnologia (CT) da Universidade Federal de Santa Maria (UFSM). O evento foi aberto \u00e0 comunidade, incluindo estudantes de gradua\u00e7\u00e3o e p\u00f3s-gradua\u00e7\u00e3o, tecn\u00f3logos e t\u00e9cnicos da UFSM e de outras institui\u00e7\u00f5es.<\/p>\n<p class=\"isSelectedEnd\">Vitor \u00e9 vinculado ao ISTAR-Iscte \u2013 Centro de Investiga\u00e7\u00e3o em Ci\u00eancias da Informa\u00e7\u00e3o, Tecnologias e Arquitetura, onde atua no Departamento de Ci\u00eancias e Tecnologias da Informa\u00e7\u00e3o. Entre suas \u00e1reas de investiga\u00e7\u00e3o est\u00e3o a Engenharia de Software Baseada em Busca (<em>Search-Based Software Engineering<\/em>) e a otimiza\u00e7\u00e3o multiobjetivo, al\u00e9m de temas como Web Sem\u00e2ntica e ciberseguran\u00e7a.<\/p>\n<p class=\"isSelectedEnd\">Durante a atividade, o professor destacou que os desafios atuais da Engenharia de Software ultrapassam as quest\u00f5es t\u00e9cnicas. Segundo Vitor, a presen\u00e7a cada vez maior dos softwares na vida cotidiana faz com que essas tecnologias influenciem comportamentos e decis\u00f5es individuais, coletivas e institucionais. Para ele, esse cen\u00e1rio exige novas formas de regulamenta\u00e7\u00e3o e maior transpar\u00eancia sobre o funcionamento das ferramentas, j\u00e1 que, como explica, \u201ccada vez est\u00e3o a decidir mais por n\u00f3s, a representar-nos, e n\u00f3s temos que garantir que nos est\u00e3o a representar bem\u201d.<\/p>\n<h2>Intelig\u00eancia artificial transforma a atua\u00e7\u00e3o profissional<\/h2>\n<p class=\"isSelectedEnd\">A intelig\u00eancia artificial tamb\u00e9m est\u00e1 modificando o trabalho dos profissionais de Engenharia de Software. Na avalia\u00e7\u00e3o de Vitor, tarefas que podem ser automatizadas, como parte da produ\u00e7\u00e3o de c\u00f3digo-fonte, tendem a exigir menos interven\u00e7\u00e3o humana. Ao mesmo tempo, ganham import\u00e2ncia as atividades relacionadas aos processos de decis\u00e3o e \u00e0 avalia\u00e7\u00e3o das consequ\u00eancias do uso dessas tecnologias.<\/p>\n<p class=\"isSelectedEnd\">Nesse contexto, o professor defende que os profissionais da \u00e1rea precisar\u00e3o trabalhar de maneira mais pr\u00f3xima de outras \u00e1reas do conhecimento, como legisla\u00e7\u00e3o e \u00e9tica. A atua\u00e7\u00e3o, segundo ele, n\u00e3o estar\u00e1 apenas na constru\u00e7\u00e3o dos sistemas, mas tamb\u00e9m na garantia de que as tecnologias utilizadas para tomar decis\u00f5es sejam adequadas. \u201cOs profissionais v\u00e3o ter que garantir isso do ponto de vista t\u00e9cnico, mas tamb\u00e9m do ponto de vista legal, social, \u00e9tico\u201d, afirma.<\/p>\n<h2>Pesquisa busca apoiar decis\u00f5es<\/h2>\n<p class=\"isSelectedEnd\">A discuss\u00e3o sobre tomada de decis\u00f5es tamb\u00e9m est\u00e1 relacionada \u00e0 \u00e1rea de pesquisa desenvolvida por Vitor, que envolve Engenharia de Software Baseada em Busca (<em>Search-Based Software Engineering<\/em>) e otimiza\u00e7\u00e3o multicrit\u00e9rio. Essas abordagens utilizam t\u00e9cnicas computacionais para auxiliar processos de decis\u00e3o e podem ser aplicadas tanto na constru\u00e7\u00e3o de sistemas de apoio \u00e0 decis\u00e3o quanto no pr\u00f3prio desenvolvimento de software.<\/p>\n<p class=\"isSelectedEnd\">De acordo com o professor, a Engenharia de Software Baseada em Busca permite utilizar mecanismos de decis\u00e3o para auxiliar os profissionais na constru\u00e7\u00e3o de melhores artefatos tecnol\u00f3gicos. A proposta \u00e9 que essas ferramentas possam apoiar escolhas durante o desenvolvimento de sistemas cada vez mais complexos.<\/p>\n<h2>Forma\u00e7\u00e3o para acompanhar as transforma\u00e7\u00f5es<\/h2>\n<p class=\"isSelectedEnd\">Para os estudantes de Computa\u00e7\u00e3o, Vitor considera que a capacidade de continuar aprendendo ser\u00e1 essencial para acompanhar as mudan\u00e7as da \u00e1rea. Segundo ele, a forma\u00e7\u00e3o profissional n\u00e3o termina com a universidade, j\u00e1 que as transforma\u00e7\u00f5es tecnol\u00f3gicas exigem atualiza\u00e7\u00e3o constante e aprendizagem ao longo da vida.<\/p>\n<p class=\"isSelectedEnd\">Al\u00e9m dos conhecimentos t\u00e9cnicos, o professor destaca a import\u00e2ncia de desenvolver a capacidade de observar uma situa\u00e7\u00e3o a partir de diferentes perspectivas. Para Vitor, essa abertura pode contribuir para a constru\u00e7\u00e3o de tecnologias mais adequadas e para decis\u00f5es mais qualificadas. \u201c\u00c9 necess\u00e1rio ter sempre a abertura para perceber como \u00e9 que aquilo que estamos a fazer pode ser visto de outra forma\u201d, ressalta.<\/p>\n<p>A realiza\u00e7\u00e3o da Aula Magna proporcionou \u00e0 comunidade acad\u00eamica uma discuss\u00e3o sobre os desafios e as tend\u00eancias da Computa\u00e7\u00e3o. A atividade tamb\u00e9m integrou as a\u00e7\u00f5es do PPGCC voltadas \u00e0 amplia\u00e7\u00e3o do contato dos participantes com temas relacionados ao futuro da \u00e1rea e \u00e0 apresenta\u00e7\u00e3o do programa \u00e0 comunidade.<\/p>\n\n\n\n<hr class=\"wp-block-separator has-alpha-channel-opacity\" \/>\n\n\n\n<p><em>Texto por Lia Guerreiro, acad\u00eamica de jornalismo, com supervis\u00e3o da Subdivis\u00e3o de Comunica\u00e7\u00e3o do CT\/UFSM<br \/><\/em><em>Quer divulgar suas a\u00e7\u00f5es, pesquisas, projetos ou eventos no site?\u00a0<\/em><a href=\"https:\/\/www.ufsm.br\/unidades-universitarias\/ct\/servicos\"><em><strong>Acesse os servi\u00e7os de Comunica\u00e7\u00e3o do CT-UFSM<\/strong><\/em><\/a><em>!<\/em>\u00a0<em>Siga o CT nas redes sociais:\u00a0<\/em><a href=\"https:\/\/www.facebook.com\/ctufsm\"><em><strong>Facebook<\/strong><\/em><\/a><em>\u00a0e\u00a0<\/em><a href=\"https:\/\/www.instagram.com\/ctufsm\/\"><em><strong>Instagram<\/strong><\/em><\/a><em>!<\/em><\/p>\n","protected":false},"excerpt":{"rendered":"<p>Atividade ministrada pelo Prof. Ph.D. Vitor Manuel Basto Fernandes abordou as transforma\u00e7\u00f5es da \u00e1rea, os impactos da intelig\u00eancia artificial e os desafios para os profissionais<\/p>\n","protected":false},"author":9023,"featured_media":8207,"comment_status":"closed","ping_status":"closed","sticky":false,"template":"","format":"standard","meta":{"footnotes":""},"categories":[1],"tags":[845],"class_list":["post-8205","post","type-post","status-publish","format-standard","has-post-thumbnail","hentry","category-geral","tag-ct-2"],"acf":[],"_links":{"self":[{"href":"https:\/\/www.ufsm.br\/unidades-universitarias\/ct\/wp-json\/wp\/v2\/posts\/8205","targetHints":{"allow":["GET"]}}],"collection":[{"href":"https:\/\/www.ufsm.br\/unidades-universitarias\/ct\/wp-json\/wp\/v2\/posts"}],"about":[{"href":"https:\/\/www.ufsm.br\/unidades-universitarias\/ct\/wp-json\/wp\/v2\/types\/post"}],"author":[{"embeddable":true,"href":"https:\/\/www.ufsm.br\/unidades-universitarias\/ct\/wp-json\/wp\/v2\/users\/9023"}],"replies":[{"embeddable":true,"href":"https:\/\/www.ufsm.br\/unidades-universitarias\/ct\/wp-json\/wp\/v2\/comments?post=8205"}],"version-history":[{"count":0,"href":"https:\/\/www.ufsm.br\/unidades-universitarias\/ct\/wp-json\/wp\/v2\/posts\/8205\/revisions"}],"wp:featuredmedia":[{"embeddable":true,"href":"https:\/\/www.ufsm.br\/unidades-universitarias\/ct\/wp-json\/wp\/v2\/media\/8207"}],"wp:attachment":[{"href":"https:\/\/www.ufsm.br\/unidades-universitarias\/ct\/wp-json\/wp\/v2\/media?parent=8205"}],"wp:term":[{"taxonomy":"category","embeddable":true,"href":"https:\/\/www.ufsm.br\/unidades-universitarias\/ct\/wp-json\/wp\/v2\/categories?post=8205"},{"taxonomy":"post_tag","embeddable":true,"href":"https:\/\/www.ufsm.br\/unidades-universitarias\/ct\/wp-json\/wp\/v2\/tags?post=8205"}],"curies":[{"name":"wp","href":"https:\/\/api.w.org\/{rel}","templated":true}]}}