{"id":14561,"date":"2026-09-01T10:46:00","date_gmt":"2026-09-01T13:46:00","guid":{"rendered":"https:\/\/www.ufsm.br\/unidades-universitarias\/frederico-westphalen\/?p=14561"},"modified":"2026-09-01T11:29:30","modified_gmt":"2026-09-01T14:29:30","slug":"protagonistas-da-resistencia-a-luta-das-mulheres-kaingang-contra-a-violencia-no-territorio-do-guarita-e-pela-juventude-indigena","status":"publish","type":"post","link":"https:\/\/www.ufsm.br\/unidades-universitarias\/frederico-westphalen\/2026\/09\/01\/protagonistas-da-resistencia-a-luta-das-mulheres-kaingang-contra-a-violencia-no-territorio-do-guarita-e-pela-juventude-indigena","title":{"rendered":"Protagonistas da resist\u00eancia: a luta das mulheres Kaingang contra a viol\u00eancia no Territ\u00f3rio do Guarita e pela juventude ind\u00edgena"},"content":{"rendered":"\t\t<div data-elementor-type=\"wp-post\" data-elementor-id=\"14561\" class=\"elementor elementor-14561\">\n\t\t\t\t\t\t<section class=\"elementor-section elementor-top-section elementor-element elementor-element-69cbee7 elementor-section-boxed elementor-section-height-default elementor-section-height-default\" data-id=\"69cbee7\" data-element_type=\"section\">\n\t\t\t\t\t\t<div class=\"elementor-container elementor-column-gap-default\">\n\t\t\t\t\t<div class=\"elementor-column elementor-col-100 elementor-top-column elementor-element elementor-element-d48dbec\" data-id=\"d48dbec\" data-element_type=\"column\">\n\t\t\t<div class=\"elementor-widget-wrap elementor-element-populated\">\n\t\t\t\t\t\t<div class=\"elementor-element elementor-element-6f6a8fa elementor-widget elementor-widget-image\" data-id=\"6f6a8fa\" data-element_type=\"widget\" data-widget_type=\"image.default\">\n\t\t\t\t<div class=\"elementor-widget-container\">\n\t\t\t\t\t\t\t\t\t\t<figure class=\"wp-caption\">\n\t\t\t\t\t\t\t\t\t\t<img fetchpriority=\"high\" decoding=\"async\" width=\"768\" height=\"512\" src=\"https:\/\/www.ufsm.br\/app\/uploads\/sites\/377\/2026\/09\/DSC_0094-768x512.jpg\" class=\"attachment-medium_large size-medium_large wp-image-14563\" alt=\"\" srcset=\"https:\/\/www.ufsm.br\/app\/uploads\/sites\/377\/2026\/09\/DSC_0094-768x512.jpg 768w, https:\/\/www.ufsm.br\/app\/uploads\/sites\/377\/2026\/09\/DSC_0094-300x200.jpg 300w, https:\/\/www.ufsm.br\/app\/uploads\/sites\/377\/2026\/09\/DSC_0094-1024x683.jpg 1024w, https:\/\/www.ufsm.br\/app\/uploads\/sites\/377\/2026\/09\/DSC_0094-1536x1025.jpg 1536w, https:\/\/www.ufsm.br\/app\/uploads\/sites\/377\/2026\/09\/DSC_0094-272x182.jpg 272w, https:\/\/www.ufsm.br\/app\/uploads\/sites\/377\/2026\/09\/DSC_0094.jpg 1920w\" sizes=\"(max-width: 768px) 100vw, 768px\" \/>\t\t\t\t\t\t\t\t\t\t\t<figcaption class=\"widget-image-caption wp-caption-text\">Discuss\u00f5es durante a 5\u00aa Mobiliza\u00e7\u00e3o das Mulheres Ind\u00edgenas Kaingang<\/figcaption>\n\t\t\t\t\t\t\t\t\t\t<\/figure>\n\t\t\t\t\t\t\t<\/div>\n\t\t\t\t<\/div>\n\t\t\t\t\t<\/div>\n\t\t<\/div>\n\t\t\t\t\t<\/div>\n\t\t<\/section>\n\t\t\t\t<section class=\"elementor-section elementor-top-section elementor-element elementor-element-dcbb123 elementor-section-boxed elementor-section-height-default elementor-section-height-default\" data-id=\"dcbb123\" data-element_type=\"section\">\n\t\t\t\t\t\t<div class=\"elementor-container elementor-column-gap-default\">\n\t\t\t\t\t<div class=\"elementor-column elementor-col-100 elementor-top-column elementor-element elementor-element-6b5b9fe\" data-id=\"6b5b9fe\" data-element_type=\"column\">\n\t\t\t<div class=\"elementor-widget-wrap elementor-element-populated\">\n\t\t\t\t\t\t<div class=\"elementor-element elementor-element-ed2fd91 elementor-widget elementor-widget-text-editor\" data-id=\"ed2fd91\" data-element_type=\"widget\" data-widget_type=\"text-editor.default\">\n\t\t\t\t<div class=\"elementor-widget-container\">\n\t\t\t\t\t\t\t<p>Sob o tema \u201cEntre mem\u00f3ria e movimento, construindo redes de cuidado para as juventudes ind\u00edgenas\u201d, a 5\u00aa Mobiliza\u00e7\u00e3o das Mulheres Ind\u00edgenas Kaingang do Territ\u00f3rio do Guarita reuniu mulheres, jovens e a comunidade para reafirmar a resist\u00eancia dos povos origin\u00e1rios no Sul do Brasil. O encontro marcou um momento de den\u00fancia, acolhimento e reconstru\u00e7\u00e3o de caminhos frente a desafios urgentes: o combate ao feminic\u00eddio, o enfrentamento ao machismo nas aldeias e a urg\u00eancia de resgatar os sonhos e a identidade da juventude ind\u00edgena.<\/p><p>O evento ocorreu nos dias 26 e 27 de agosto de 2026 e contou com a participa\u00e7\u00e3o de ind\u00edgenas do territ\u00f3rio de Apucaraninha, no Paran\u00e1. Ao longo do primeiro dia, as discuss\u00f5es foram realizadas no Centro Cultural de Tenente Portela, organizadas no formato de mesas, com a presen\u00e7a de ind\u00edgenas e equipes que d\u00e3o suporte \u00e0 comunidade da aldeia. No segundo dia, as escolas realizaram os Jogos Escolares Ind\u00edgenas por meio de competi\u00e7\u00f5es esportivas, contando com modalidades como arco e flecha e bodoque.<\/p><p>A Universidade Federal de Santa Maria Campus Frederico Westphalen (UFSM\/FW) esteve presente por meio da equipe de docentes que ministra aulas no curso de Licenciatura Intercultural Ind\u00edgena. A gradua\u00e7\u00e3o leva o ensino superior gratuito e de qualidade para os povos ind\u00edgenas em cinco aldeias da regi\u00e3o do M\u00e9dio Alto Uruguai, no Rio Grande do Sul, entre elas a Terra Ind\u00edgena Guarita, que \u00e9 a maior reserva do estado com mais de 23 mil hectares. A \u00e1rea abrange os munic\u00edpios de Tenente Portela, Redentora e Erval Seco e tem popula\u00e7\u00e3o aproximada de 7 mil pessoas.<\/p><h3>Luta pelo fim da viol\u00eancia nos territ\u00f3rios<\/h3><p>O encontro colocou no centro dos debates a prote\u00e7\u00e3o das mulheres ind\u00edgenas contra todas as formas de viol\u00eancia e a preven\u00e7\u00e3o do feminic\u00eddio. Sob a bandeira de transformar o &#8220;luto em luta&#8221;, o Grupo de Trabalho (GT) Guarita reafirmou sua for\u00e7a na preven\u00e7\u00e3o da viol\u00eancia dentro do territ\u00f3rio. As participantes destacaram que a viol\u00eancia de g\u00eanero n\u00e3o \u00e9 parte da cultura ancestral. \u201cNenhum tipo de viol\u00eancia faz parte da cultura ind\u00edgena\u201d, afirmaram os integrantes da terceira mesa do dia.<\/p><p>Os participantes assinalaram a necessidade de combater o machismo estrutural que se infiltrou nas aldeias como reflexo do processo de coloniza\u00e7\u00e3o. As mulheres Kaingang ressaltaram que a defesa do territ\u00f3rio ancestral \u00e9 indissoci\u00e1vel da defesa do corpo das mulheres ind\u00edgenas, exigindo a cria\u00e7\u00e3o de redes internas e externas de prote\u00e7\u00e3o e acolhimento.<\/p>\t\t\t\t\t\t<\/div>\n\t\t\t\t<\/div>\n\t\t\t\t\t<\/div>\n\t\t<\/div>\n\t\t\t\t\t<\/div>\n\t\t<\/section>\n\t\t\t\t<section class=\"elementor-section elementor-top-section elementor-element elementor-element-e8e8a91 elementor-section-boxed elementor-section-height-default elementor-section-height-default\" data-id=\"e8e8a91\" data-element_type=\"section\">\n\t\t\t\t\t\t<div class=\"elementor-container elementor-column-gap-default\">\n\t\t\t\t\t<div class=\"elementor-column elementor-col-100 elementor-top-column elementor-element elementor-element-3056ef7\" data-id=\"3056ef7\" data-element_type=\"column\">\n\t\t\t<div class=\"elementor-widget-wrap elementor-element-populated\">\n\t\t\t\t\t\t<div class=\"elementor-element elementor-element-5ebf186 elementor-widget elementor-widget-image\" data-id=\"5ebf186\" data-element_type=\"widget\" data-widget_type=\"image.default\">\n\t\t\t\t<div class=\"elementor-widget-container\">\n\t\t\t\t\t\t\t\t\t\t<figure class=\"wp-caption\">\n\t\t\t\t\t\t\t\t\t\t<img decoding=\"async\" width=\"768\" height=\"512\" src=\"https:\/\/www.ufsm.br\/app\/uploads\/sites\/377\/2026\/09\/DSC_0057-768x512.jpg\" class=\"attachment-medium_large size-medium_large wp-image-14564\" alt=\"\" srcset=\"https:\/\/www.ufsm.br\/app\/uploads\/sites\/377\/2026\/09\/DSC_0057-768x512.jpg 768w, https:\/\/www.ufsm.br\/app\/uploads\/sites\/377\/2026\/09\/DSC_0057-300x200.jpg 300w, https:\/\/www.ufsm.br\/app\/uploads\/sites\/377\/2026\/09\/DSC_0057-1024x683.jpg 1024w, https:\/\/www.ufsm.br\/app\/uploads\/sites\/377\/2026\/09\/DSC_0057-1536x1025.jpg 1536w, https:\/\/www.ufsm.br\/app\/uploads\/sites\/377\/2026\/09\/DSC_0057-272x182.jpg 272w, https:\/\/www.ufsm.br\/app\/uploads\/sites\/377\/2026\/09\/DSC_0057.jpg 1920w\" sizes=\"(max-width: 768px) 100vw, 768px\" \/>\t\t\t\t\t\t\t\t\t\t\t<figcaption class=\"widget-image-caption wp-caption-text\">Participantes durante o encontro no Centro Cultural de Tenente Portela <\/figcaption>\n\t\t\t\t\t\t\t\t\t\t<\/figure>\n\t\t\t\t\t\t\t<\/div>\n\t\t\t\t<\/div>\n\t\t\t\t\t<\/div>\n\t\t<\/div>\n\t\t\t\t\t<\/div>\n\t\t<\/section>\n\t\t\t\t<section class=\"elementor-section elementor-top-section elementor-element elementor-element-af18a5f elementor-section-boxed elementor-section-height-default elementor-section-height-default\" data-id=\"af18a5f\" data-element_type=\"section\">\n\t\t\t\t\t\t<div class=\"elementor-container elementor-column-gap-default\">\n\t\t\t\t\t<div class=\"elementor-column elementor-col-100 elementor-top-column elementor-element elementor-element-6cb2854\" data-id=\"6cb2854\" data-element_type=\"column\">\n\t\t\t<div class=\"elementor-widget-wrap elementor-element-populated\">\n\t\t\t\t\t\t<div class=\"elementor-element elementor-element-f6a05f0 elementor-widget elementor-widget-text-editor\" data-id=\"f6a05f0\" data-element_type=\"widget\" data-widget_type=\"text-editor.default\">\n\t\t\t\t<div class=\"elementor-widget-container\">\n\t\t\t\t\t\t\t<h3>Juventude, cultura adormecida e sa\u00fade mental<\/h3><p>Segundo dados do Relat\u00f3rio Viol\u00eancia Contra Povos Ind\u00edgenas no Brasil \u2013 2025, lan\u00e7ado pelo Conselho Indigenista Mission\u00e1rio &#8211; Cimi em agosto deste ano, houve aumento nos conflitos relativos a direitos territoriais, assassinatos, suic\u00eddios e da mortalidade na inf\u00e2ncia. O documento apontou 215 suic\u00eddios entre os ind\u00edgenas em um \u00fanico ano. Por isso, um dos momentos mais profundos do encontro abordou a crise de sa\u00fade mental que afeta os jovens ind\u00edgenas, que tem resultado no aumento de casos de depress\u00e3o nas comunidades.<\/p><p>Em sua contribui\u00e7\u00e3o para o debate, Milena Jynhp\u00f3, do TI do Guarita e estudante do curso de Direito, ressaltou que a aus\u00eancia de esperan\u00e7a entre os jovens est\u00e1 associada a s\u00e9culos de apagamento, persegui\u00e7\u00e3o e viol\u00eancia contra os povos ind\u00edgenas do Brasil. \u201cA juventude ind\u00edgena est\u00e1 sem perspectivas. N\u00e3o tem sonhos e quer voltar a sonhar. H\u00e1 mais de 500 anos os ind\u00edgenas precisam se adaptar ao modelo de vida dos brancos, \u00e0 realidade imposta pelos colonizadores\u201d, afirmou.<\/p><p>Embora o Distrito Sanit\u00e1rio Especial Ind\u00edgena (DSEI) realize esfor\u00e7os de atendimento coletivo, as lideran\u00e7as cobraram a presen\u00e7a de mais psic\u00f3logos e a forma\u00e7\u00e3o de m\u00e9dicos ind\u00edgenas. De acordo com Milena, a resposta para essa crise passa por um atendimento em sa\u00fade mental sens\u00edvel \u00e0 cosmovis\u00e3o origin\u00e1ria. \u201cNecessitamos de atendimento \u00e0 sa\u00fade mental especializado e adaptado ao modo de vida do nosso povo\u201d, disse.<\/p><h3>\u201cA terra est\u00e1 em n\u00f3s\u201d<\/h3><p>Na opini\u00e3o de Gilda kuit\u00e1, historiadora e membro da Terra Ind\u00edgena de Apucaraninha, o adoecimento mental da juventude ind\u00edgena est\u00e1 associado ao apagamento e a discrimina\u00e7\u00e3o e possui quatro fatores. \u201cO primeiro \u00e9 a perca da espiritualidade, o segundo \u00e9 perca da cultura, que est\u00e1 adormecida entre os jovens, seguido da perca da identidade ind\u00edgena e do preconceito com o idioma do povo\u201d.<\/p><p>Conforme explica a ind\u00edgena, que recebeu o dom da espiritualidade, s\u00e3o os professores que devem resgatar a cultura e a espiritualidade perdidas para repassar aos jovens. Como ouvinte do encontro, ela fez um convite \u00e0 reflex\u00e3o para a juventude ind\u00edgena, afirmando que eles devem \u201cperceber que a espiritualidade est\u00e1 em tudo, nas rela\u00e7\u00f5es sociais, na alimenta\u00e7\u00e3o, no modo de vida, em tudo o que os cerca\u201d.<\/p><p>Ao comentar sobre a cosmovis\u00e3o Kaingang do mundo, Gilda pontuou \u201cque a espiritualidade do seu povo se conecta com as plantas, com a terra, com a \u00e1gua e com as pedras\u201d e que a espiritualidade \u00e9 o principal tratamento para resgatar os jovens do adoecimento mental. Na vis\u00e3o dos Kaingang, eles surgiram da terra, saindo de dentro da montanha sagrada no come\u00e7o de tudo, por isso, afirma a ind\u00edgena, \u201ca terra est\u00e1 em n\u00f3s\u201d.<\/p><h3>Educa\u00e7\u00e3o, retomadas e presen\u00e7a nos espa\u00e7os de poder<\/h3><p>A educa\u00e7\u00e3o emergiu no evento como a principal ferramenta para transformar a realidade e retirar os jovens da marginalidade. Iniciativas como a Rede Nacional de Cursinhos Populares (CPOP) foram celebradas por abrir portas no ensino superior, gerando igualdade e oportunidades especialmente para as m\u00e3es ind\u00edgenas.<\/p><p>A jovem Vanessa Fe H\u00e1 enfatizou que o povo Kaingang precisa ocupar todos os espa\u00e7os da sociedade civil, inclusive a comunica\u00e7\u00e3o. Com apenas 63 jornalistas ind\u00edgenas formados no Brasil, o evento alertou para a urg\u00eancia de disputar a narrativa p\u00fablica e romper com a invisibilidade que afeta os povos da Regi\u00e3o Sul. A luta pelas retomadas territoriais foi reafirmada como caminho indispens\u00e1vel de soberania e preserva\u00e7\u00e3o da vida.<\/p><figure id=\"attachment_14565\" aria-describedby=\"caption-attachment-14565\" style=\"width: 200px\" class=\"wp-caption alignright\"><img decoding=\"async\" class=\"wp-image-14565 size-medium\" src=\"https:\/\/www.ufsm.br\/app\/uploads\/sites\/377\/2026\/09\/Caderneta-da-Mulher-Kaingang-200x300.jpg\" alt=\"\" width=\"200\" height=\"300\" srcset=\"https:\/\/www.ufsm.br\/app\/uploads\/sites\/377\/2026\/09\/Caderneta-da-Mulher-Kaingang-200x300.jpg 200w, https:\/\/www.ufsm.br\/app\/uploads\/sites\/377\/2026\/09\/Caderneta-da-Mulher-Kaingang-683x1024.jpg 683w, https:\/\/www.ufsm.br\/app\/uploads\/sites\/377\/2026\/09\/Caderneta-da-Mulher-Kaingang-768x1151.jpg 768w, https:\/\/www.ufsm.br\/app\/uploads\/sites\/377\/2026\/09\/Caderneta-da-Mulher-Kaingang-1025x1536.jpg 1025w, https:\/\/www.ufsm.br\/app\/uploads\/sites\/377\/2026\/09\/Caderneta-da-Mulher-Kaingang-1367x2048.jpg 1367w, https:\/\/www.ufsm.br\/app\/uploads\/sites\/377\/2026\/09\/Caderneta-da-Mulher-Kaingang-scaled.jpg 1708w\" sizes=\"(max-width: 200px) 100vw, 200px\" \/><figcaption id=\"caption-attachment-14565\" class=\"wp-caption-text\">Caderneta da Mulher Kaingang<\/figcaption><\/figure><p>Ao comentar a import\u00e2ncia do evento, Roselaine Em\u00edlia Amaral, int\u00e9rprete de Kaingang no hospital de Tenente Portela, pontuou que \u201co maior desafio que as mulheres ind\u00edgenas enfrentam \u00e9 o preconceito\u201d. Como caminho para transformar esse cen\u00e1rio, a lideran\u00e7a defende o fortalecimento dos mais novos: \u201cOs jovens precisam se sentir parte da comunidade e saber que n\u00e3o est\u00e3o sozinhos. A ancestralidade nos trouxe at\u00e9 aqui; se n\u00e3o fosse pela luta dos que vieram antes, n\u00e3o estar\u00edamos mais aqui.\u201d<\/p><p>A tarde do primeiro dia foi tamb\u00e9m marcada pelo lan\u00e7amento pr\u00e9vio da Caderneta da Mulher Kaingang, um documento que vai atravessar todas as fases da vida das mulheres para explicar sobre os direitos, viol\u00eancia e sa\u00fade. O documento ainda est\u00e1 em constru\u00e7\u00e3o e o piloto do material foi entregue para que a comunidade possa trazer outras contribui\u00e7\u00f5es.<\/p><p>Ao final do encontro, o Territ\u00f3rio do Guarita deixou um recado claro: o espa\u00e7o ind\u00edgena \u00e9 o lugar do coletivo e do acolhimento e as mulheres ind\u00edgenas s\u00e3o a for\u00e7a e a resist\u00eancia contra todas as formas de viol\u00eancia. A juventude Kaingang s\u00f3 voltar\u00e1 a sonhar quando a cultura tradicional e o direito de existirem em sua plenitude forem devidamente respeitados.<\/p><p>Texto e fotos: Cristina Guerini <br \/>Divis\u00e3o de Divulga\u00e7\u00e3o Institucional da UFSM\/FW<\/p>\t\t\t\t\t\t<\/div>\n\t\t\t\t<\/div>\n\t\t\t\t\t<\/div>\n\t\t<\/div>\n\t\t\t\t\t<\/div>\n\t\t<\/section>\n\t\t\t\t<\/div>\n\t\t","protected":false},"excerpt":{"rendered":"<p>Mobiliza\u00e7\u00e3o reuniu a comunidade para debater o combate ao machismo, a preven\u00e7\u00e3o ao feminic\u00eddio e o resgate da sa\u00fade mental e da ancestralidade entre os jovens ind\u00edgenas.<\/p>\n","protected":false},"author":6719,"featured_media":14562,"comment_status":"closed","ping_status":"closed","sticky":false,"template":"","format":"standard","meta":{"footnotes":""},"categories":[202,196],"tags":[359,489,492,457,490,491],"class_list":["post-14561","post","type-post","status-publish","format-standard","has-post-thumbnail","hentry","category-destaque","category-destaques","tag-cultura","tag-feminicidio","tag-guarita","tag-jovens","tag-mobilizacao","tag-terra-indigena"],"acf":[],"_links":{"self":[{"href":"https:\/\/www.ufsm.br\/unidades-universitarias\/frederico-westphalen\/wp-json\/wp\/v2\/posts\/14561","targetHints":{"allow":["GET"]}}],"collection":[{"href":"https:\/\/www.ufsm.br\/unidades-universitarias\/frederico-westphalen\/wp-json\/wp\/v2\/posts"}],"about":[{"href":"https:\/\/www.ufsm.br\/unidades-universitarias\/frederico-westphalen\/wp-json\/wp\/v2\/types\/post"}],"author":[{"embeddable":true,"href":"https:\/\/www.ufsm.br\/unidades-universitarias\/frederico-westphalen\/wp-json\/wp\/v2\/users\/6719"}],"replies":[{"embeddable":true,"href":"https:\/\/www.ufsm.br\/unidades-universitarias\/frederico-westphalen\/wp-json\/wp\/v2\/comments?post=14561"}],"version-history":[{"count":0,"href":"https:\/\/www.ufsm.br\/unidades-universitarias\/frederico-westphalen\/wp-json\/wp\/v2\/posts\/14561\/revisions"}],"wp:featuredmedia":[{"embeddable":true,"href":"https:\/\/www.ufsm.br\/unidades-universitarias\/frederico-westphalen\/wp-json\/wp\/v2\/media\/14562"}],"wp:attachment":[{"href":"https:\/\/www.ufsm.br\/unidades-universitarias\/frederico-westphalen\/wp-json\/wp\/v2\/media?parent=14561"}],"wp:term":[{"taxonomy":"category","embeddable":true,"href":"https:\/\/www.ufsm.br\/unidades-universitarias\/frederico-westphalen\/wp-json\/wp\/v2\/categories?post=14561"},{"taxonomy":"post_tag","embeddable":true,"href":"https:\/\/www.ufsm.br\/unidades-universitarias\/frederico-westphalen\/wp-json\/wp\/v2\/tags?post=14561"}],"curies":[{"name":"wp","href":"https:\/\/api.w.org\/{rel}","templated":true}]}}