{"id":6896,"date":"2020-03-13T16:27:16","date_gmt":"2020-03-13T19:27:16","guid":{"rendered":"https:\/\/www.ufsm.br\/unidades-universitarias\/frederico-westphalen\/?p=6896"},"modified":"2020-03-13T16:27:18","modified_gmt":"2020-03-13T19:27:18","slug":"aula-inaugural-da-ufsm-fw-e-cancelada","status":"publish","type":"post","link":"https:\/\/www.ufsm.br\/unidades-universitarias\/frederico-westphalen\/2020\/03\/13\/aula-inaugural-da-ufsm-fw-e-cancelada","title":{"rendered":"Aula Inaugural da UFSM-FW \u00e9 cancelada"},"content":{"rendered":"\n<p>Conforme <a href=\"https:\/\/www.ufsm.br\/unidades-universitarias\/frederico-westphalen\/2020\/03\/13\/nota-da-ufsm-sobre-coronavirus-covid-19\/\">orienta\u00e7\u00f5es da reitoria da UFSM<\/a>, eventos e reuni\u00f5es com mais de 100 pessoas foram suspensas. A Aula Inaugural da UFSM-FW que estava programada para o dia 19 de mar\u00e7o, turnos manh\u00e3 e noite, foi suspensa.\u00a0<\/p>\n<p>O evento ser\u00e1 reagendado e divulgado em momento prop\u00edcio.<\/p>\n","protected":false},"excerpt":{"rendered":"<p>Conforme orienta\u00e7\u00f5es da reitoria da UFSM, eventos e reuni\u00f5es com mais de 100 pessoas foram suspensas. A Aula Inaugural da UFSM-FW que estava programada para o dia 19 de mar\u00e7o, turnos manh\u00e3 e noite, foi suspensa.\u00a0 O evento ser\u00e1 reagendado e divulgado em momento prop\u00edcio.<\/p>\n","protected":false},"author":278,"featured_media":0,"comment_status":"closed","ping_status":"closed","sticky":false,"template":"","format":"standard","meta":{"footnotes":""},"categories":[1],"tags":[],"class_list":["post-6896","post","type-post","status-publish","format-standard","hentry","category-noticias"],"acf":[],"_links":{"self":[{"href":"https:\/\/www.ufsm.br\/unidades-universitarias\/frederico-westphalen\/wp-json\/wp\/v2\/posts\/6896","targetHints":{"allow":["GET"]}}],"collection":[{"href":"https:\/\/www.ufsm.br\/unidades-universitarias\/frederico-westphalen\/wp-json\/wp\/v2\/posts"}],"about":[{"href":"https:\/\/www.ufsm.br\/unidades-universitarias\/frederico-westphalen\/wp-json\/wp\/v2\/types\/post"}],"author":[{"embeddable":true,"href":"https:\/\/www.ufsm.br\/unidades-universitarias\/frederico-westphalen\/wp-json\/wp\/v2\/users\/278"}],"replies":[{"embeddable":true,"href":"https:\/\/www.ufsm.br\/unidades-universitarias\/frederico-westphalen\/wp-json\/wp\/v2\/comments?post=6896"}],"version-history":[{"count":0,"href":"https:\/\/www.ufsm.br\/unidades-universitarias\/frederico-westphalen\/wp-json\/wp\/v2\/posts\/6896\/revisions"}],"wp:attachment":[{"href":"https:\/\/www.ufsm.br\/unidades-universitarias\/frederico-westphalen\/wp-json\/wp\/v2\/media?parent=6896"}],"wp:term":[{"taxonomy":"category","embeddable":true,"href":"https:\/\/www.ufsm.br\/unidades-universitarias\/frederico-westphalen\/wp-json\/wp\/v2\/categories?post=6896"},{"taxonomy":"post_tag","embeddable":true,"href":"https:\/\/www.ufsm.br\/unidades-universitarias\/frederico-westphalen\/wp-json\/wp\/v2\/tags?post=6896"}],"curies":[{"name":"wp","href":"https:\/\/api.w.org\/{rel}","templated":true}]}}