{"id":7714,"date":"2021-07-23T13:16:23","date_gmt":"2021-07-23T16:16:23","guid":{"rendered":"https:\/\/www.ufsm.br\/unidades-universitarias\/frederico-westphalen\/?p=7714"},"modified":"2021-07-23T13:16:24","modified_gmt":"2021-07-23T16:16:24","slug":"reitor-burmann-visita-o-campus-da-ufsm-fw","status":"publish","type":"post","link":"https:\/\/www.ufsm.br\/unidades-universitarias\/frederico-westphalen\/2021\/07\/23\/reitor-burmann-visita-o-campus-da-ufsm-fw","title":{"rendered":"Reitor Burmann visita o campus da UFSM-FW"},"content":{"rendered":"\n<p>Na quinta-feira (22), o reitor da Universidade Federal de Santa Maria (UFSM), prof. Paulo Afonso Burmann, esteve no campus de Frederico Westphalen para conversar com os servidores, dar um retorno sobre reivindica\u00e7\u00f5es que j\u00e1 est\u00e3o sendo atendidas e ouvir novas demandas.<\/p>\n<p>\u00c0 Dire\u00e7\u00e3o, prestou esclarecimentos sobre um poss\u00edvel retorno das atividades presenciais, atendendo a todos os protocolos de seguran\u00e7a e proporcionando log\u00edstica adequada, bem como, acolhimento pedag\u00f3gico e psicol\u00f3gico \u00e0 comunidade acad\u00eamica. Al\u00e9m disso, salientou sobre a import\u00e2ncia de todos estarem preparados para enfrentar os novos desafios que vir\u00e3o em decorr\u00eancia da covid-19, principalmente os relacionados ao processo de ensino-aprendizagem, e de serem emp\u00e1ticos para com o outro. Ao final, fez uma visita \u00e0s instala\u00e7\u00f5es conclu\u00eddas e locais destinados a obras futuras.<\/p>\n<p><img fetchpriority=\"high\" decoding=\"async\" class=\"alignnone wp-image-7715 size-full\" src=\"https:\/\/www.ufsm.br\/app\/uploads\/sites\/377\/2021\/07\/WhatsApp-Image-2021-07-23-at-10.24.09.jpeg\" alt=\"\" width=\"1024\" height=\"682\" srcset=\"https:\/\/www.ufsm.br\/app\/uploads\/sites\/377\/2021\/07\/WhatsApp-Image-2021-07-23-at-10.24.09.jpeg 1024w, https:\/\/www.ufsm.br\/app\/uploads\/sites\/377\/2021\/07\/WhatsApp-Image-2021-07-23-at-10.24.09-300x200.jpeg 300w, https:\/\/www.ufsm.br\/app\/uploads\/sites\/377\/2021\/07\/WhatsApp-Image-2021-07-23-at-10.24.09-768x512.jpeg 768w, https:\/\/www.ufsm.br\/app\/uploads\/sites\/377\/2021\/07\/WhatsApp-Image-2021-07-23-at-10.24.09-272x182.jpeg 272w\" sizes=\"(max-width: 1024px) 100vw, 1024px\" \/> <img decoding=\"async\" class=\"alignnone wp-image-7716 size-full\" src=\"https:\/\/www.ufsm.br\/app\/uploads\/sites\/377\/2021\/07\/WhatsApp-Image-2021-07-23-at-10.23.21.jpeg\" alt=\"\" width=\"1024\" height=\"682\" srcset=\"https:\/\/www.ufsm.br\/app\/uploads\/sites\/377\/2021\/07\/WhatsApp-Image-2021-07-23-at-10.23.21.jpeg 1024w, https:\/\/www.ufsm.br\/app\/uploads\/sites\/377\/2021\/07\/WhatsApp-Image-2021-07-23-at-10.23.21-300x200.jpeg 300w, https:\/\/www.ufsm.br\/app\/uploads\/sites\/377\/2021\/07\/WhatsApp-Image-2021-07-23-at-10.23.21-768x512.jpeg 768w, https:\/\/www.ufsm.br\/app\/uploads\/sites\/377\/2021\/07\/WhatsApp-Image-2021-07-23-at-10.23.21-272x182.jpeg 272w\" sizes=\"(max-width: 1024px) 100vw, 1024px\" \/><\/p>\n","protected":false},"excerpt":{"rendered":"<p>Na quinta-feira (22), o reitor da Universidade Federal de Santa Maria (UFSM), prof. Paulo Afonso Burmann, esteve no campus de Frederico Westphalen para conversar com os servidores, dar um retorno sobre reivindica\u00e7\u00f5es que j\u00e1 est\u00e3o sendo atendidas e ouvir novas demandas. \u00c0 Dire\u00e7\u00e3o, prestou esclarecimentos sobre um poss\u00edvel retorno das atividades presenciais, atendendo a todos [&hellip;]<\/p>\n","protected":false},"author":4381,"featured_media":7716,"comment_status":"closed","ping_status":"closed","sticky":false,"template":"","format":"standard","meta":{"footnotes":""},"categories":[1],"tags":[],"class_list":["post-7714","post","type-post","status-publish","format-standard","has-post-thumbnail","hentry","category-noticias"],"acf":[],"_links":{"self":[{"href":"https:\/\/www.ufsm.br\/unidades-universitarias\/frederico-westphalen\/wp-json\/wp\/v2\/posts\/7714","targetHints":{"allow":["GET"]}}],"collection":[{"href":"https:\/\/www.ufsm.br\/unidades-universitarias\/frederico-westphalen\/wp-json\/wp\/v2\/posts"}],"about":[{"href":"https:\/\/www.ufsm.br\/unidades-universitarias\/frederico-westphalen\/wp-json\/wp\/v2\/types\/post"}],"author":[{"embeddable":true,"href":"https:\/\/www.ufsm.br\/unidades-universitarias\/frederico-westphalen\/wp-json\/wp\/v2\/users\/4381"}],"replies":[{"embeddable":true,"href":"https:\/\/www.ufsm.br\/unidades-universitarias\/frederico-westphalen\/wp-json\/wp\/v2\/comments?post=7714"}],"version-history":[{"count":0,"href":"https:\/\/www.ufsm.br\/unidades-universitarias\/frederico-westphalen\/wp-json\/wp\/v2\/posts\/7714\/revisions"}],"wp:featuredmedia":[{"embeddable":true,"href":"https:\/\/www.ufsm.br\/unidades-universitarias\/frederico-westphalen\/wp-json\/wp\/v2\/media\/7716"}],"wp:attachment":[{"href":"https:\/\/www.ufsm.br\/unidades-universitarias\/frederico-westphalen\/wp-json\/wp\/v2\/media?parent=7714"}],"wp:term":[{"taxonomy":"category","embeddable":true,"href":"https:\/\/www.ufsm.br\/unidades-universitarias\/frederico-westphalen\/wp-json\/wp\/v2\/categories?post=7714"},{"taxonomy":"post_tag","embeddable":true,"href":"https:\/\/www.ufsm.br\/unidades-universitarias\/frederico-westphalen\/wp-json\/wp\/v2\/tags?post=7714"}],"curies":[{"name":"wp","href":"https:\/\/api.w.org\/{rel}","templated":true}]}}