{"id":7975,"date":"2021-10-18T16:24:04","date_gmt":"2021-10-18T19:24:04","guid":{"rendered":"https:\/\/www.ufsm.br\/unidades-universitarias\/frederico-westphalen\/?p=7975"},"modified":"2021-10-18T16:30:44","modified_gmt":"2021-10-18T19:30:44","slug":"ufsm-fw-realiza-mais-uma-formatura-por-webconferencia","status":"publish","type":"post","link":"https:\/\/www.ufsm.br\/unidades-universitarias\/frederico-westphalen\/2021\/10\/18\/ufsm-fw-realiza-mais-uma-formatura-por-webconferencia","title":{"rendered":"UFSM\/FW realiza mais uma Formatura por Webconfer\u00eancia"},"content":{"rendered":"\t\t<div data-elementor-type=\"wp-post\" data-elementor-id=\"7975\" class=\"elementor elementor-7975\">\n\t\t\t\t\t\t<section class=\"elementor-section elementor-top-section elementor-element elementor-element-576cb75e elementor-section-boxed elementor-section-height-default elementor-section-height-default\" data-id=\"576cb75e\" data-element_type=\"section\">\n\t\t\t\t\t\t<div class=\"elementor-container elementor-column-gap-default\">\n\t\t\t\t\t<div class=\"elementor-column elementor-col-50 elementor-top-column elementor-element elementor-element-185c1e5\" data-id=\"185c1e5\" data-element_type=\"column\">\n\t\t\t<div class=\"elementor-widget-wrap elementor-element-populated\">\n\t\t\t\t\t\t<div class=\"elementor-element elementor-element-ed2b3c2 elementor-widget elementor-widget-image\" data-id=\"ed2b3c2\" data-element_type=\"widget\" data-widget_type=\"image.default\">\n\t\t\t\t<div class=\"elementor-widget-container\">\n\t\t\t\t\t\t\t\t\t\t\t\t\t<img fetchpriority=\"high\" decoding=\"async\" width=\"860\" height=\"521\" src=\"https:\/\/www.ufsm.br\/app\/uploads\/sites\/377\/2021\/10\/WhatsApp-Image-2021-10-09-at-13.05.14.jpeg\" class=\"attachment-large size-large wp-image-7977\" alt=\"\" srcset=\"https:\/\/www.ufsm.br\/app\/uploads\/sites\/377\/2021\/10\/WhatsApp-Image-2021-10-09-at-13.05.14.jpeg 860w, https:\/\/www.ufsm.br\/app\/uploads\/sites\/377\/2021\/10\/WhatsApp-Image-2021-10-09-at-13.05.14-300x182.jpeg 300w, https:\/\/www.ufsm.br\/app\/uploads\/sites\/377\/2021\/10\/WhatsApp-Image-2021-10-09-at-13.05.14-768x465.jpeg 768w\" sizes=\"(max-width: 860px) 100vw, 860px\" \/>\t\t\t\t\t\t\t\t\t\t\t\t\t<\/div>\n\t\t\t\t<\/div>\n\t\t\t\t\t<\/div>\n\t\t<\/div>\n\t\t\t\t<div class=\"elementor-column elementor-col-50 elementor-top-column elementor-element elementor-element-d274c16\" data-id=\"d274c16\" data-element_type=\"column\">\n\t\t\t<div class=\"elementor-widget-wrap elementor-element-populated\">\n\t\t\t\t\t\t<div class=\"elementor-element elementor-element-e3593b9 elementor-widget elementor-widget-text-editor\" data-id=\"e3593b9\" data-element_type=\"widget\" data-widget_type=\"text-editor.default\">\n\t\t\t\t<div class=\"elementor-widget-container\">\n\t\t\t\t\t\t\t<!-- wp:tadv\/classic-paragraph -->\n<p><span style=\"font-weight: 400\">\u00a0Na sexta-feira (08\/10\/2021), foi realizada mais uma formatura por videoconfer\u00eancia da Universidade Federal de Santa Maria <\/span><i><span style=\"font-weight: 400\">Campus<\/span><\/i><span style=\"font-weight: 400\"> Frederico Westphalen. A cola\u00e7\u00e3o de grau aconteceu por webconfer\u00eancia, seguindo as orienta\u00e7\u00f5es da Instru\u00e7\u00e3o Normativa 05\/2020 da Pr\u00f3-Reitoria de Gradua\u00e7\u00e3o da UFSM, <\/span><span style=\"font-weight: 400\">que regula a realiza\u00e7\u00e3o de formaturas durante a pandemia.\u00a0 Colaram <\/span><span style=\"font-weight: 400\">o grau, em cerim\u00f4nia que foi transmitida ao vivo no canal do YouTube da UFSM\/FW, trinta e tr\u00eas novos profissionais formados pela UFSM\/FW, de cinco cursos: Agronomia, Engenharia Ambiental e Sanit\u00e1ria, Engenharia Florestal, Jornalismo e Rela\u00e7\u00f5es P\u00fablicas.<\/span><\/p>\n<p><br \/><span style=\"font-weight: 400\">A Universidade Federal de Santa Maria <\/span><i><span style=\"font-weight: 400\">Campus<\/span><\/i><span style=\"font-weight: 400\"> Frederico Westphalen felicita os novos profissionais por esta conquista e deseja uma carreira de sucesso a todos e todas! <\/span><\/p>\n<!-- \/wp:tadv\/classic-paragraph -->\t\t\t\t\t\t<\/div>\n\t\t\t\t<\/div>\n\t\t\t\t\t<\/div>\n\t\t<\/div>\n\t\t\t\t\t<\/div>\n\t\t<\/section>\n\t\t\t\t<\/div>\n\t\t","protected":false},"excerpt":{"rendered":"<p>\u00a0Na sexta-feira (08\/10\/2021), foi realizada mais uma formatura por videoconfer\u00eancia da Universidade Federal de Santa Maria Campus Frederico Westphalen. A cola\u00e7\u00e3o de grau aconteceu por webconfer\u00eancia, seguindo as orienta\u00e7\u00f5es da Instru\u00e7\u00e3o Normativa 05\/2020 da Pr\u00f3-Reitoria de Gradua\u00e7\u00e3o da UFSM, que regula a realiza\u00e7\u00e3o de formaturas durante a pandemia.\u00a0 Colaram o grau, em cerim\u00f4nia que foi [&hellip;]<\/p>\n","protected":false},"author":4532,"featured_media":0,"comment_status":"closed","ping_status":"closed","sticky":false,"template":"","format":"standard","meta":{"footnotes":""},"categories":[1],"tags":[],"class_list":["post-7975","post","type-post","status-publish","format-standard","hentry","category-noticias"],"acf":[],"_links":{"self":[{"href":"https:\/\/www.ufsm.br\/unidades-universitarias\/frederico-westphalen\/wp-json\/wp\/v2\/posts\/7975","targetHints":{"allow":["GET"]}}],"collection":[{"href":"https:\/\/www.ufsm.br\/unidades-universitarias\/frederico-westphalen\/wp-json\/wp\/v2\/posts"}],"about":[{"href":"https:\/\/www.ufsm.br\/unidades-universitarias\/frederico-westphalen\/wp-json\/wp\/v2\/types\/post"}],"author":[{"embeddable":true,"href":"https:\/\/www.ufsm.br\/unidades-universitarias\/frederico-westphalen\/wp-json\/wp\/v2\/users\/4532"}],"replies":[{"embeddable":true,"href":"https:\/\/www.ufsm.br\/unidades-universitarias\/frederico-westphalen\/wp-json\/wp\/v2\/comments?post=7975"}],"version-history":[{"count":0,"href":"https:\/\/www.ufsm.br\/unidades-universitarias\/frederico-westphalen\/wp-json\/wp\/v2\/posts\/7975\/revisions"}],"wp:attachment":[{"href":"https:\/\/www.ufsm.br\/unidades-universitarias\/frederico-westphalen\/wp-json\/wp\/v2\/media?parent=7975"}],"wp:term":[{"taxonomy":"category","embeddable":true,"href":"https:\/\/www.ufsm.br\/unidades-universitarias\/frederico-westphalen\/wp-json\/wp\/v2\/categories?post=7975"},{"taxonomy":"post_tag","embeddable":true,"href":"https:\/\/www.ufsm.br\/unidades-universitarias\/frederico-westphalen\/wp-json\/wp\/v2\/tags?post=7975"}],"curies":[{"name":"wp","href":"https:\/\/api.w.org\/{rel}","templated":true}]}}