{"id":8116,"date":"2021-12-03T08:51:46","date_gmt":"2021-12-03T11:51:46","guid":{"rendered":"https:\/\/www.ufsm.br\/unidades-universitarias\/frederico-westphalen\/?p=8116"},"modified":"2021-12-03T08:51:48","modified_gmt":"2021-12-03T11:51:48","slug":"desinsetizacao-desratizacao-e-retirada-de-vespas-nas-dependencias-do-campus-em-frederico-westphalen","status":"publish","type":"post","link":"https:\/\/www.ufsm.br\/unidades-universitarias\/frederico-westphalen\/2021\/12\/03\/desinsetizacao-desratizacao-e-retirada-de-vespas-nas-dependencias-do-campus-em-frederico-westphalen","title":{"rendered":"Desinsetiza\u00e7\u00e3o, desratiza\u00e7\u00e3o e retirada de vespas nas depend\u00eancias do Campus em Frederico Westphalen"},"content":{"rendered":"\n<p>Informamos que, hoje, 03 de dezembro de 2021, a Empresa Dedeset est\u00e1 realizando os servi\u00e7os de desinsetiza\u00e7\u00e3o, desratiza\u00e7\u00e3o e retirada de vespas nas depend\u00eancias do Campus em Frederico Westphalen. Solicitamos que, para evitar riscos \u00e0 sa\u00fade, a comunidade acad\u00eamica n\u00e3o venha ao Campus.<\/p>\n","protected":false},"excerpt":{"rendered":"<p>Informamos que, hoje, 03 de dezembro de 2021, a Empresa Dedeset est\u00e1 realizando os servi\u00e7os de desinsetiza\u00e7\u00e3o, desratiza\u00e7\u00e3o e retirada de vespas nas depend\u00eancias do Campus em Frederico Westphalen. Solicitamos que, para evitar riscos \u00e0 sa\u00fade, a comunidade acad\u00eamica n\u00e3o venha ao Campus.<\/p>\n","protected":false},"author":4532,"featured_media":0,"comment_status":"closed","ping_status":"closed","sticky":false,"template":"","format":"standard","meta":{"footnotes":""},"categories":[1],"tags":[],"class_list":["post-8116","post","type-post","status-publish","format-standard","hentry","category-noticias"],"acf":[],"_links":{"self":[{"href":"https:\/\/www.ufsm.br\/unidades-universitarias\/frederico-westphalen\/wp-json\/wp\/v2\/posts\/8116","targetHints":{"allow":["GET"]}}],"collection":[{"href":"https:\/\/www.ufsm.br\/unidades-universitarias\/frederico-westphalen\/wp-json\/wp\/v2\/posts"}],"about":[{"href":"https:\/\/www.ufsm.br\/unidades-universitarias\/frederico-westphalen\/wp-json\/wp\/v2\/types\/post"}],"author":[{"embeddable":true,"href":"https:\/\/www.ufsm.br\/unidades-universitarias\/frederico-westphalen\/wp-json\/wp\/v2\/users\/4532"}],"replies":[{"embeddable":true,"href":"https:\/\/www.ufsm.br\/unidades-universitarias\/frederico-westphalen\/wp-json\/wp\/v2\/comments?post=8116"}],"version-history":[{"count":0,"href":"https:\/\/www.ufsm.br\/unidades-universitarias\/frederico-westphalen\/wp-json\/wp\/v2\/posts\/8116\/revisions"}],"wp:attachment":[{"href":"https:\/\/www.ufsm.br\/unidades-universitarias\/frederico-westphalen\/wp-json\/wp\/v2\/media?parent=8116"}],"wp:term":[{"taxonomy":"category","embeddable":true,"href":"https:\/\/www.ufsm.br\/unidades-universitarias\/frederico-westphalen\/wp-json\/wp\/v2\/categories?post=8116"},{"taxonomy":"post_tag","embeddable":true,"href":"https:\/\/www.ufsm.br\/unidades-universitarias\/frederico-westphalen\/wp-json\/wp\/v2\/tags?post=8116"}],"curies":[{"name":"wp","href":"https:\/\/api.w.org\/{rel}","templated":true}]}}