{"id":9598,"date":"2022-12-15T09:37:00","date_gmt":"2022-12-15T12:37:00","guid":{"rendered":"https:\/\/www.ufsm.br\/unidades-universitarias\/frederico-westphalen\/?p=9598"},"modified":"2022-12-15T09:44:35","modified_gmt":"2022-12-15T12:44:35","slug":"ufsm-fw-premia-vencedores-do-concurso-fotografico-2023-seu-olhar-na-nossa-historia","status":"publish","type":"post","link":"https:\/\/www.ufsm.br\/unidades-universitarias\/frederico-westphalen\/2022\/12\/15\/ufsm-fw-premia-vencedores-do-concurso-fotografico-2023-seu-olhar-na-nossa-historia","title":{"rendered":"UFSM\/FW premia vencedores do Concurso Fotogr\u00e1fico 2023: Seu Olhar na Nossa Hist\u00f3ria"},"content":{"rendered":"\t\t<div data-elementor-type=\"wp-post\" data-elementor-id=\"9598\" class=\"elementor elementor-9598\">\n\t\t\t\t\t\t<section class=\"elementor-section elementor-top-section elementor-element elementor-element-58489150 elementor-section-boxed elementor-section-height-default elementor-section-height-default\" data-id=\"58489150\" data-element_type=\"section\">\n\t\t\t\t\t\t<div class=\"elementor-container elementor-column-gap-default\">\n\t\t\t\t\t<div class=\"elementor-column elementor-col-100 elementor-top-column elementor-element elementor-element-221a34aa\" data-id=\"221a34aa\" data-element_type=\"column\">\n\t\t\t<div class=\"elementor-widget-wrap elementor-element-populated\">\n\t\t\t\t\t\t<div class=\"elementor-element elementor-element-ebad680 elementor-widget elementor-widget-text-editor\" data-id=\"ebad680\" data-element_type=\"widget\" data-widget_type=\"text-editor.default\">\n\t\t\t\t<div class=\"elementor-widget-container\">\n\t\t\t\t\t\t\t<!-- wp:tadv\/classic-paragraph \/-->\t\t\t\t\t\t<\/div>\n\t\t\t\t<\/div>\n\t\t\t\t\t<\/div>\n\t\t<\/div>\n\t\t\t\t\t<\/div>\n\t\t<\/section>\n\t\t\t\t<section class=\"elementor-section elementor-top-section elementor-element elementor-element-8cff9d9 elementor-section-boxed elementor-section-height-default elementor-section-height-default\" data-id=\"8cff9d9\" data-element_type=\"section\">\n\t\t\t\t\t\t<div class=\"elementor-container elementor-column-gap-default\">\n\t\t\t\t\t<div class=\"elementor-column elementor-col-100 elementor-top-column elementor-element elementor-element-2e7ad61\" data-id=\"2e7ad61\" data-element_type=\"column\">\n\t\t\t<div class=\"elementor-widget-wrap elementor-element-populated\">\n\t\t\t\t\t\t<div class=\"elementor-element elementor-element-eae3a51 elementor-widget elementor-widget-text-editor\" data-id=\"eae3a51\" data-element_type=\"widget\" data-widget_type=\"text-editor.default\">\n\t\t\t\t<div class=\"elementor-widget-container\">\n\t\t\t\t\t\t\t<p>Na noite do dia 14 de dezembro, a UFSM\/FW, em parceria com a Prefeitura de Frederico Westphalen e a empresa Conceito A, realizou a premia\u00e7\u00e3o do \u201cConcurso Fotogr\u00e1fico 2023: Seu Olhar na Nossa Hist\u00f3ria\u201d.<\/p>\n<p>O evento aconteceu em frente a Catedral Santo Ant\u00f4nio e contou com a presen\u00e7a do Prefeito Municipal de FW, Jos\u00e9 Alberto Panosso; o Vice Prefeito, Jo\u00e3o Francisco Vendrusculo; a Vice-Diretora do campus da UFSM\/FW, Eliane Pereira dos Santos e o Presidente da C\u00e2mara de Vereadores de Frederico Westphalen, Leandro Mazutti, dentre outras entidades municipais e professores da Universidade.<\/p>\n<p>O Concurso \u00e9 uma a\u00e7\u00e3o da UFSM, com apoio financeiro do edital COREDEs (Conselhos Regionais de Desenvolvimento), e teve o intuito de selecionar doze fotografias para compor o Calend\u00e1rio da UFSM-Frederico Westphalen. Com a tem\u00e1tica focada no turismo frederiquense, a iniciativa busca, no talento de fot\u00f3grafos amadores e amantes da arte, mostrar as belezas existentes em nosso munic\u00edpio, sejam elas naturais ou arquitet\u00f4nicas.<\/p>\n<p>Ao todo foram selecionadas 20 fotografias por profissionais da \u00e1rea que atendiam o regulamento do concurso, para que assim, fossem lan\u00e7adas para vota\u00e7\u00e3o popular. As 12 melhores fotografias receberam diversos pr\u00eamios de colaboradores entregues na noite de hoje, al\u00e9m de certificados e o calend\u00e1rio 2023 para se dar in\u00edcio a distribui\u00e7\u00e3o, j\u00e1 com suas fotografias estampadas nos meses do calend\u00e1rio.<\/p>\n<p>Abaixo voc\u00ea confere a lista dos selecionados, juntamente com o pr\u00eamio recebido pelo fot\u00f3grafo amador:<\/p>\n<ul>\n<li>Felipe Sartor \u2013 R$700,00 da Prefeitura de FW e R$200,00 da Conceito A<\/li>\n<li>Marisane Teresinha Ulbrik \u2013 R$300,00 da Conceito A e R$150,00 da Prefeitura de FW<\/li>\n<li>Mois\u00e9s Alberto Pellegrin \u2013 R$200,00 da Prefeitura de FW e um voo de Paratrike panor\u00e2mico na Topa Beer Cervejaria e Vinhos Ferigollo<\/li>\n<li>Andr\u00e9 Burckas Ribeiro de Avellar Pires Guerra \u2013 R$150,00 da Prefeitura de FW e R$100,00 de vale-compras no Atacarejo Rosa Sul<\/li>\n<li>Mathias Paulus Link \u2013 R$ 100,00 da Prefeitura de FW e R$200,00 em compras na Impactus Underwear<\/li>\n<li>Felipe Sartor \u2013 Uma entrada com acompanhante para degustar uma t\u00e1bua de frios na Camargo Uvas e Vinhos<\/li>\n<li>Jo\u00e3o Carlos da Silva Neto \u2013 Uma di\u00e1ria para casal com caf\u00e9 da manh\u00e3 na Pousada Vale de Luz<\/li>\n<li>Luciano da Silva Fran\u00e7a \u2013 Um jantar com acompanhante no Complexo 34<\/li>\n<li>Mathias Paulus Link \u2013 Kit de livros da Vitrola<\/li>\n<li>Lucas Frizon \u2013 Um jantar com acompanhante no Sanpa Restaurante<\/li>\n<li>Eliara Brug Kovalcikosk \u2013 Um caf\u00e9 da manh\u00e3 com acompanhante no Hotel Cantelle<\/li>\n<li>Erick dos Santos Silva \u2013 Kit da UFSM<\/li>\n<\/ul>\t\t\t\t\t\t<\/div>\n\t\t\t\t<\/div>\n\t\t\t\t\t<\/div>\n\t\t<\/div>\n\t\t\t\t\t<\/div>\n\t\t<\/section>\n\t\t\t\t<section class=\"elementor-section elementor-top-section elementor-element elementor-element-b165e87 elementor-section-boxed elementor-section-height-default elementor-section-height-default\" data-id=\"b165e87\" data-element_type=\"section\">\n\t\t\t\t\t\t<div class=\"elementor-container elementor-column-gap-default\">\n\t\t\t\t\t<div class=\"elementor-column elementor-col-100 elementor-top-column elementor-element elementor-element-282d29e\" data-id=\"282d29e\" data-element_type=\"column\">\n\t\t\t<div class=\"elementor-widget-wrap elementor-element-populated\">\n\t\t\t\t\t\t<div class=\"elementor-element elementor-element-2d37c25 elementor-arrows-position-inside elementor-pagination-position-outside elementor-widget elementor-widget-image-carousel\" data-id=\"2d37c25\" data-element_type=\"widget\" data-settings=\"{&quot;navigation&quot;:&quot;both&quot;,&quot;autoplay&quot;:&quot;yes&quot;,&quot;pause_on_hover&quot;:&quot;yes&quot;,&quot;pause_on_interaction&quot;:&quot;yes&quot;,&quot;autoplay_speed&quot;:5000,&quot;infinite&quot;:&quot;yes&quot;,&quot;speed&quot;:500}\" data-widget_type=\"image-carousel.default\">\n\t\t\t\t<div class=\"elementor-widget-container\">\n\t\t\t\t\t<div class=\"elementor-image-carousel-wrapper swiper\" dir=\"ltr\">\n\t\t\t<div class=\"elementor-image-carousel swiper-wrapper\" aria-live=\"off\">\n\t\t\t\t\t\t\t\t<div class=\"swiper-slide\" role=\"group\" aria-roledescription=\"slide\" aria-label=\"1 of 23\"><figure class=\"swiper-slide-inner\"><img decoding=\"async\" class=\"swiper-slide-image\" src=\"https:\/\/www.ufsm.br\/app\/uploads\/sites\/377\/2022\/12\/Resultados-Concurso-Fotografico-3-768x512.jpg\" alt=\"Resultados Concurso Fotogr\u00e1fico (3)\" \/><\/figure><\/div><div class=\"swiper-slide\" role=\"group\" aria-roledescription=\"slide\" aria-label=\"2 of 23\"><figure class=\"swiper-slide-inner\"><img decoding=\"async\" class=\"swiper-slide-image\" src=\"https:\/\/www.ufsm.br\/app\/uploads\/sites\/377\/2022\/12\/Resultados-Concurso-Fotografico-22-768x512.jpg\" alt=\"Resultados Concurso Fotogr\u00e1fico (22)\" \/><\/figure><\/div><div class=\"swiper-slide\" role=\"group\" aria-roledescription=\"slide\" aria-label=\"3 of 23\"><figure class=\"swiper-slide-inner\"><img decoding=\"async\" class=\"swiper-slide-image\" src=\"https:\/\/www.ufsm.br\/app\/uploads\/sites\/377\/2022\/12\/Resultados-Concurso-Fotografico-5-768x512.jpg\" alt=\"Resultados Concurso Fotogr\u00e1fico (5)\" \/><\/figure><\/div><div class=\"swiper-slide\" role=\"group\" aria-roledescription=\"slide\" aria-label=\"4 of 23\"><figure class=\"swiper-slide-inner\"><img decoding=\"async\" class=\"swiper-slide-image\" src=\"https:\/\/www.ufsm.br\/app\/uploads\/sites\/377\/2022\/12\/Resultados-Concurso-Fotografico-23-768x512.jpg\" alt=\"Resultados Concurso Fotogr\u00e1fico (23)\" \/><\/figure><\/div><div class=\"swiper-slide\" role=\"group\" aria-roledescription=\"slide\" aria-label=\"5 of 23\"><figure class=\"swiper-slide-inner\"><img decoding=\"async\" class=\"swiper-slide-image\" src=\"https:\/\/www.ufsm.br\/app\/uploads\/sites\/377\/2022\/12\/Resultados-Concurso-Fotografico-1-768x512.jpg\" alt=\"Resultados Concurso Fotogr\u00e1fico (1)\" \/><\/figure><\/div><div class=\"swiper-slide\" role=\"group\" aria-roledescription=\"slide\" aria-label=\"6 of 23\"><figure class=\"swiper-slide-inner\"><img decoding=\"async\" class=\"swiper-slide-image\" src=\"https:\/\/www.ufsm.br\/app\/uploads\/sites\/377\/2022\/12\/Resultados-Concurso-Fotografico-2-768x512.jpg\" alt=\"Resultados Concurso Fotogr\u00e1fico (2)\" \/><\/figure><\/div><div class=\"swiper-slide\" role=\"group\" aria-roledescription=\"slide\" aria-label=\"7 of 23\"><figure class=\"swiper-slide-inner\"><img decoding=\"async\" class=\"swiper-slide-image\" src=\"https:\/\/www.ufsm.br\/app\/uploads\/sites\/377\/2022\/12\/Resultados-Concurso-Fotografico-4-768x512.jpg\" alt=\"Resultados Concurso Fotogr\u00e1fico (4)\" \/><\/figure><\/div><div class=\"swiper-slide\" role=\"group\" aria-roledescription=\"slide\" aria-label=\"8 of 23\"><figure class=\"swiper-slide-inner\"><img decoding=\"async\" class=\"swiper-slide-image\" src=\"https:\/\/www.ufsm.br\/app\/uploads\/sites\/377\/2022\/12\/Resultados-Concurso-Fotografico-6-768x512.jpg\" alt=\"Resultados Concurso Fotogr\u00e1fico (6)\" \/><\/figure><\/div><div class=\"swiper-slide\" role=\"group\" aria-roledescription=\"slide\" aria-label=\"9 of 23\"><figure class=\"swiper-slide-inner\"><img decoding=\"async\" class=\"swiper-slide-image\" src=\"https:\/\/www.ufsm.br\/app\/uploads\/sites\/377\/2022\/12\/Resultados-Concurso-Fotografico-7-768x512.jpg\" alt=\"Resultados Concurso Fotogr\u00e1fico (7)\" \/><\/figure><\/div><div class=\"swiper-slide\" role=\"group\" aria-roledescription=\"slide\" aria-label=\"10 of 23\"><figure class=\"swiper-slide-inner\"><img decoding=\"async\" class=\"swiper-slide-image\" src=\"https:\/\/www.ufsm.br\/app\/uploads\/sites\/377\/2022\/12\/Resultados-Concurso-Fotografico-8-768x512.jpg\" alt=\"Resultados Concurso Fotogr\u00e1fico (8)\" \/><\/figure><\/div><div class=\"swiper-slide\" role=\"group\" aria-roledescription=\"slide\" aria-label=\"11 of 23\"><figure class=\"swiper-slide-inner\"><img decoding=\"async\" class=\"swiper-slide-image\" src=\"https:\/\/www.ufsm.br\/app\/uploads\/sites\/377\/2022\/12\/Resultados-Concurso-Fotografico-9-768x512.jpg\" alt=\"Resultados Concurso Fotogr\u00e1fico (9)\" \/><\/figure><\/div><div class=\"swiper-slide\" role=\"group\" aria-roledescription=\"slide\" aria-label=\"12 of 23\"><figure class=\"swiper-slide-inner\"><img decoding=\"async\" class=\"swiper-slide-image\" src=\"https:\/\/www.ufsm.br\/app\/uploads\/sites\/377\/2022\/12\/Resultados-Concurso-Fotografico-10-768x512.jpg\" alt=\"Resultados Concurso Fotogr\u00e1fico (10)\" \/><\/figure><\/div><div class=\"swiper-slide\" role=\"group\" aria-roledescription=\"slide\" aria-label=\"13 of 23\"><figure class=\"swiper-slide-inner\"><img decoding=\"async\" class=\"swiper-slide-image\" src=\"https:\/\/www.ufsm.br\/app\/uploads\/sites\/377\/2022\/12\/Resultados-Concurso-Fotografico-11-768x512.jpg\" alt=\"Resultados Concurso Fotogr\u00e1fico (11)\" \/><\/figure><\/div><div class=\"swiper-slide\" role=\"group\" aria-roledescription=\"slide\" aria-label=\"14 of 23\"><figure class=\"swiper-slide-inner\"><img decoding=\"async\" class=\"swiper-slide-image\" src=\"https:\/\/www.ufsm.br\/app\/uploads\/sites\/377\/2022\/12\/Resultados-Concurso-Fotografico-12-768x512.jpg\" alt=\"Resultados Concurso Fotogr\u00e1fico (12)\" \/><\/figure><\/div><div class=\"swiper-slide\" role=\"group\" aria-roledescription=\"slide\" aria-label=\"15 of 23\"><figure class=\"swiper-slide-inner\"><img decoding=\"async\" class=\"swiper-slide-image\" src=\"https:\/\/www.ufsm.br\/app\/uploads\/sites\/377\/2022\/12\/Resultados-Concurso-Fotografico-13-768x512.jpg\" alt=\"Resultados Concurso Fotogr\u00e1fico (13)\" \/><\/figure><\/div><div class=\"swiper-slide\" role=\"group\" aria-roledescription=\"slide\" aria-label=\"16 of 23\"><figure class=\"swiper-slide-inner\"><img decoding=\"async\" class=\"swiper-slide-image\" src=\"https:\/\/www.ufsm.br\/app\/uploads\/sites\/377\/2022\/12\/Resultados-Concurso-Fotografico-14-768x512.jpg\" alt=\"Resultados Concurso Fotogr\u00e1fico (14)\" \/><\/figure><\/div><div class=\"swiper-slide\" role=\"group\" aria-roledescription=\"slide\" aria-label=\"17 of 23\"><figure class=\"swiper-slide-inner\"><img decoding=\"async\" class=\"swiper-slide-image\" src=\"https:\/\/www.ufsm.br\/app\/uploads\/sites\/377\/2022\/12\/Resultados-Concurso-Fotografico-15-768x512.jpg\" alt=\"Resultados Concurso Fotogr\u00e1fico (15)\" \/><\/figure><\/div><div class=\"swiper-slide\" role=\"group\" aria-roledescription=\"slide\" aria-label=\"18 of 23\"><figure class=\"swiper-slide-inner\"><img decoding=\"async\" class=\"swiper-slide-image\" src=\"https:\/\/www.ufsm.br\/app\/uploads\/sites\/377\/2022\/12\/Resultados-Concurso-Fotografico-16-768x512.jpg\" alt=\"Resultados Concurso Fotogr\u00e1fico (16)\" \/><\/figure><\/div><div class=\"swiper-slide\" role=\"group\" aria-roledescription=\"slide\" aria-label=\"19 of 23\"><figure class=\"swiper-slide-inner\"><img decoding=\"async\" class=\"swiper-slide-image\" src=\"https:\/\/www.ufsm.br\/app\/uploads\/sites\/377\/2022\/12\/Resultados-Concurso-Fotografico-17-768x512.jpg\" alt=\"Resultados Concurso Fotogr\u00e1fico (17)\" \/><\/figure><\/div><div class=\"swiper-slide\" role=\"group\" aria-roledescription=\"slide\" aria-label=\"20 of 23\"><figure class=\"swiper-slide-inner\"><img decoding=\"async\" class=\"swiper-slide-image\" src=\"https:\/\/www.ufsm.br\/app\/uploads\/sites\/377\/2022\/12\/Resultados-Concurso-Fotografico-18-768x512.jpg\" alt=\"Resultados Concurso Fotogr\u00e1fico (18)\" \/><\/figure><\/div><div class=\"swiper-slide\" role=\"group\" aria-roledescription=\"slide\" aria-label=\"21 of 23\"><figure class=\"swiper-slide-inner\"><img decoding=\"async\" class=\"swiper-slide-image\" src=\"https:\/\/www.ufsm.br\/app\/uploads\/sites\/377\/2022\/12\/Resultados-Concurso-Fotografico-19-768x512.jpg\" alt=\"Resultados Concurso Fotogr\u00e1fico (19)\" \/><\/figure><\/div><div class=\"swiper-slide\" role=\"group\" aria-roledescription=\"slide\" aria-label=\"22 of 23\"><figure class=\"swiper-slide-inner\"><img decoding=\"async\" class=\"swiper-slide-image\" src=\"https:\/\/www.ufsm.br\/app\/uploads\/sites\/377\/2022\/12\/Resultados-Concurso-Fotografico-20-768x512.jpg\" alt=\"Resultados Concurso Fotogr\u00e1fico (20)\" \/><\/figure><\/div><div class=\"swiper-slide\" role=\"group\" aria-roledescription=\"slide\" aria-label=\"23 of 23\"><figure class=\"swiper-slide-inner\"><img decoding=\"async\" class=\"swiper-slide-image\" src=\"https:\/\/www.ufsm.br\/app\/uploads\/sites\/377\/2022\/12\/Resultados-Concurso-Fotografico-21-768x512.jpg\" alt=\"Resultados Concurso Fotogr\u00e1fico (21)\" \/><\/figure><\/div>\t\t\t<\/div>\n\t\t\t\t\t\t\t\t\t\t\t\t<div class=\"elementor-swiper-button elementor-swiper-button-prev\" role=\"button\" tabindex=\"0\">\n\t\t\t\t\t\t<i aria-hidden=\"true\" class=\"eicon-chevron-left\"><\/i>\t\t\t\t\t<\/div>\n\t\t\t\t\t<div class=\"elementor-swiper-button elementor-swiper-button-next\" role=\"button\" tabindex=\"0\">\n\t\t\t\t\t\t<i aria-hidden=\"true\" class=\"eicon-chevron-right\"><\/i>\t\t\t\t\t<\/div>\n\t\t\t\t\n\t\t\t\t\t\t\t\t\t<div class=\"swiper-pagination\"><\/div>\n\t\t\t\t\t\t\t\t\t<\/div>\n\t\t\t\t<\/div>\n\t\t\t\t<\/div>\n\t\t\t\t\t<\/div>\n\t\t<\/div>\n\t\t\t\t\t<\/div>\n\t\t<\/section>\n\t\t\t\t<\/div>\n\t\t","protected":false},"excerpt":{"rendered":"<p>Na noite do dia 14 de dezembro, a UFSM\/FW, em parceria com a Prefeitura de Frederico Westphalen e a empresa Conceito A, realizou a premia\u00e7\u00e3o do \u201cConcurso Fotogr\u00e1fico 2023: Seu Olhar na Nossa Hist\u00f3ria\u201d. O evento aconteceu em frente a Catedral Santo Ant\u00f4nio e contou com a presen\u00e7a do Prefeito Municipal de FW, Jos\u00e9 Alberto [&hellip;]<\/p>\n","protected":false},"author":6275,"featured_media":0,"comment_status":"closed","ping_status":"closed","sticky":false,"template":"","format":"standard","meta":{"footnotes":""},"categories":[1],"tags":[],"class_list":["post-9598","post","type-post","status-publish","format-standard","hentry","category-noticias"],"acf":[],"_links":{"self":[{"href":"https:\/\/www.ufsm.br\/unidades-universitarias\/frederico-westphalen\/wp-json\/wp\/v2\/posts\/9598","targetHints":{"allow":["GET"]}}],"collection":[{"href":"https:\/\/www.ufsm.br\/unidades-universitarias\/frederico-westphalen\/wp-json\/wp\/v2\/posts"}],"about":[{"href":"https:\/\/www.ufsm.br\/unidades-universitarias\/frederico-westphalen\/wp-json\/wp\/v2\/types\/post"}],"author":[{"embeddable":true,"href":"https:\/\/www.ufsm.br\/unidades-universitarias\/frederico-westphalen\/wp-json\/wp\/v2\/users\/6275"}],"replies":[{"embeddable":true,"href":"https:\/\/www.ufsm.br\/unidades-universitarias\/frederico-westphalen\/wp-json\/wp\/v2\/comments?post=9598"}],"version-history":[{"count":0,"href":"https:\/\/www.ufsm.br\/unidades-universitarias\/frederico-westphalen\/wp-json\/wp\/v2\/posts\/9598\/revisions"}],"wp:attachment":[{"href":"https:\/\/www.ufsm.br\/unidades-universitarias\/frederico-westphalen\/wp-json\/wp\/v2\/media?parent=9598"}],"wp:term":[{"taxonomy":"category","embeddable":true,"href":"https:\/\/www.ufsm.br\/unidades-universitarias\/frederico-westphalen\/wp-json\/wp\/v2\/categories?post=9598"},{"taxonomy":"post_tag","embeddable":true,"href":"https:\/\/www.ufsm.br\/unidades-universitarias\/frederico-westphalen\/wp-json\/wp\/v2\/tags?post=9598"}],"curies":[{"name":"wp","href":"https:\/\/api.w.org\/{rel}","templated":true}]}}