{"id":10462,"date":"2026-08-31T10:44:19","date_gmt":"2026-08-31T13:44:19","guid":{"rendered":"https:\/\/www.ufsm.br\/unidades-universitarias\/palmeira-das-missoes\/?p=10462"},"modified":"2026-08-31T10:45:53","modified_gmt":"2026-08-31T13:45:53","slug":"viva-o-campus-celebra-os-20-anos-da-ufsm-pm-com-uma-tarde-de-integracao-e-atividades-para-a-comunidade","status":"publish","type":"post","link":"https:\/\/www.ufsm.br\/unidades-universitarias\/palmeira-das-missoes\/2026\/08\/31\/viva-o-campus-celebra-os-20-anos-da-ufsm-pm-com-uma-tarde-de-integracao-e-atividades-para-a-comunidade","title":{"rendered":"Viva o Campus celebra os 20 anos da UFSM-PM com uma tarde de integra\u00e7\u00e3o e atividades para a comunidade"},"content":{"rendered":"<div class=\"wp-block-image\">\n<figure class=\"aligncenter size-large\"><img fetchpriority=\"high\" decoding=\"async\" width=\"1024\" height=\"273\" src=\"https:\/\/www.ufsm.br\/app\/uploads\/sites\/378\/2026\/08\/viva-o-campus-banner-1024x273.jpg\" alt=\"\" class=\"wp-image-10463\" srcset=\"https:\/\/www.ufsm.br\/app\/uploads\/sites\/378\/2026\/08\/viva-o-campus-banner-1024x273.jpg 1024w, https:\/\/www.ufsm.br\/app\/uploads\/sites\/378\/2026\/08\/viva-o-campus-banner-300x80.jpg 300w, https:\/\/www.ufsm.br\/app\/uploads\/sites\/378\/2026\/08\/viva-o-campus-banner-768x205.jpg 768w, https:\/\/www.ufsm.br\/app\/uploads\/sites\/378\/2026\/08\/viva-o-campus-banner-1536x409.jpg 1536w, https:\/\/www.ufsm.br\/app\/uploads\/sites\/378\/2026\/08\/viva-o-campus-banner.jpg 1919w\" sizes=\"(max-width: 1024px) 100vw, 1024px\" \/><\/figure>\n<\/div>\n\n\n<p><em>Evento ser\u00e1 realizado no dia 12 de setembro, das 15h \u00e0s 19h, com programa\u00e7\u00e3o gratuita e aberta ao p\u00fablico<\/em><\/p>\n<p>\u00a0<\/p>\n<p><span style=\"font-weight: 400\">Uma tarde para ocupar os espa\u00e7os da universidade, encontrar pessoas, conhecer iniciativas e celebrar. \u00c9 com essa proposta que a Universidade Federal de Santa Maria \u2013 <em>Campus<\/em> Palmeira das Miss\u00f5es (UFSM-PM) realiza, no dia <\/span><b>12 de setembro de 2026<\/b><span style=\"font-weight: 400\">, mais uma edi\u00e7\u00e3o do <\/span><b>Viva o Campus<\/b><span style=\"font-weight: 400\">. Neste ano, o encontro integra a programa\u00e7\u00e3o comemorativa dos <\/span><b>20 anos da UFSM-PM<\/b><span style=\"font-weight: 400\">.<\/span><\/p>\n<p><span style=\"font-weight: 400\">Com entrada gratuita, o evento ser\u00e1 realizado das <\/span><b>15h \u00e0s 19h<\/b><span style=\"font-weight: 400\">, nas depend\u00eancias do <\/span><i><span style=\"font-weight: 400\">campus<\/span><\/i><span style=\"font-weight: 400\">, reunindo diferentes atividades voltadas \u00e0 conviv\u00eancia e \u00e0 participa\u00e7\u00e3o da comunidade. A programa\u00e7\u00e3o foi pensada para p\u00fablicos de diferentes idades e interesses, combinando cultura, esporte, lazer e educa\u00e7\u00e3o.<\/span><\/p>\n<p><span style=\"font-weight: 400\">Durante a tarde, o p\u00fablico poder\u00e1 acompanhar <\/span><b>apresenta\u00e7\u00f5es musicais<\/b><span style=\"font-weight: 400\">, participar de atividades diversas e conhecer a\u00e7\u00f5es desenvolvidas pela universidade e por institui\u00e7\u00f5es parceiras. O espa\u00e7o tamb\u00e9m contar\u00e1 com a presen\u00e7a de empreendedores e artes\u00e3os do munic\u00edpio e regi\u00e3o.<\/span><\/p>\n<p><span style=\"font-weight: 400\">Mais do que uma programa\u00e7\u00e3o de lazer, o Viva o Campus representa uma oportunidade para aproximar a popula\u00e7\u00e3o do cotidiano universit\u00e1rio e evidenciar as diferentes a\u00e7\u00f5es desenvolvidas dentro e fora da sala de aula. A iniciativa tamb\u00e9m valoriza talentos, projetos e empreendimentos da comunidade local e regional.<\/span><\/p>\n<p><span style=\"font-weight: 400\">A realiza\u00e7\u00e3o do evento, no ano em que a UFSM-PM completa duas d\u00e9cadas, refor\u00e7a a rela\u00e7\u00e3o constru\u00edda entre a universidade e a regi\u00e3o ao longo de sua hist\u00f3ria. Ao abrir novamente suas portas para a comunidade, o <\/span><i><span style=\"font-weight: 400\">campus<\/span><\/i><span style=\"font-weight: 400\"> convida a popula\u00e7\u00e3o a participar desse momento de celebra\u00e7\u00e3o, encontro e conviv\u00eancia.<\/span><\/p>\n<p>\u00a0<\/p>\n<p><em>Divis\u00e3o de Divulga\u00e7\u00e3o Institucional UFSM-PM<\/em><\/p>\n","protected":false},"excerpt":{"rendered":"<p>Evento ser\u00e1 realizado no dia 12 de setembro, das 15h \u00e0s 19h, com programa\u00e7\u00e3o gratuita e aberta ao p\u00fablico \u00a0 Uma tarde para ocupar os espa\u00e7os da universidade, encontrar pessoas, conhecer iniciativas e celebrar. \u00c9 com essa proposta que a Universidade Federal de Santa Maria \u2013 Campus Palmeira das Miss\u00f5es (UFSM-PM) realiza, no dia 12 [&hellip;]<\/p>\n","protected":false},"author":9627,"featured_media":10463,"comment_status":"closed","ping_status":"closed","sticky":false,"template":"","format":"standard","meta":{"footnotes":""},"categories":[12,1],"tags":[],"class_list":["post-10462","post","type-post","status-publish","format-standard","has-post-thumbnail","hentry","category-banner","category-noticias"],"acf":[],"_links":{"self":[{"href":"https:\/\/www.ufsm.br\/unidades-universitarias\/palmeira-das-missoes\/wp-json\/wp\/v2\/posts\/10462","targetHints":{"allow":["GET"]}}],"collection":[{"href":"https:\/\/www.ufsm.br\/unidades-universitarias\/palmeira-das-missoes\/wp-json\/wp\/v2\/posts"}],"about":[{"href":"https:\/\/www.ufsm.br\/unidades-universitarias\/palmeira-das-missoes\/wp-json\/wp\/v2\/types\/post"}],"author":[{"embeddable":true,"href":"https:\/\/www.ufsm.br\/unidades-universitarias\/palmeira-das-missoes\/wp-json\/wp\/v2\/users\/9627"}],"replies":[{"embeddable":true,"href":"https:\/\/www.ufsm.br\/unidades-universitarias\/palmeira-das-missoes\/wp-json\/wp\/v2\/comments?post=10462"}],"version-history":[{"count":0,"href":"https:\/\/www.ufsm.br\/unidades-universitarias\/palmeira-das-missoes\/wp-json\/wp\/v2\/posts\/10462\/revisions"}],"wp:featuredmedia":[{"embeddable":true,"href":"https:\/\/www.ufsm.br\/unidades-universitarias\/palmeira-das-missoes\/wp-json\/wp\/v2\/media\/10463"}],"wp:attachment":[{"href":"https:\/\/www.ufsm.br\/unidades-universitarias\/palmeira-das-missoes\/wp-json\/wp\/v2\/media?parent=10462"}],"wp:term":[{"taxonomy":"category","embeddable":true,"href":"https:\/\/www.ufsm.br\/unidades-universitarias\/palmeira-das-missoes\/wp-json\/wp\/v2\/categories?post=10462"},{"taxonomy":"post_tag","embeddable":true,"href":"https:\/\/www.ufsm.br\/unidades-universitarias\/palmeira-das-missoes\/wp-json\/wp\/v2\/tags?post=10462"}],"curies":[{"name":"wp","href":"https:\/\/api.w.org\/{rel}","templated":true}]}}