{"id":10473,"date":"2026-09-01T09:43:03","date_gmt":"2026-09-01T12:43:03","guid":{"rendered":"https:\/\/www.ufsm.br\/unidades-universitarias\/palmeira-das-missoes\/?p=10473"},"modified":"2026-09-01T10:16:17","modified_gmt":"2026-09-01T13:16:17","slug":"professor-da-ufsm-pm-e-reconhecido-com-premio-o-futuro-da-terra-por-sua-contribuicao-a-pesquisa-e-ao-agronegocio","status":"publish","type":"post","link":"https:\/\/www.ufsm.br\/unidades-universitarias\/palmeira-das-missoes\/2026\/09\/01\/professor-da-ufsm-pm-e-reconhecido-com-premio-o-futuro-da-terra-por-sua-contribuicao-a-pesquisa-e-ao-agronegocio","title":{"rendered":"Professor da UFSM-PM \u00e9 agraciado com Pr\u00eamio O Futuro da Terra por sua contribui\u00e7\u00e3o \u00e0 pesquisa e ao agroneg\u00f3cio\u00a0"},"content":{"rendered":"\n<p><em><span style=\"font-weight: 400\">Ricardo Zambarda Vaz recebeu a premia\u00e7\u00e3o durante a Expointer 2026, em cerim\u00f4nia realizada no audit\u00f3rio da Farsul, no Parque de Exposi\u00e7\u00f5es Assis Brasil, em Esteio.<\/span><\/em><\/p>\n\n\n\n<div class=\"wp-block-columns is-layout-flex wp-container-core-columns-is-layout-8f761849 wp-block-columns-is-layout-flex\">\n<div class=\"wp-block-column is-layout-flow wp-block-column-is-layout-flow\">\n<figure class=\"wp-block-image size-large is-resized\"><img fetchpriority=\"high\" decoding=\"async\" width=\"768\" height=\"1024\" src=\"https:\/\/www.ufsm.br\/app\/uploads\/sites\/378\/2026\/09\/WhatsApp-Image-2026-08-31-at-20.55.27-768x1024.jpeg\" alt=\"\" class=\"wp-image-10472\" style=\"aspect-ratio:0.7500040523236023;width:589px;height:auto\" srcset=\"https:\/\/www.ufsm.br\/app\/uploads\/sites\/378\/2026\/09\/WhatsApp-Image-2026-08-31-at-20.55.27-768x1024.jpeg 768w, https:\/\/www.ufsm.br\/app\/uploads\/sites\/378\/2026\/09\/WhatsApp-Image-2026-08-31-at-20.55.27-225x300.jpeg 225w, https:\/\/www.ufsm.br\/app\/uploads\/sites\/378\/2026\/09\/WhatsApp-Image-2026-08-31-at-20.55.27.jpeg 960w\" sizes=\"(max-width: 768px) 100vw, 768px\" \/><\/figure>\n<\/div>\n\n\n\n<div class=\"wp-block-column is-layout-flow wp-block-column-is-layout-flow\">\n<p><span style=\"font-weight: 400\">Na noite desta segunda-feira (31), o professor da Universidade Federal de Santa Maria &#8211; <\/span><i><span style=\"font-weight: 400\">Campus<\/span><\/i><span style=\"font-weight: 400\"> Palmeira das Miss\u00f5es (UFSM-PM), <\/span><b>Ricardo Zambarda Vaz<\/b><span style=\"font-weight: 400\">, foi agraciado com o <\/span><b>Pr\u00eamio O Futuro da Terra<\/b><span style=\"font-weight: 400\">, na categoria Cadeias de Produ\u00e7\u00e3o e Alternativas Agr\u00edcolas. A cerim\u00f4nia de premia\u00e7\u00e3o foi realizada durante a Expointer 2026, no audit\u00f3rio da Federa\u00e7\u00e3o da Agricultura do Estado (Farsul), no Parque de Exposi\u00e7\u00f5es Assis Brasil, em Esteio.&nbsp;<\/span><\/p>\n<p><span style=\"font-weight: 400\">Esta \u00e9 a 30\u00aa edi\u00e7\u00e3o do Pr\u00eamio, criado a partir de uma parceria entre o Jornal do Com\u00e9rcio e a Funda\u00e7\u00e3o de Amparo \u00e0 Pesquisa do Estado (Fapergs). O objetivo \u00e9 reconhecer iniciativas e trajet\u00f3rias que unem inova\u00e7\u00e3o tecnol\u00f3gica, desenvolvimento econ\u00f4mico e responsabilidade ambiental no setor prim\u00e1rio, buscando conciliar a escala produtiva com a preserva\u00e7\u00e3o dos recursos naturais.&nbsp;<\/span><\/p>\n<p><span style=\"font-weight: 400\">O evento reuniu autoridades, empreendedores e lideran\u00e7as rurais em uma noite de reconhecimento a trajet\u00f3rias fundamentais para o agroneg\u00f3cio no estado, destacando iniciativas que aproximam universidade, setor produtivo e sociedade. A premia\u00e7\u00e3o tamb\u00e9m refor\u00e7ou a import\u00e2ncia da pesquisa e da inova\u00e7\u00e3o para o desenvolvimento de uma produ\u00e7\u00e3o agropecu\u00e1ria mais eficiente, sustent\u00e1vel e conectada \u00e0s demandas do setor.&nbsp;<\/span><\/p>\n<\/div>\n<\/div>\n\n\n\n<p><span style=\"font-weight: 400\">Para o professor Ricardo, o reconhecimento representa uma mistura de surpresa, satisfa\u00e7\u00e3o e, principalmente, gratid\u00e3o. Para ele, embora o pr\u00eamio seja individual, a conquista \u00e9 resultado de um trabalho coletivo, que envolve grupos de pesquisa e colegas que contribu\u00edram ao longo de sua trajet\u00f3ria. \u201cDivido essa distin\u00e7\u00e3o com os grupos de pesquisa e colegas, ningu\u00e9m faz isso sozinho\u201d, afirma. Entre os aspectos que contribu\u00edram para a indica\u00e7\u00e3o ao Pr\u00eamio <\/span><i><span style=\"font-weight: 400\">O Futuro da Terra<\/span><\/i><span style=\"font-weight: 400\">, ele destaca uma carreira dedicada \u00e0 pesquisa, com foco no bem-estar animal, na produtividade e na efici\u00eancia dos sistemas de produ\u00e7\u00e3o. Segundo o professor, os estudos desenvolvidos buscam dar visibilidade cient\u00edfica a temas que antes eram considerados detalhes, al\u00e9m de propor metodologias simples e de baixo custo, aplic\u00e1veis a diferentes sistemas produtivos. \u201cN\u00e3o \u00e9 uma produ\u00e7\u00e3o \u00fanica que justifica essa indica\u00e7\u00e3o, mas uma trajet\u00f3ria que conectou ci\u00eancia e campo com um objetivo comum: fazer a cadeia produtiva ser mais eficiente, \u00e9tica e sustent\u00e1vel\u201d, ressalta.\u00a0<\/span><\/p>\n<p><span style=\"font-weight: 400\">Ainda sobre o trabalho em equipe, Ricardo destaca a import\u00e2ncia de construir refer\u00eancias e, tamb\u00e9m, de ser refer\u00eancia na trajet\u00f3ria de quem busca seguir o mesmo caminho. \u201cQue eu possa ser para algu\u00e9m o mesmo que os meus colegas da PROGEPEC e os meus orientadores foram, e ainda s\u00e3o, para mim\u201d, afirma.\u00a0<\/span><\/p>\n<p><span style=\"font-weight: 400\">Ao longo de suas tr\u00eas d\u00e9cadas de hist\u00f3ria, a premia\u00e7\u00e3o reconhece cientistas, empreendedores, institui\u00e7\u00f5es e startups que contribuem para o desenvolvimento do agroneg\u00f3cio, unindo modernidade, competitividade e sustentabilidade. Em um cen\u00e1rio de clima inst\u00e1vel e de um mercado cada vez mais exigente, a pesquisa assume papel fundamental para tornar a pecu\u00e1ria mais resiliente. Nesse contexto, o professor destaca a necessidade de antecipar impactos e oferecer alternativas diante das mudan\u00e7as clim\u00e1ticas, traduzir as exig\u00eancias do mercado em protocolos aplic\u00e1veis no campo e buscar efici\u00eancia como estrat\u00e9gia de adapta\u00e7\u00e3o. \u201cO nosso papel \u00e9 pegar o problema do produtor, transform\u00e1-lo em pergunta cient\u00edfica e devolver uma decis\u00e3o segura\u201d, afirma. Para ele, quando esse processo acontece, a pesquisa ultrapassa os limites da universidade e se transforma em uma ferramenta efetiva para o trabalho dos produtores.\u00a0<\/span><\/p>\n<p><span style=\"font-weight: 400\">Os vencedores foram escolhidos por um colegiado formado por integrantes do Comit\u00ea de Assessoramento Cient\u00edfico e Tecnol\u00f3gico da \u00c1rea de Ci\u00eancias Agr\u00e1rias da Fapergs, que avalia projetos e curr\u00edculos com base em m\u00e9rito cient\u00edfico e impacto social. Nesta edi\u00e7\u00e3o, foram 14 contemplados em seis categorias: Pr\u00eamio Especial; Cadeias de Produ\u00e7\u00e3o e Alternativas Agr\u00edcolas; Inova\u00e7\u00e3o e Tecnologia Rural; Preserva\u00e7\u00e3o Ambiental; Startup do Agroneg\u00f3cio; e Reconhecimento 30 anos do Pr\u00eamio.\u00a0<\/span><\/p>\n<p>\u00a0<\/p>\n<p><b>Confira a trajet\u00f3ria acad\u00eamica e profissional de Ricardo Zambarda Vaz<\/b><\/p>\n<p><span style=\"font-weight: 400\">A trajet\u00f3ria do professor na \u00e1rea de Zootecnia e produ\u00e7\u00e3o de ruminantes come\u00e7ou ainda na forma\u00e7\u00e3o t\u00e9cnica, entre 1984 e 1986, no Col\u00e9gio Agr\u00edcola General Vargas, em S\u00e3o Vicente do Sul, atualmente vinculado ao Instituto Federal Farroupilha (IFFar). Em 1990, ingressou no curso de Zootecnia da Universidade Federal de Santa Maria (UFSM), concluindo a gradua\u00e7\u00e3o em 1995. Na sequ\u00eancia, realizou est\u00e1gio de aperfei\u00e7oamento em bovinocultura de corte pelo CNPq, entre 1995 e 1996, e cursou mestrado na UFSM, conclu\u00eddo em 1998. Em 2004, ingressou no doutorado em Bovinocultura de Corte na Universidade Federal do Rio Grande do Sul (UFRGS), defendendo a tese em 2008. Durante sua forma\u00e7\u00e3o acad\u00eamica, foi bolsista de Inicia\u00e7\u00e3o Cient\u00edfica, Aperfei\u00e7oamento, Mestrado e Doutorado, com bolsas concedidas pelo CNPq.<\/span><\/p>\n<p><span style=\"font-weight: 400\">A experi\u00eancia profissional tamb\u00e9m teve in\u00edcio antes da carreira docente. Entre 1987 e 1989, atuou como professor municipal em Santiago e como t\u00e9cnico agr\u00edcola em propriedade rural. Em 1998, ap\u00f3s concluir o mestrado, foi um dos s\u00f3cios fundadores da PROGEPEC Consultores Associados Ltda., empresa na qual atuou at\u00e9 2012, prestando assist\u00eancia a produtores, empresas de financiamento e \u00e0 ind\u00fastria frigor\u00edfica. Em 2009, iniciou a carreira como docente na Universidade Regional Integrada do Alto Uruguai e das Miss\u00f5es (URI), Campus de Santiago, onde permaneceu at\u00e9 2012. Naquele ano, ingressou, por concurso p\u00fablico, na Universidade Federal de Pelotas (UFPel), onde atuou at\u00e9 2018, quando passou a integrar o quadro docente da UFSM \u2013 Campus Palmeira das Miss\u00f5es.<\/span><\/p>\n<p><span style=\"font-weight: 400\">Atualmente, \u00e9 professor Associado 4 do Departamento de Zootecnia e Ci\u00eancias Biol\u00f3gicas da UFSM e docente permanente dos Programas de P\u00f3s-Gradua\u00e7\u00e3o em Zootecnia, em Santa Maria, e em Agroneg\u00f3cios, em Palmeira das Miss\u00f5es. Ao longo da carreira, sua atua\u00e7\u00e3o tem se concentrado na gest\u00e3o, produ\u00e7\u00e3o e an\u00e1lise sist\u00eamica para a tomada de decis\u00e3o nas cadeias produtivas de ruminantes, al\u00e9m de temas relacionados \u00e0 gest\u00e3o da ind\u00fastria frigor\u00edfica, agroneg\u00f3cios e cadeias produtivas de carnes e pescado.<\/span><\/p>\n<p><span style=\"font-weight: 400\">Na pesquisa, o professor acumula <\/span>175 artigos publicados em peri\u00f3dicos, como autor principal ou coautor, al\u00e9m de 23 cap\u00edtulos de livros e 264 trabalhos publicados em anais de congressos. Na forma\u00e7\u00e3o de novos profissionais e pesquisadores, j\u00e1 concluiu, como orientador ou coorientador, sete orienta\u00e7\u00f5es de doutorado, 23 de mestrado, 44 trabalhos de conclus\u00e3o de curso e 27 est\u00e1gios curriculares, al\u00e9m de 30 inicia\u00e7\u00f5es cient\u00edficas<span style=\"font-weight: 400\">, todas com bolsas financiadas por \u00f3rg\u00e3os de pesquisa.<\/span><\/p>\n<p>\u00a0<\/p>\n<p><span style=\"font-weight: 400\">Divis\u00e3o de Divulga\u00e7\u00e3o Institucional UFSM-PM, com informa\u00e7\u00f5es do Jornal do Com\u00e9rcio<\/span><\/p>\n\n\n\n<figure class=\"wp-block-gallery has-nested-images columns-default is-cropped wp-block-gallery-1 is-layout-flex wp-block-gallery-is-layout-flex\">\n<figure class=\"wp-block-image size-large\"><img decoding=\"async\" width=\"768\" height=\"1024\" data-id=\"10474\" src=\"https:\/\/www.ufsm.br\/app\/uploads\/sites\/378\/2026\/09\/WhatsApp-Image-2026-08-31-at-20.58.28-768x1024.jpeg\" alt=\"\" class=\"wp-image-10474\" srcset=\"https:\/\/www.ufsm.br\/app\/uploads\/sites\/378\/2026\/09\/WhatsApp-Image-2026-08-31-at-20.58.28-768x1024.jpeg 768w, https:\/\/www.ufsm.br\/app\/uploads\/sites\/378\/2026\/09\/WhatsApp-Image-2026-08-31-at-20.58.28-225x300.jpeg 225w, https:\/\/www.ufsm.br\/app\/uploads\/sites\/378\/2026\/09\/WhatsApp-Image-2026-08-31-at-20.58.28.jpeg 960w\" sizes=\"(max-width: 768px) 100vw, 768px\" \/><figcaption class=\"wp-element-caption\">Pr\u00eamio O Futuro da Terra entregue ao homenageado<\/figcaption><\/figure>\n\n\n\n<figure class=\"wp-block-image size-large\"><img decoding=\"async\" width=\"768\" height=\"1024\" data-id=\"10475\" src=\"https:\/\/www.ufsm.br\/app\/uploads\/sites\/378\/2026\/09\/WhatsApp-Image-2026-08-31-at-19.28.31-768x1024.jpeg\" alt=\"\" class=\"wp-image-10475\" srcset=\"https:\/\/www.ufsm.br\/app\/uploads\/sites\/378\/2026\/09\/WhatsApp-Image-2026-08-31-at-19.28.31-768x1024.jpeg 768w, https:\/\/www.ufsm.br\/app\/uploads\/sites\/378\/2026\/09\/WhatsApp-Image-2026-08-31-at-19.28.31-225x300.jpeg 225w, https:\/\/www.ufsm.br\/app\/uploads\/sites\/378\/2026\/09\/WhatsApp-Image-2026-08-31-at-19.28.31.jpeg 960w\" sizes=\"(max-width: 768px) 100vw, 768px\" \/><figcaption class=\"wp-element-caption\">Adriano Lago, Diretor da UFSM-PM, ao lado de Ricardo Zambarda Vaz<\/figcaption><\/figure>\n<\/figure>\n\n\n\n<figure class=\"wp-block-gallery has-nested-images columns-default is-cropped wp-block-gallery-2 is-layout-flex wp-block-gallery-is-layout-flex\">\n<figure class=\"wp-block-image size-large\"><img loading=\"lazy\" decoding=\"async\" width=\"1024\" height=\"768\" data-id=\"10476\" src=\"https:\/\/www.ufsm.br\/app\/uploads\/sites\/378\/2026\/09\/WhatsApp-Image-2026-08-31-at-19.28.33-1024x768.jpeg\" alt=\"\" class=\"wp-image-10476\" srcset=\"https:\/\/www.ufsm.br\/app\/uploads\/sites\/378\/2026\/09\/WhatsApp-Image-2026-08-31-at-19.28.33-1024x768.jpeg 1024w, https:\/\/www.ufsm.br\/app\/uploads\/sites\/378\/2026\/09\/WhatsApp-Image-2026-08-31-at-19.28.33-300x225.jpeg 300w, https:\/\/www.ufsm.br\/app\/uploads\/sites\/378\/2026\/09\/WhatsApp-Image-2026-08-31-at-19.28.33-768x576.jpeg 768w, https:\/\/www.ufsm.br\/app\/uploads\/sites\/378\/2026\/09\/WhatsApp-Image-2026-08-31-at-19.28.33.jpeg 1280w\" sizes=\"(max-width: 1024px) 100vw, 1024px\" \/><figcaption class=\"wp-element-caption\">Professores da UFSM agraciados com o Pr\u00eamio: Renato Zanella, Ricardo Zambarda Vaz, Tatiana Emanuelli e Ant\u00f4nio Luis Santi<\/figcaption><\/figure>\n\n\n\n<figure class=\"wp-block-image size-large\"><img loading=\"lazy\" decoding=\"async\" width=\"1024\" height=\"768\" data-id=\"10477\" src=\"https:\/\/www.ufsm.br\/app\/uploads\/sites\/378\/2026\/09\/WhatsApp-Image-2026-08-31-at-20.55.27-1-1024x768.jpeg\" alt=\"\" class=\"wp-image-10477\" srcset=\"https:\/\/www.ufsm.br\/app\/uploads\/sites\/378\/2026\/09\/WhatsApp-Image-2026-08-31-at-20.55.27-1-1024x768.jpeg 1024w, https:\/\/www.ufsm.br\/app\/uploads\/sites\/378\/2026\/09\/WhatsApp-Image-2026-08-31-at-20.55.27-1-300x225.jpeg 300w, https:\/\/www.ufsm.br\/app\/uploads\/sites\/378\/2026\/09\/WhatsApp-Image-2026-08-31-at-20.55.27-1-768x576.jpeg 768w, https:\/\/www.ufsm.br\/app\/uploads\/sites\/378\/2026\/09\/WhatsApp-Image-2026-08-31-at-20.55.27-1.jpeg 1280w\" sizes=\"(max-width: 1024px) 100vw, 1024px\" \/><figcaption class=\"wp-element-caption\"><strong>Premiados da noite<\/strong> durante a cerim\u00f4nia<\/figcaption><\/figure>\n<\/figure>\n\n\n\n<figure class=\"wp-block-embed is-type-rich is-provider-spotify wp-block-embed-spotify wp-embed-aspect-21-9 wp-has-aspect-ratio\"><div class=\"wp-block-embed__wrapper\">\n<iframe title=\"Spotify Embed: Prof. Ricardo Zambarda Vaz recebe pr\u00eamio O Futuro da Terra por contribui\u00e7\u00e3o ao agroneg\u00f3cio ga\u00facho\" style=\"border-radius: 12px\" width=\"100%\" height=\"152\" frameborder=\"0\" allowfullscreen allow=\"autoplay; clipboard-write; encrypted-media; fullscreen; picture-in-picture\" loading=\"lazy\" src=\"https:\/\/open.spotify.com\/embed\/episode\/2Q5rbXR0KmAvpUJtH3q2em?si=XvvezCVHSEGfYMNchreTLA&amp;utm_source=oembed\"><\/iframe>\n<\/div><\/figure>\n","protected":false},"excerpt":{"rendered":"<p>Ricardo Zambarda Vaz recebeu a premia\u00e7\u00e3o durante a Expointer 2026, em cerim\u00f4nia realizada no audit\u00f3rio da Farsul, no Parque de Exposi\u00e7\u00f5es Assis Brasil, em Esteio. Na noite desta segunda-feira (31), o professor da Universidade Federal de Santa Maria &#8211; Campus Palmeira das Miss\u00f5es (UFSM-PM), Ricardo Zambarda Vaz, foi agraciado com o Pr\u00eamio O Futuro da [&hellip;]<\/p>\n","protected":false},"author":9627,"featured_media":10478,"comment_status":"closed","ping_status":"closed","sticky":false,"template":"","format":"standard","meta":{"footnotes":""},"categories":[1],"tags":[],"class_list":["post-10473","post","type-post","status-publish","format-standard","has-post-thumbnail","hentry","category-noticias"],"acf":[],"_links":{"self":[{"href":"https:\/\/www.ufsm.br\/unidades-universitarias\/palmeira-das-missoes\/wp-json\/wp\/v2\/posts\/10473","targetHints":{"allow":["GET"]}}],"collection":[{"href":"https:\/\/www.ufsm.br\/unidades-universitarias\/palmeira-das-missoes\/wp-json\/wp\/v2\/posts"}],"about":[{"href":"https:\/\/www.ufsm.br\/unidades-universitarias\/palmeira-das-missoes\/wp-json\/wp\/v2\/types\/post"}],"author":[{"embeddable":true,"href":"https:\/\/www.ufsm.br\/unidades-universitarias\/palmeira-das-missoes\/wp-json\/wp\/v2\/users\/9627"}],"replies":[{"embeddable":true,"href":"https:\/\/www.ufsm.br\/unidades-universitarias\/palmeira-das-missoes\/wp-json\/wp\/v2\/comments?post=10473"}],"version-history":[{"count":0,"href":"https:\/\/www.ufsm.br\/unidades-universitarias\/palmeira-das-missoes\/wp-json\/wp\/v2\/posts\/10473\/revisions"}],"wp:featuredmedia":[{"embeddable":true,"href":"https:\/\/www.ufsm.br\/unidades-universitarias\/palmeira-das-missoes\/wp-json\/wp\/v2\/media\/10478"}],"wp:attachment":[{"href":"https:\/\/www.ufsm.br\/unidades-universitarias\/palmeira-das-missoes\/wp-json\/wp\/v2\/media?parent=10473"}],"wp:term":[{"taxonomy":"category","embeddable":true,"href":"https:\/\/www.ufsm.br\/unidades-universitarias\/palmeira-das-missoes\/wp-json\/wp\/v2\/categories?post=10473"},{"taxonomy":"post_tag","embeddable":true,"href":"https:\/\/www.ufsm.br\/unidades-universitarias\/palmeira-das-missoes\/wp-json\/wp\/v2\/tags?post=10473"}],"curies":[{"name":"wp","href":"https:\/\/api.w.org\/{rel}","templated":true}]}}